{"id":1525,"date":"2013-03-02T09:40:19","date_gmt":"2013-03-02T08:40:19","guid":{"rendered":"http:\/\/www.strickforum.de\/blog\/?p=1525"},"modified":"2013-03-02T09:40:19","modified_gmt":"2013-03-02T08:40:19","slug":"strick-unlust","status":"publish","type":"post","link":"https:\/\/www.strickforum.de\/blog\/strick-unlust\/","title":{"rendered":"Strick-Unlust"},"content":{"rendered":"<p>Derzeit fehlt mir ein wenig die Lust zum Stricken. Vielleicht habe ich in den ersten Wochen des Jahres zuviel und zu schnell gestrickt und brauche nun eine kleine Pause. Auch zum Weiterarbeiten an meinen diversen angefangenen Projekten kann ich mich nicht aufraffen.<\/p>\n<p>Lediglich an meinem augenblicklichen Mitnahmeprojekt <a href=\"http:\/\/www.ravelry.com\/patterns\/library\/strandwanderer\">&#8220;Strandwanderer&#8221;<\/a> stricke ich t\u00e4glich ein paar Reihen. Die sind aber teilweise so kurz (drei Maschen), dass man kaum einen Fortschritt erkennen kann:<\/p>\n<p><img data-recalc-dims=\"1\" decoding=\"async\" src=\"https:\/\/i0.wp.com\/www.strickforum.de\/images\/blog\/13_03\/strandw7-450.jpg?w=840\" alt=\"Strandwanderer\" \/><\/p>\n<p>Das Garn ist Wollmeise 100% Merino in Farbe &#8220;Iris Sibirica&#8221;. Es liegt seit fast drei Jahren in meinem Vorrat, und ich will es endlich weg haben. Ich fand die Farben seinerzeit toll, aber sie sind auch sehr intensiv, deshalb ist es schwierig, daf\u00fcr ein geeignetes Projekt zu finden. Im &#8220;Strandwanderer&#8221; ergibt das Garn dann hoffentlich einen ertr\u00e4glichen Anblick.<\/p>\n","protected":false},"excerpt":{"rendered":"<p>Derzeit fehlt mir ein wenig die Lust zum Stricken. Vielleicht habe ich in den ersten Wochen des Jahres zuviel und zu schnell gestrickt und brauche nun eine kleine Pause. Auch zum Weiterarbeiten an meinen diversen angefangenen Projekten kann ich mich nicht aufraffen. Lediglich an meinem augenblicklichen Mitnahmeprojekt &#8220;Strandwanderer&#8221; stricke ich t\u00e4glich ein paar Reihen. Die &hellip; <a href=\"https:\/\/www.strickforum.de\/blog\/strick-unlust\/\" class=\"more-link\"><span class=\"screen-reader-text\">\u201eStrick-Unlust\u201c <\/span>weiterlesen<\/a><\/p>\n","protected":false},"author":3,"featured_media":0,"comment_status":"open","ping_status":"open","sticky":false,"template":"","format":"standard","meta":{"_seopress_robots_primary_cat":"","_seopress_titles_title":"","_seopress_titles_desc":"","_seopress_robots_index":"","_crdt_document":"","jetpack_post_was_ever_published":false,"_jetpack_newsletter_access":"","_jetpack_dont_email_post_to_subs":false,"_jetpack_newsletter_tier_id":0,"_jetpack_memberships_contains_paywalled_content":false,"_jetpack_memberships_contains_paid_content":false,"footnotes":"","jetpack_publicize_message":"","jetpack_publicize_feature_enabled":true,"jetpack_social_post_already_shared":false,"jetpack_social_options":{"image_generator_settings":{"template":"highway","default_image_id":0,"font":"","enabled":false},"version":2}},"categories":[6],"tags":[],"class_list":["post-1525","post","type-post","status-publish","format-standard","hentry","category-6"],"jetpack_publicize_connections":[],"jetpack_featured_media_url":"","jetpack_sharing_enabled":true,"jetpack_shortlink":"https:\/\/wp.me\/p7JbSI-oB","jetpack-related-posts":[{"id":1539,"url":"https:\/\/www.strickforum.de\/blog\/endlich\/","url_meta":{"origin":1525,"position":0},"title":"Endlich!","author":"Admin","date":"1. April 2013","format":false,"excerpt":"Es ist geschafft, der \u201cStrandwanderer\u201d ist fertig, und ein ungeliebter Strang Wollmeise ist verarbeitet. Ich habe insgesamt 18 Querstreifen gestrickt, wie in der Anleitung angegeben. Zwar hatte ich in den letzten Reihen Angst, dass das Garn nicht reichen w\u00fcrde, aber ich hab's einfach riskiert, und zu guter Letzt waren sogar\u2026","rel":"","context":"In &quot;Stricken&quot;","block_context":{"text":"Stricken","link":"https:\/\/www.strickforum.de\/blog\/category\/3\/"},"img":{"alt_text":"","src":"","width":0,"height":0},"classes":[]},{"id":1531,"url":"https:\/\/www.strickforum.de\/blog\/langsame-wanderung\/","url_meta":{"origin":1525,"position":1},"title":"Langsame Wanderung","author":"Admin","date":"24. M\u00e4rz 2013","format":false,"excerpt":"Seit mehr als f\u00fcnf Wochen stricke ich am \u201cStrandwanderer\u201d. Es zieht sich hin, obwohl ich schon mit allerlei Tricks arbeite. Beispielsweise wende ich bei den Querstreifen nicht nach jeweils drei Maschen, sondern ich stricke linke Maschen r\u00fcckw\u00e4rts. Das war zuerst etwas m\u00fchsam, aber nach kurzer Zeit hatte ich eine Methode\u2026","rel":"","context":"In &quot;Stricken&quot;","block_context":{"text":"Stricken","link":"https:\/\/www.strickforum.de\/blog\/category\/3\/"},"img":{"alt_text":"","src":"","width":0,"height":0},"classes":[]},{"id":1701,"url":"https:\/\/www.strickforum.de\/blog\/ein-gutes-neues-jahr-und-ebensolche-vorsatze\/","url_meta":{"origin":1525,"position":2},"title":"Ein gutes neues Jahr und ebensolche Vors\u00e4tze","author":"Admin","date":"1. Januar 2014","format":false,"excerpt":"Allen meinen Lesern und ihren Familien w\u00fcnsche ich ein Jahr voller Gesundheit, mit vielen H\u00f6he- und wenigen Tiefpunkten (die braucht man gelegentlich, damit man die H\u00f6hepunkte besser w\u00fcrdigen kann), mit sch\u00f6nen Garnen, gen\u00fcgend Strickzeit, wenig Geribbel und vielen erfolgreich beendeten Strickprojekten. Womit wir bei den Vors\u00e4tzen w\u00e4ren. Vergangenes Jahr um\u2026","rel":"","context":"In &quot;Allgemeines&quot;","block_context":{"text":"Allgemeines","link":"https:\/\/www.strickforum.de\/blog\/category\/1\/"},"img":{"alt_text":"","src":"","width":0,"height":0},"classes":[]},{"id":129,"url":"https:\/\/www.strickforum.de\/blog\/finitose\/","url_meta":{"origin":1525,"position":3},"title":"Finitose?","author":"Admin","date":"16. M\u00e4rz 2006","format":false,"excerpt":"Ich wei\u00df nicht, ob das der korrekte Ausdruck f\u00fcr das Gegenteil von \u201cStartitis\u201d ist, die von verschiedenen Strickbloggerinnen ja immer wieder erw\u00e4hnt wird. Tatsache ist aber, da\u00df es mir zur Zeit wesentlich mehr Spa\u00df macht, angefangene Projekte zu beenden, als neue anzufangen. Vermutlich weil man dabei nicht so viele Entscheidungen\u2026","rel":"","context":"In &quot;Stricken&quot;","block_context":{"text":"Stricken","link":"https:\/\/www.strickforum.de\/blog\/category\/3\/"},"img":{"alt_text":"","src":"","width":0,"height":0},"classes":[]},{"id":931,"url":"https:\/\/www.strickforum.de\/blog\/die-verstrickte-dienstagsfrage-152010\/","url_meta":{"origin":1525,"position":4},"title":"Die verstrickte Dienstagsfrage 15\/2010","author":"Admin","date":"13. April 2010","format":false,"excerpt":"Das Wollschaf hat diesmal eine Frage von mir: Welches ist das \u00e4lteste Garn, das Ihr unverstrickt zuhause liegen habt? M\u00f6gt Ihr es mal zeigen? Wisst Ihr noch, wann, wo und f\u00fcr welches Projekt Ihr es mal gekauft habt? H\u00fcstel. Soweit ich es ermitteln kann, ist das \u00e4lteste Garn meines Vorrats\u2026","rel":"","context":"In &quot;Stricken&quot;","block_context":{"text":"Stricken","link":"https:\/\/www.strickforum.de\/blog\/category\/3\/"},"img":{"alt_text":"Angora Princess, zwanzig Jahre alt","src":"https:\/\/i0.wp.com\/www.strickforum.de\/blog\/media\/1\/20100413-angora_antik.jpg?resize=350%2C200","width":350,"height":200},"classes":[]},{"id":1022,"url":"https:\/\/www.strickforum.de\/blog\/die-verstrickte-dienstagsfrage-382010\/","url_meta":{"origin":1525,"position":5},"title":"Die verstrickte Dienstagsfrage 38\/2010","author":"Admin","date":"21. September 2010","format":false,"excerpt":"Das Wollschaf fragt heute: Ist es euch schon einmal passiert, dass ihr euch voller Begeisterung an ein neues Teil gemacht habt, das ihr unbedingt haben wollt, und euch nach einem Drittel die Lust verlassen hat? Endet es zwangsl\u00e4ufig als Ufo, obwohl ihr es immer noch wollt? Oder beisst ihr euch\u2026","rel":"","context":"In &quot;Stricken&quot;","block_context":{"text":"Stricken","link":"https:\/\/www.strickforum.de\/blog\/category\/3\/"},"img":{"alt_text":"","src":"","width":0,"height":0},"classes":[]}],"_links":{"self":[{"href":"https:\/\/www.strickforum.de\/blog\/wp-json\/wp\/v2\/posts\/1525","targetHints":{"allow":["GET"]}}],"collection":[{"href":"https:\/\/www.strickforum.de\/blog\/wp-json\/wp\/v2\/posts"}],"about":[{"href":"https:\/\/www.strickforum.de\/blog\/wp-json\/wp\/v2\/types\/post"}],"author":[{"embeddable":true,"href":"https:\/\/www.strickforum.de\/blog\/wp-json\/wp\/v2\/users\/3"}],"replies":[{"embeddable":true,"href":"https:\/\/www.strickforum.de\/blog\/wp-json\/wp\/v2\/comments?post=1525"}],"version-history":[{"count":0,"href":"https:\/\/www.strickforum.de\/blog\/wp-json\/wp\/v2\/posts\/1525\/revisions"}],"wp:attachment":[{"href":"https:\/\/www.strickforum.de\/blog\/wp-json\/wp\/v2\/media?parent=1525"}],"wp:term":[{"taxonomy":"category","embeddable":true,"href":"https:\/\/www.strickforum.de\/blog\/wp-json\/wp\/v2\/categories?post=1525"},{"taxonomy":"post_tag","embeddable":true,"href":"https:\/\/www.strickforum.de\/blog\/wp-json\/wp\/v2\/tags?post=1525"}],"curies":[{"name":"wp","href":"https:\/\/api.w.org\/{rel}","templated":true}]}}