{"id":1526,"date":"2013-03-05T07:16:03","date_gmt":"2013-03-05T06:16:03","guid":{"rendered":"http:\/\/www.strickforum.de\/blog\/?p=1526"},"modified":"2013-03-05T07:16:03","modified_gmt":"2013-03-05T06:16:03","slug":"die-verstrickte-dienstagsfrage-102013","status":"publish","type":"post","link":"https:\/\/www.strickforum.de\/blog\/die-verstrickte-dienstagsfrage-102013\/","title":{"rendered":"Die verstrickte Dienstagsfrage 10\/2013"},"content":{"rendered":"<p><b>Diese Woche stellt <a href=\"http:\/\/daswollschaf.wordpress.com\/2013\/03\/05\/die-verstrickte-dienstagsfrage-102013\/#comments\">das Wollschaf<\/a> eine Frage aus dem Archiv vom 03.05.2005:<br \/>\nNehmen wir an: Du bist in einer dir fremden Stadt, in der du dich nicht auskennst, zu Besuch oder im Urlaub. Und du hast leider dein Strickzeug daheim vergessen. Was tust du?<\/b><\/p>\n<p>Es ist h\u00f6chst unwahrscheinlich, dass mir so etwas passiert. (Das letzte Mal war&#8217;s im M\u00e4rz 1985 im Ski-Urlaub in den Dolomiten, da gab es zum Gl\u00fcck ein Wollgesch\u00e4ft vor Ort, und der aus dem Kauf resultierende Pullover, ein Eigenentwurf ohne jegliche Anleitung, ist dann sogar gut gelungen.)<br \/>\nFalls es doch passieren sollte, z.B. verursacht durch \u00fcberst\u00fcrzten Aufbruch, traue ich mir zu, ein Wollgesch\u00e4ft ausfindig zu machen.<\/p>\n","protected":false},"excerpt":{"rendered":"<p>Diese Woche stellt das Wollschaf eine Frage aus dem Archiv vom 03.05.2005: Nehmen wir an: Du bist in einer dir fremden Stadt, in der du dich nicht auskennst, zu Besuch oder im Urlaub. Und du hast leider dein Strickzeug daheim vergessen. Was tust du? Es ist h\u00f6chst unwahrscheinlich, dass mir so etwas passiert. (Das letzte &hellip; <a href=\"https:\/\/www.strickforum.de\/blog\/die-verstrickte-dienstagsfrage-102013\/\" class=\"more-link\"><span class=\"screen-reader-text\">\u201eDie verstrickte Dienstagsfrage 10\/2013\u201c <\/span>weiterlesen<\/a><\/p>\n","protected":false},"author":3,"featured_media":0,"comment_status":"open","ping_status":"open","sticky":false,"template":"","format":"standard","meta":{"_seopress_robots_primary_cat":"","_seopress_titles_title":"","_seopress_titles_desc":"","_seopress_robots_index":"","_crdt_document":"","jetpack_post_was_ever_published":false,"_jetpack_newsletter_access":"","_jetpack_dont_email_post_to_subs":false,"_jetpack_newsletter_tier_id":0,"_jetpack_memberships_contains_paywalled_content":false,"_jetpack_memberships_contains_paid_content":false,"footnotes":"","jetpack_publicize_message":"","jetpack_publicize_feature_enabled":true,"jetpack_social_post_already_shared":false,"jetpack_social_options":{"image_generator_settings":{"template":"highway","default_image_id":0,"font":"","enabled":false},"version":2}},"categories":[6],"tags":[],"class_list":["post-1526","post","type-post","status-publish","format-standard","hentry","category-6"],"jetpack_publicize_connections":[],"jetpack_featured_media_url":"","jetpack_sharing_enabled":true,"jetpack_shortlink":"https:\/\/wp.me\/p7JbSI-oC","jetpack-related-posts":[{"id":1557,"url":"https:\/\/www.strickforum.de\/blog\/die-verstrickte-dienstagsfrage-192013\/","url_meta":{"origin":1526,"position":0},"title":"Die verstrickte Dienstagsfrage 19\/2013","author":"Admin","date":"7. Mai 2013","format":false,"excerpt":"Diese Woche stellt das Wollschaf eine Frage aus dem Archiv vom 15.05.2007: Nicht jede Wolle, die sich sch\u00f6n verstrickt, eignet sich auch gut zum Vern\u00e4hen. Wie l\u00f6st Ihr das Problem? Das Wollschaf bedankt sich bei Ute! Ja, mit so manchem Effektgarn oder auch mit empfindlicher Angorawolle kann man keine ordentliche\u2026","rel":"","context":"In &quot;Stricken&quot;","block_context":{"text":"Stricken","link":"https:\/\/www.strickforum.de\/blog\/category\/3\/"},"img":{"alt_text":"","src":"","width":0,"height":0},"classes":[]},{"id":501,"url":"https:\/\/www.strickforum.de\/blog\/die-verstrickte-dienstagsfrage-the-wool-sheeps-question-362008\/","url_meta":{"origin":1526,"position":1},"title":"Die verstrickte Dienstagsfrage &#8211; the Wool Sheep&#8217;s question 36\/2008","author":"Admin","date":"3. September 2008","format":false,"excerpt":"Das leicht versp\u00e4tete Wollschaf fragt: Bringt ihr eher mehr unverstrickte Wolle aus dem Urlaub heim als ihr mitgenommen habt, oder weniger? Herzlichen Dank an Christiane f\u00fcr die heutige Frage! Ich habe betr\u00e4chtliche Garnvorr\u00e4te zuhause, komme im Urlaub nur selten in die N\u00e4he von Wollgesch\u00e4ften und habe kaum je das Bed\u00fcrfnis,\u2026","rel":"","context":"In &quot;Stricken&quot;","block_context":{"text":"Stricken","link":"https:\/\/www.strickforum.de\/blog\/category\/3\/"},"img":{"alt_text":"","src":"","width":0,"height":0},"classes":[]},{"id":1098,"url":"https:\/\/www.strickforum.de\/blog\/die-verstrickte-dienstagsfrage-12011\/","url_meta":{"origin":1526,"position":2},"title":"Die verstrickte Dienstagsfrage 1\/2011","author":"Admin","date":"4. Januar 2011","format":false,"excerpt":"Das Wollschaf will diesmal wissen: Wie lange braucht ihr im Wollgesch\u00e4ft, um ein Garn f\u00fcr ein Projekt auszusuchen? Nehmt ihr dann noch \u201cKollateraleink\u00e4ufe\u201d mit, also Garne, die nebenbei mit in die Tasche springen? Wie lange haltet ihr euch in Online-Shops auf, ebenfalls, um nach geeignetem Garn f\u00fcr ein Projekt zu\u2026","rel":"","context":"In &quot;Stricken&quot;","block_context":{"text":"Stricken","link":"https:\/\/www.strickforum.de\/blog\/category\/3\/"},"img":{"alt_text":"","src":"","width":0,"height":0},"classes":[]},{"id":1668,"url":"https:\/\/www.strickforum.de\/blog\/die-verstrickte-dienstagsfrage-462013\/","url_meta":{"origin":1526,"position":3},"title":"Die verstrickte Dienstagsfrage 46\/2013","author":"Admin","date":"12. November 2013","format":false,"excerpt":"Diese Woche stellt das Wollschaf eine Frage aus dem Archiv vom 15.11.2005: Hast Du f\u00fcr Dich die ultimative Socke gefunden? Und strickst Du sie immer nach dem Schema F? Das hei\u00dft \u2013 nach welcher Tabelle, mit welcher Ferse, mit welcher Spitze? Immer das gleiche oder variierst Du? Ich stricke Socken\u2026","rel":"","context":"In &quot;Stricken&quot;","block_context":{"text":"Stricken","link":"https:\/\/www.strickforum.de\/blog\/category\/3\/"},"img":{"alt_text":"","src":"","width":0,"height":0},"classes":[]},{"id":1198,"url":"https:\/\/www.strickforum.de\/blog\/die-verstrickte-dienstagsfrage-262011\/","url_meta":{"origin":1526,"position":4},"title":"Die verstrickte Dienstagsfrage 26\/2011","author":"Admin","date":"28. Juni 2011","format":false,"excerpt":"Diese Woche fragt das Wollschaf: Angenommen, Ihr k\u00f6nntet ein Jahr mit euren Liebsten in eine sch\u00f6ne aber abgeschiedene Gegend. Ihr werdet rundum versorgt, aber es gibt kein Internet und keine Wollgesch\u00e4fte. Welches Garn, welche Strick-B\u00fccher bzw. welche Anleitungen w\u00fcrdet ihr f\u00fcr dieses Jahr mitnehmen? Vielen Dank an Reni f\u00fcr die\u2026","rel":"","context":"In &quot;Stricken&quot;","block_context":{"text":"Stricken","link":"https:\/\/www.strickforum.de\/blog\/category\/3\/"},"img":{"alt_text":"","src":"","width":0,"height":0},"classes":[]},{"id":1551,"url":"https:\/\/www.strickforum.de\/blog\/die-verstrickte-dienstagsfrage-172013\/","url_meta":{"origin":1526,"position":5},"title":"Die verstrickte Dienstagsfrage 17\/2013","author":"Admin","date":"23. April 2013","format":false,"excerpt":"Diese Woche stellt das Wollschaf eine Frage aus dem Archiv vom 24.04.2007: Wie ausf\u00fchrlich wollt Ihr \u00fcber den Fortschritt eines bestimmten Strickprojektes in den Blogs lesen? Welche Projekte und Details interessieren Euch dabei am meisten? Das Wollschaf bedankt sich bei Arlene! Wie schon von anderen geschrieben, finde ich \u00f6de Fortschrittsmeldungen\u2026","rel":"","context":"In &quot;Stricken&quot;","block_context":{"text":"Stricken","link":"https:\/\/www.strickforum.de\/blog\/category\/3\/"},"img":{"alt_text":"","src":"","width":0,"height":0},"classes":[]}],"_links":{"self":[{"href":"https:\/\/www.strickforum.de\/blog\/wp-json\/wp\/v2\/posts\/1526","targetHints":{"allow":["GET"]}}],"collection":[{"href":"https:\/\/www.strickforum.de\/blog\/wp-json\/wp\/v2\/posts"}],"about":[{"href":"https:\/\/www.strickforum.de\/blog\/wp-json\/wp\/v2\/types\/post"}],"author":[{"embeddable":true,"href":"https:\/\/www.strickforum.de\/blog\/wp-json\/wp\/v2\/users\/3"}],"replies":[{"embeddable":true,"href":"https:\/\/www.strickforum.de\/blog\/wp-json\/wp\/v2\/comments?post=1526"}],"version-history":[{"count":0,"href":"https:\/\/www.strickforum.de\/blog\/wp-json\/wp\/v2\/posts\/1526\/revisions"}],"wp:attachment":[{"href":"https:\/\/www.strickforum.de\/blog\/wp-json\/wp\/v2\/media?parent=1526"}],"wp:term":[{"taxonomy":"category","embeddable":true,"href":"https:\/\/www.strickforum.de\/blog\/wp-json\/wp\/v2\/categories?post=1526"},{"taxonomy":"post_tag","embeddable":true,"href":"https:\/\/www.strickforum.de\/blog\/wp-json\/wp\/v2\/tags?post=1526"}],"curies":[{"name":"wp","href":"https:\/\/api.w.org\/{rel}","templated":true}]}}