{"id":1533,"date":"2013-03-26T09:01:18","date_gmt":"2013-03-26T08:01:18","guid":{"rendered":"http:\/\/www.strickforum.de\/blog\/?p=1533"},"modified":"2013-03-26T09:01:18","modified_gmt":"2013-03-26T08:01:18","slug":"die-verstrickte-dienstagsfrage-132013","status":"publish","type":"post","link":"https:\/\/www.strickforum.de\/blog\/die-verstrickte-dienstagsfrage-132013\/","title":{"rendered":"Die verstrickte Dienstagsfrage 13\/2013"},"content":{"rendered":"<p><b>Diese Woche fragt <a href=\"http:\/\/daswollschaf.wordpress.com\/2013\/03\/26\/die-verstrickte-dienstagsfrage-132013\/#comments\">das Wollschaf<\/a>:<br \/>\nIch bin begeistert und erstaunt, wieviel tolle Sachen in sehr kurzer Zeit gestrickt werden. Meine Frage: Wird das alles von Hand gestrickt oder strickt die eine oder andere auch mit der Maschine? Woher bekommt man gute Anleitungen f\u00fcr das Maschine stricken? Was sind die Vor- und Nachteile von den beiden Arten zu stricken? Oder strickt eine Handstrickerin lieber nicht mit der Maschine? Auf eure Antworten freue ich mich!<br \/>\nVielen Dank an Anja f\u00fcr die heutige Frage!<br \/>\nDas Wollschaf w\u00fcnscht allen ein frohes Osterfest!<\/b><\/p>\n<p>Mir ist nicht ganz klar, worauf diese Dienstagsfrage abzielt. W\u00fcnscht die Fragestellerin detaillierte und fachkundige Informationen \u00fcber das Stricken mit Maschine? Da w\u00fcrde ich nat\u00fcrlich sofort das <a href=\"http:\/\/www.strickforum.de\/forum\">Strickforum<\/a> empfehlen. \ud83d\ude42<\/p>\n<p><b>Wird das alles von Hand gestrickt oder strickt die eine oder andere auch mit der Maschine? <\/b><br \/>\nIch kann nat\u00fcrlich nur f\u00fcr mich antworten. Ich stricke sowohl mit der Hand als auch mit Maschine. Und ich bin in beiden Disziplinen eher langsam.<\/p>\n<p><b>Woher bekommt man gute Anleitungen f\u00fcr das Maschine stricken? <\/b><br \/>\nHeutzutage praktisch nirgends. Man macht sich die Anleitungen deshalb selbst. Planen und Berechnen machen nach meiner Erfahrung etwa 70 % des Maschinestrickens aus. Wer meint, Maschinestricken beschr\u00e4nke sich nur auf das Hin- und Herschieben des Schlittens und sei deshalb langweilig, unterliegt einem fundamentalen Irrtum. <\/p>\n<p><b>Was sind die Vor- und Nachteile von den beiden Arten zu stricken? <\/b><br \/>\nMit der Maschine kann man glatt-rechts-Gestrick und alles, was darauf basiert (z.B. Norwegermuster) wesentlich einfacher und schneller stricken als von Hand. Mit Doppelbetterg\u00e4nzung sind auch Rippenmuster und z.B. Patent flott gestrickt. Vor allem bei d\u00fcnnem Garn ist das eine enorme Arbeitserleichterung. Es gibt Maschinenmuster, die man nicht oder nur mit gro\u00dfem Aufwand von Hand stricken kann und umgekehrt auch Handstrickmuster, die sich nicht auf die Maschine \u00fcbertragen lassen. Eine Maschine strickt nicht gemustert in Runden. Man tut gut daran, flach zu stricken und dann die Teile zusammenzun\u00e4hen. Ich sehe schon die Panik in den Augen einiger Handstrickerinnen, kann Euch aber versichern, dass das Zusammenn\u00e4hen von maschinegestrickten Teilen nicht ann\u00e4hernd so m\u00fchsam ist wie das Zusammenn\u00e4hen Eurer handgestrickten Teile mit den geschlamperten Randmaschen. Strickmaschinen produzieren n\u00e4mlich wundersch\u00f6ne Randmaschen, die man kinderleicht im Matratzenstich zusammenf\u00fcgen kann.<br \/>\nMaschinen sind allerdings w\u00e4hlerisch, was das Garn betrifft, d.h. f\u00fcr d\u00fcnnes, mittelstarkes und dickes Garn ben\u00f6tigt man eigentlich drei verschiedene Maschinen. Eine einzige, mit der man von Nadelst\u00e4rke 2 bis Nadelst\u00e4rke 8 alles stricken kann, gibt es nicht.<\/p>\n<p><b>Oder strickt eine Handstrickerin lieber nicht mit der Maschine?<\/b><br \/>\nDas h\u00e4ngt von der Pers\u00f6nlichkeit der Strickerin ab, w\u00fcrde ich mal sagen. Ich war fr\u00fcher eine leidenschaftliche Handstrickerin und hatte dann ebenso gro\u00dfen Spa\u00df am Maschinestricken. Allerdings hatte ich auch eine ausgezeichnete Lehrerin, die mir vieles beibrachte, das nicht in den Anleitungsb\u00fcchern steht. Manchen Menschen liegt es, mit Maschine zu stricken, andere lernen es nie. Wer keine Lust oder kein Talent zum Planen und selbst\u00e4ndigen Berechnen hat, wird wenig Freude an einer Strickmaschine haben, denn fertige Anleitungen f\u00fcr Stricksachen gibt es kaum. Wer zu faul oder zu unkonzentriert ist, die Bedienungsanleitung genau zu lesen und zu befolgen, sollte ebenfalls die Finger von einer Maschine lassen. Wer ungeduldig ist und sofort sicht- und tragbare Erfolge will, muss Geduld und mehrere Wochen bis Monate an Einarbeitungszeit aufbringen, denn den Umgang mit einer Maschine lernt man nicht in f\u00fcnf Minuten. Maschinestricken wird gern gern mit Autofahren verglichen; man braucht Zeit, \u00dcbung und Konzentration, bis man beides einigerma\u00dfen gut kann.<\/p>\n<p>Ich m\u00f6chte meine Maschinen jedenfalls nicht missen. Sie erweitern meine kreativen M\u00f6glichkeiten enorm.<\/p>\n","protected":false},"excerpt":{"rendered":"<p>Diese Woche fragt das Wollschaf: Ich bin begeistert und erstaunt, wieviel tolle Sachen in sehr kurzer Zeit gestrickt werden. Meine Frage: Wird das alles von Hand gestrickt oder strickt die eine oder andere auch mit der Maschine? Woher bekommt man gute Anleitungen f\u00fcr das Maschine stricken? Was sind die Vor- und Nachteile von den beiden &hellip; <a href=\"https:\/\/www.strickforum.de\/blog\/die-verstrickte-dienstagsfrage-132013\/\" class=\"more-link\"><span class=\"screen-reader-text\">\u201eDie verstrickte Dienstagsfrage 13\/2013\u201c <\/span>weiterlesen<\/a><\/p>\n","protected":false},"author":3,"featured_media":0,"comment_status":"open","ping_status":"open","sticky":false,"template":"","format":"standard","meta":{"_seopress_robots_primary_cat":"","_seopress_titles_title":"","_seopress_titles_desc":"","_seopress_robots_index":"","_crdt_document":"","jetpack_post_was_ever_published":false,"_jetpack_newsletter_access":"","_jetpack_dont_email_post_to_subs":false,"_jetpack_newsletter_tier_id":0,"_jetpack_memberships_contains_paywalled_content":false,"_jetpack_memberships_contains_paid_content":false,"footnotes":"","jetpack_publicize_message":"","jetpack_publicize_feature_enabled":true,"jetpack_social_post_already_shared":false,"jetpack_social_options":{"image_generator_settings":{"template":"highway","default_image_id":0,"font":"","enabled":false},"version":2}},"categories":[6],"tags":[],"class_list":["post-1533","post","type-post","status-publish","format-standard","hentry","category-6"],"jetpack_publicize_connections":[],"jetpack_featured_media_url":"","jetpack_sharing_enabled":true,"jetpack_shortlink":"https:\/\/wp.me\/p7JbSI-oJ","jetpack-related-posts":[{"id":1521,"url":"https:\/\/www.strickforum.de\/blog\/die-verstrickte-dienstagsfrage-82013\/","url_meta":{"origin":1533,"position":0},"title":"Die verstrickte Dienstagsfrage 8\/2013","author":"Admin","date":"19. Februar 2013","format":false,"excerpt":"Diese Woche fragt das Wollschaf: Irgendwann haben alle einmal das Stricken freiwillig oder durch einen Bildungsplan verordnet gelernt. Erinnert ihr euch noch, wie das war? Was machte euch die meisten Probleme? Wann fing es an, euch richtig zu packen? Vielen Dank an Michaela f\u00fcr die heutige Frage! Meine ersten Strickversuche\u2026","rel":"","context":"In &quot;Stricken&quot;","block_context":{"text":"Stricken","link":"https:\/\/www.strickforum.de\/blog\/category\/3\/"},"img":{"alt_text":"","src":"","width":0,"height":0},"classes":[]},{"id":1080,"url":"https:\/\/www.strickforum.de\/blog\/die-verstrickte-dienstagsfrage-512010\/","url_meta":{"origin":1533,"position":1},"title":"Die verstrickte Dienstagsfrage 51\/2010","author":"Admin","date":"21. Dezember 2010","format":false,"excerpt":"Das Wollschaf fragt heute: Wo und wann strickt ihr? Begleitet euch das Strickzeug ueberall hin? Strickt ihr schon morgens auf dem Weg zur Arbeit, oder nur abends, z.B. zuhause auf dem Sofa vor dem Fernseher? Habt ihr spezielle Projekte fuer die verschiedenen \u201cStrickzeiten\u201d und \u201cStrickplaetze\u201d? Vielen Dank an Connie f\u00fcr\u2026","rel":"","context":"In &quot;Stricken&quot;","block_context":{"text":"Stricken","link":"https:\/\/www.strickforum.de\/blog\/category\/3\/"},"img":{"alt_text":"","src":"","width":0,"height":0},"classes":[]},{"id":934,"url":"https:\/\/www.strickforum.de\/blog\/die-verstrickte-dienstagsfrage-162010\/","url_meta":{"origin":1533,"position":2},"title":"Die verstrickte Dienstagsfrage 16\/2010","author":"Admin","date":"20. April 2010","format":false,"excerpt":"Das Wollschaf fragt: Was strickt ihr am Liebsten. \u00c4ndert sich eure Vorliebe von Zeit zu Zeit, oder habt ihr absolute Strick-Favoriten, wie z.B. Socken oder so? Wovon ist es abh\u00e4ngig, was ihr gerne strickt? Gibt es Zeiten, in denen ihr \u00fcberhaupt nicht strickt, und warum? Herzlichen Dank an Angi f\u00fcr\u2026","rel":"","context":"In &quot;Stricken&quot;","block_context":{"text":"Stricken","link":"https:\/\/www.strickforum.de\/blog\/category\/3\/"},"img":{"alt_text":"","src":"","width":0,"height":0},"classes":[]},{"id":1728,"url":"https:\/\/www.strickforum.de\/blog\/die-verstrickte-dienstagsfrage-82014\/","url_meta":{"origin":1533,"position":3},"title":"Die verstrickte Dienstagsfrage 8\/2014","author":"Admin","date":"18. Februar 2014","format":false,"excerpt":"Diese Woche schreibt das Wollschaf: Ich stricke von Hand und lese sehr gerne Strickblogs. In einigen wird vom Stricken mit Maschinen berichtet. Ich sehe Schals und oft auch Pullover etc. Nun meine Frage\/Fragen dazu. Was spricht f\u00fcr eine Maschine, was dagegen, was geht nicht mit einer Maschine, f\u00fcr welche Stricktechniken\u2026","rel":"","context":"In &quot;Stricken&quot;","block_context":{"text":"Stricken","link":"https:\/\/www.strickforum.de\/blog\/category\/3\/"},"img":{"alt_text":"","src":"","width":0,"height":0},"classes":[]},{"id":1269,"url":"https:\/\/www.strickforum.de\/blog\/die-verstrickte-dienstagsfrage-462011\/","url_meta":{"origin":1533,"position":4},"title":"Die verstrickte Dienstagsfrage 46\/2011","author":"Admin","date":"15. November 2011","format":false,"excerpt":"Das Wollschaf m\u00f6chte wissen: Wie lange strickt ihr denn schon? Habt ihr erst vor kurzem angefangen, strickt ihr schon ein paar Jaehrchen, oder sogar schon Jahrzehnte? Wer (oder was) hat euch zum Stricken gebracht? Und wo habt ihr es gelernt? Hattet ihr einen \u201cStrick-Hiatus\u201d, d.h. habt ihr fuer ein paar\u2026","rel":"","context":"In &quot;Stricken&quot;","block_context":{"text":"Stricken","link":"https:\/\/www.strickforum.de\/blog\/category\/3\/"},"img":{"alt_text":"","src":"","width":0,"height":0},"classes":[]},{"id":1162,"url":"https:\/\/www.strickforum.de\/blog\/die-verstrickte-dienstagsfrage-162011\/","url_meta":{"origin":1533,"position":5},"title":"Die verstrickte Dienstagsfrage 16\/2011","author":"Admin","date":"19. April 2011","format":false,"excerpt":"Diesmal fragt das Wollschaf : Besitzst Du \u201chistorisches\u201d Handarbeitszubeh\u00f6r, z. B. alte Strick- oder H\u00e4kelnadeln, Anleitungshefte, Kl\u00f6ppelkissen, Stopfeier oder \u00e4hnliches? Wie kam es in Deinen Besitz? Verwendest Du es noch, oder bewahrst Du es z. B. nur aus \u201csentimentalen\u201d Gr\u00fcnden auf? Vielen Dank an Kerstin (das bin ich) f\u00fcr die\u2026","rel":"","context":"In &quot;Stricken&quot;","block_context":{"text":"Stricken","link":"https:\/\/www.strickforum.de\/blog\/category\/3\/"},"img":{"alt_text":"","src":"","width":0,"height":0},"classes":[]}],"_links":{"self":[{"href":"https:\/\/www.strickforum.de\/blog\/wp-json\/wp\/v2\/posts\/1533","targetHints":{"allow":["GET"]}}],"collection":[{"href":"https:\/\/www.strickforum.de\/blog\/wp-json\/wp\/v2\/posts"}],"about":[{"href":"https:\/\/www.strickforum.de\/blog\/wp-json\/wp\/v2\/types\/post"}],"author":[{"embeddable":true,"href":"https:\/\/www.strickforum.de\/blog\/wp-json\/wp\/v2\/users\/3"}],"replies":[{"embeddable":true,"href":"https:\/\/www.strickforum.de\/blog\/wp-json\/wp\/v2\/comments?post=1533"}],"version-history":[{"count":0,"href":"https:\/\/www.strickforum.de\/blog\/wp-json\/wp\/v2\/posts\/1533\/revisions"}],"wp:attachment":[{"href":"https:\/\/www.strickforum.de\/blog\/wp-json\/wp\/v2\/media?parent=1533"}],"wp:term":[{"taxonomy":"category","embeddable":true,"href":"https:\/\/www.strickforum.de\/blog\/wp-json\/wp\/v2\/categories?post=1533"},{"taxonomy":"post_tag","embeddable":true,"href":"https:\/\/www.strickforum.de\/blog\/wp-json\/wp\/v2\/tags?post=1533"}],"curies":[{"name":"wp","href":"https:\/\/api.w.org\/{rel}","templated":true}]}}