{"id":1537,"date":"2013-03-30T11:21:44","date_gmt":"2013-03-30T10:21:44","guid":{"rendered":"http:\/\/www.strickforum.de\/blog\/?p=1537"},"modified":"2013-03-30T11:21:44","modified_gmt":"2013-03-30T10:21:44","slug":"rosa-tunika","status":"publish","type":"post","link":"https:\/\/www.strickforum.de\/blog\/rosa-tunika\/","title":{"rendered":"Rosa Tunika"},"content":{"rendered":"<p>Rosa ist so gar nicht meine Farbe. Aber ich fand diese zarte Farbkombination aus Altrosa, Apricot und Mauve unwiderstehlich und wollte sie wenigstens einmal verstricken. Dies ist nun das Ergebnis, und nat\u00fcrlich ist dieses Mittelding aus Pullunder und Tunika nicht f\u00fcr mich, sondern f\u00fcr meine Mutter, die solche Farben gut tragen kann.<\/p>\n<p><img data-recalc-dims=\"1\" decoding=\"async\" src=\"https:\/\/i0.wp.com\/www.strickforum.de\/images\/blog\/13_03\/madeleine-tunika_450.jpg?w=840\" alt=\"\u00e4rmellose rosa Tunika\" \/><\/p>\n<p>Verstrickt habe ich etwa 160 g Posh &#8220;Madeleine&#8221; (800m\/100g) in der Farbe &#8220;ask me to dance&#8221;. Damit es nicht zu langweilig aussieht, ist vorn und hinten in der Mitte ein senkrechter Lochmusterstreifen (Muster 142 aus dem Stitchworld-Musterbuch). Die Blenden sind kraus mit dem KG gestrickt.<\/p>\n<p><img data-recalc-dims=\"1\" decoding=\"async\" src=\"https:\/\/i0.wp.com\/www.strickforum.de\/images\/blog\/13_03\/madeleine-hals_450.jpg?w=840\" alt=\"Detail Halsblende und Muster\" \/><\/p>\n<p>Zwei Wochen habe ich daran gearbeitet, weil ich nur an den Wochenenden jeweils ein paar Stunden Zeit am St\u00fcck mit dem Stricken verbringen konnte. Und ganz unfallfrei lief es auch nicht. Mehrmals fielen beim Lochmuster die Maschen, so dass ich ein jeweils paar Reihen aufziehen musste, um das Muster wieder in die richtige Bahn zu bringen. Aber das Ergebnis entsch\u00e4digt f\u00fcr den Frust und die M\u00fche.<\/p>\n","protected":false},"excerpt":{"rendered":"<p>Rosa ist so gar nicht meine Farbe. Aber ich fand diese zarte Farbkombination aus Altrosa, Apricot und Mauve unwiderstehlich und wollte sie wenigstens einmal verstricken. Dies ist nun das Ergebnis, und nat\u00fcrlich ist dieses Mittelding aus Pullunder und Tunika nicht f\u00fcr mich, sondern f\u00fcr meine Mutter, die solche Farben gut tragen kann. Verstrickt habe ich &hellip; <a href=\"https:\/\/www.strickforum.de\/blog\/rosa-tunika\/\" class=\"more-link\"><span class=\"screen-reader-text\">\u201eRosa Tunika\u201c <\/span>weiterlesen<\/a><\/p>\n","protected":false},"author":3,"featured_media":0,"comment_status":"open","ping_status":"open","sticky":false,"template":"","format":"standard","meta":{"_seopress_robots_primary_cat":"","_seopress_titles_title":"","_seopress_titles_desc":"","_seopress_robots_index":"","_crdt_document":"","jetpack_post_was_ever_published":false,"_jetpack_newsletter_access":"","_jetpack_dont_email_post_to_subs":false,"_jetpack_newsletter_tier_id":0,"_jetpack_memberships_contains_paywalled_content":false,"_jetpack_memberships_contains_paid_content":false,"footnotes":"","jetpack_publicize_message":"","jetpack_publicize_feature_enabled":true,"jetpack_social_post_already_shared":false,"jetpack_social_options":{"image_generator_settings":{"template":"highway","default_image_id":0,"font":"","enabled":false},"version":2}},"categories":[6],"tags":[],"class_list":["post-1537","post","type-post","status-publish","format-standard","hentry","category-6"],"jetpack_publicize_connections":[],"jetpack_featured_media_url":"","jetpack_sharing_enabled":true,"jetpack_shortlink":"https:\/\/wp.me\/p7JbSI-oN","jetpack-related-posts":[{"id":871,"url":"https:\/\/www.strickforum.de\/blog\/die-verstrickte-dienstagsfrage-012010\/","url_meta":{"origin":1537,"position":0},"title":"Die verstrickte Dienstagsfrage 01\/2010","author":"Admin","date":"5. Januar 2010","format":false,"excerpt":"Das Wollschaf fragt: Nach welchen Gesichtspunkten w\u00e4hlst du die Farben beim Wollkauf? Kaufst du ausschlie\u00dflich deine Lieblingsfarben? Suchst du die Farben passend nach den Farben deiner \u00fcbrigen Kleidung aus? Kaufst du das Garn, weil dich die Farbe oder Farbkombination \u201canspringt\u201d, unabh\u00e4ngig davon, ob sie dir steht? Kaufst du Garn in\u2026","rel":"","context":"In &quot;Stricken&quot;","block_context":{"text":"Stricken","link":"https:\/\/www.strickforum.de\/blog\/category\/3\/"},"img":{"alt_text":"","src":"","width":0,"height":0},"classes":[]},{"id":3743,"url":"https:\/\/www.strickforum.de\/blog\/ach-ja-der-loop\/","url_meta":{"origin":1537,"position":1},"title":"Ach ja, der Loop","author":"Admin","date":"28. April 2024","format":false,"excerpt":"Fast h\u00e4tte ich es vergessen: Mein zweites fertiges April-Projekt ist der M\u00f6bius-Schal \"Cham\u00e4leon\", entworfen von Birgit Freyer. Zugegeben, an so einem Loop ist nicht viel dran; viele Strickende w\u00fcrden dieses Teilchen innerhalb von 24 Stunden (Schlaf wird ohnehin \u00fcberbewertet) fertigstellen. Aber bei mir dauert alles etwas l\u00e4nger. Nicht dass mich\u2026","rel":"","context":"In &quot;Stricken&quot;","block_context":{"text":"Stricken","link":"https:\/\/www.strickforum.de\/blog\/category\/3\/"},"img":{"alt_text":"","src":"https:\/\/i0.wp.com\/www.strickforum.de\/blog\/wp-content\/uploads\/2024\/04\/moebius-chamaeleon.jpg?resize=350%2C200&ssl=1","width":350,"height":200,"srcset":"https:\/\/i0.wp.com\/www.strickforum.de\/blog\/wp-content\/uploads\/2024\/04\/moebius-chamaeleon.jpg?resize=350%2C200&ssl=1 1x, https:\/\/i0.wp.com\/www.strickforum.de\/blog\/wp-content\/uploads\/2024\/04\/moebius-chamaeleon.jpg?resize=525%2C300&ssl=1 1.5x, https:\/\/i0.wp.com\/www.strickforum.de\/blog\/wp-content\/uploads\/2024\/04\/moebius-chamaeleon.jpg?resize=700%2C400&ssl=1 2x, https:\/\/i0.wp.com\/www.strickforum.de\/blog\/wp-content\/uploads\/2024\/04\/moebius-chamaeleon.jpg?resize=1050%2C600&ssl=1 3x, https:\/\/i0.wp.com\/www.strickforum.de\/blog\/wp-content\/uploads\/2024\/04\/moebius-chamaeleon.jpg?resize=1400%2C800&ssl=1 4x"},"classes":[]},{"id":3586,"url":"https:\/\/www.strickforum.de\/blog\/lazy-lara\/","url_meta":{"origin":1537,"position":2},"title":"Lazy Lara","author":"Admin","date":"5. April 2023","format":false,"excerpt":"Hier handelt es sich nat\u00fcrlich nicht um ein faules M\u00e4dchen, sondern um ein handgestricktes Tuch. Es geh\u00f6rt zu Birgit Freyers \"Lazy\"-Reihe. Diese T\u00fccher werden kraus oder glatt rechts gestrickt und bekommen zum Abschluss eine mehr oder weniger breite Lochmuster-Bord\u00fcre. Das Modell \"Lazy Lara\" gefiel mir besonders gut, deshalb kaufte ich\u2026","rel":"","context":"In &quot;Stricken&quot;","block_context":{"text":"Stricken","link":"https:\/\/www.strickforum.de\/blog\/category\/3\/"},"img":{"alt_text":"","src":"https:\/\/i0.wp.com\/www.strickforum.de\/blog\/wp-content\/uploads\/2023\/04\/lazy-lara_complete.jpg?resize=350%2C200&ssl=1","width":350,"height":200,"srcset":"https:\/\/i0.wp.com\/www.strickforum.de\/blog\/wp-content\/uploads\/2023\/04\/lazy-lara_complete.jpg?resize=350%2C200&ssl=1 1x, https:\/\/i0.wp.com\/www.strickforum.de\/blog\/wp-content\/uploads\/2023\/04\/lazy-lara_complete.jpg?resize=525%2C300&ssl=1 1.5x, https:\/\/i0.wp.com\/www.strickforum.de\/blog\/wp-content\/uploads\/2023\/04\/lazy-lara_complete.jpg?resize=700%2C400&ssl=1 2x, https:\/\/i0.wp.com\/www.strickforum.de\/blog\/wp-content\/uploads\/2023\/04\/lazy-lara_complete.jpg?resize=1050%2C600&ssl=1 3x, https:\/\/i0.wp.com\/www.strickforum.de\/blog\/wp-content\/uploads\/2023\/04\/lazy-lara_complete.jpg?resize=1400%2C800&ssl=1 4x"},"classes":[]},{"id":3092,"url":"https:\/\/www.strickforum.de\/blog\/doch-ich-stricke-noch\/","url_meta":{"origin":1537,"position":3},"title":"Doch, ich stricke noch","author":"Admin","date":"28. August 2020","format":false,"excerpt":"Allen, die vermuten, dass ich nun endg\u00fcltig die Stricknadeln gegen N\u00e4hmaschinennadeln getauscht habe, beweise ich hiermit: Es wird auch noch gestrickt. Dies ist im Rahmen eines KAL der Anfang des Tuchs \"Down Memory Lane\" von \u00c1gnes Kutas. Ben\u00f6tigt werden 800 m Garn in ungef\u00e4hr 4fach-St\u00e4rke. Ich verwende Schoppel Zauber Flower\u2026","rel":"","context":"In &quot;Stricken&quot;","block_context":{"text":"Stricken","link":"https:\/\/www.strickforum.de\/blog\/category\/3\/"},"img":{"alt_text":"WIP \"Down Memory Lane\"","src":"https:\/\/i0.wp.com\/www.strickforum.de\/blog\/wp-content\/uploads\/2020\/08\/memory-lane_chart-f.jpg?resize=350%2C200&ssl=1","width":350,"height":200,"srcset":"https:\/\/i0.wp.com\/www.strickforum.de\/blog\/wp-content\/uploads\/2020\/08\/memory-lane_chart-f.jpg?resize=350%2C200&ssl=1 1x, https:\/\/i0.wp.com\/www.strickforum.de\/blog\/wp-content\/uploads\/2020\/08\/memory-lane_chart-f.jpg?resize=525%2C300&ssl=1 1.5x, https:\/\/i0.wp.com\/www.strickforum.de\/blog\/wp-content\/uploads\/2020\/08\/memory-lane_chart-f.jpg?resize=700%2C400&ssl=1 2x"},"classes":[]},{"id":3750,"url":"https:\/\/www.strickforum.de\/blog\/yal-yarn-a-long\/","url_meta":{"origin":1537,"position":4},"title":"YAL = Yarn-a-Long","author":"Admin","date":"18. Mai 2024","format":false,"excerpt":"Bei einem Knit-a-Long stricken alle Teilnehmer nach derselben Anleitung. Bei einem Yarn-a-Long stricken nicht nur alle nach derselben Anleitung, sondern auch mit dem gleichen Garn. Das Ergebnis ist der pure Konformismus. Ich muss etwas ausholen. Vor zwei Monaten erfuhr ich von Stephen Wests j\u00e4hrlichem Yarn-a-Long. Man bekommt drei funkelnagelneue Anleitungen\u2026","rel":"","context":"In &quot;Stricken&quot;","block_context":{"text":"Stricken","link":"https:\/\/www.strickforum.de\/blog\/category\/3\/"},"img":{"alt_text":"","src":"https:\/\/i0.wp.com\/www.strickforum.de\/blog\/wp-content\/uploads\/2024\/05\/qing_yaksingle.jpg?resize=350%2C200&ssl=1","width":350,"height":200,"srcset":"https:\/\/i0.wp.com\/www.strickforum.de\/blog\/wp-content\/uploads\/2024\/05\/qing_yaksingle.jpg?resize=350%2C200&ssl=1 1x, https:\/\/i0.wp.com\/www.strickforum.de\/blog\/wp-content\/uploads\/2024\/05\/qing_yaksingle.jpg?resize=525%2C300&ssl=1 1.5x, https:\/\/i0.wp.com\/www.strickforum.de\/blog\/wp-content\/uploads\/2024\/05\/qing_yaksingle.jpg?resize=700%2C400&ssl=1 2x, https:\/\/i0.wp.com\/www.strickforum.de\/blog\/wp-content\/uploads\/2024\/05\/qing_yaksingle.jpg?resize=1050%2C600&ssl=1 3x, https:\/\/i0.wp.com\/www.strickforum.de\/blog\/wp-content\/uploads\/2024\/05\/qing_yaksingle.jpg?resize=1400%2C800&ssl=1 4x"},"classes":[]},{"id":3780,"url":"https:\/\/www.strickforum.de\/blog\/ganz-nett-aber\/","url_meta":{"origin":1537,"position":5},"title":"Ganz nett, aber\u2026","author":"Admin","date":"13. Juni 2024","format":false,"excerpt":"Ja, ich qu\u00e4le mich durch das zweite Projekt des \"YAL\" vom Stephen West. Und ich bin mehr denn je entschlossen, dass dies mein erster und letzter Yarn-Along bleibt. Daf\u00fcr gibt es mehrere Gr\u00fcnde. Grund 1 Die Farben und Farbkombinationen des Meisters sind f\u00fcr mein Gef\u00fchl unsch\u00f6n. Sollten zwei Farben zuf\u00e4llig\u2026","rel":"","context":"In &quot;Stricken&quot;","block_context":{"text":"Stricken","link":"https:\/\/www.strickforum.de\/blog\/category\/3\/"},"img":{"alt_text":"","src":"https:\/\/i0.wp.com\/www.strickforum.de\/blog\/wp-content\/uploads\/2024\/06\/welted-incline.jpg?resize=350%2C200&ssl=1","width":350,"height":200,"srcset":"https:\/\/i0.wp.com\/www.strickforum.de\/blog\/wp-content\/uploads\/2024\/06\/welted-incline.jpg?resize=350%2C200&ssl=1 1x, https:\/\/i0.wp.com\/www.strickforum.de\/blog\/wp-content\/uploads\/2024\/06\/welted-incline.jpg?resize=525%2C300&ssl=1 1.5x, https:\/\/i0.wp.com\/www.strickforum.de\/blog\/wp-content\/uploads\/2024\/06\/welted-incline.jpg?resize=700%2C400&ssl=1 2x, https:\/\/i0.wp.com\/www.strickforum.de\/blog\/wp-content\/uploads\/2024\/06\/welted-incline.jpg?resize=1050%2C600&ssl=1 3x, https:\/\/i0.wp.com\/www.strickforum.de\/blog\/wp-content\/uploads\/2024\/06\/welted-incline.jpg?resize=1400%2C800&ssl=1 4x"},"classes":[]}],"_links":{"self":[{"href":"https:\/\/www.strickforum.de\/blog\/wp-json\/wp\/v2\/posts\/1537","targetHints":{"allow":["GET"]}}],"collection":[{"href":"https:\/\/www.strickforum.de\/blog\/wp-json\/wp\/v2\/posts"}],"about":[{"href":"https:\/\/www.strickforum.de\/blog\/wp-json\/wp\/v2\/types\/post"}],"author":[{"embeddable":true,"href":"https:\/\/www.strickforum.de\/blog\/wp-json\/wp\/v2\/users\/3"}],"replies":[{"embeddable":true,"href":"https:\/\/www.strickforum.de\/blog\/wp-json\/wp\/v2\/comments?post=1537"}],"version-history":[{"count":0,"href":"https:\/\/www.strickforum.de\/blog\/wp-json\/wp\/v2\/posts\/1537\/revisions"}],"wp:attachment":[{"href":"https:\/\/www.strickforum.de\/blog\/wp-json\/wp\/v2\/media?parent=1537"}],"wp:term":[{"taxonomy":"category","embeddable":true,"href":"https:\/\/www.strickforum.de\/blog\/wp-json\/wp\/v2\/categories?post=1537"},{"taxonomy":"post_tag","embeddable":true,"href":"https:\/\/www.strickforum.de\/blog\/wp-json\/wp\/v2\/tags?post=1537"}],"curies":[{"name":"wp","href":"https:\/\/api.w.org\/{rel}","templated":true}]}}