{"id":1593,"date":"2013-07-16T08:44:29","date_gmt":"2013-07-16T06:44:29","guid":{"rendered":"http:\/\/www.strickforum.de\/blog\/?p=1593"},"modified":"2013-07-16T08:44:29","modified_gmt":"2013-07-16T06:44:29","slug":"die-verstrickte-dienstagsfrage-292013","status":"publish","type":"post","link":"https:\/\/www.strickforum.de\/blog\/die-verstrickte-dienstagsfrage-292013\/","title":{"rendered":"Die verstrickte Dienstagsfrage 29\/2013"},"content":{"rendered":"<p><b>Diese Woche fragt <a href=\"http:\/\/daswollschaf.wordpress.com\/2013\/07\/16\/die-verstrickte-dienstagsfrage-292013\/\" target=\"_blank\">das Wollschaf<\/a> :<br \/>\nIn den letzten Tagen fiel mir wieder einmal auf, dass meine Arbeiten an verschiedenen Tagen gern unterschiedlich ausfallen \u2013 bei gleichen Voraussetzungen wie gleichem Garn und gleicher Nadelst\u00e4rke versteht  sich.<br \/>\nDas ist wahrscheinlich auch einer der Gr\u00fcnde, warum ich z. B. ungern Socken mache, also zwei m\u00f6glichst gleiche Teile.<br \/>\nIch denke, bei mir ist das wie mit meiner Handschrift, die auch schon mal anders als am Tag zuvor r\u00fcberkommt? K\u00f6nnt Ihr das auch bei Euch beobachten? Je nachdem, wie man drauf ist?<br \/>\nUnd wenn ja, welche Tricks gibt es gegen dieses Ph\u00e4nomen? Kann ja sehr unsch\u00f6n sein und zum Aufribbeln zwingen\u2026.<br \/>\nVielen Dank an <a href=\"http:\/\/diemascheimweb.blogger.de\/\" target=\"_blank\">tantefitti<\/a>  f\u00fcr die heutige Frage!<\/b><\/p>\n<p>Diese Unterschiede werden wahrscheinlich durch zuwenig Praxis bzw. mangelnde \u00dcbung verursacht. Wenn man regelm\u00e4\u00dfig und relativ viel strickt, werden die Maschen durch das st\u00e4ndige &#8220;Training&#8221; gleichm\u00e4\u00dfiger, genauso wie die Schrift regelm\u00e4\u00dfiger wird, wenn man viel mit der Hand schreibt. <br \/>\nWer nur alle paar Wochen mal zum F\u00fcllhalter oder zu den Stricknadeln greift, wird weniger gleichm\u00e4\u00dfige Ergebnisse bekommen. Also am besten t\u00e4glich ein paar Reihen oder Runden stricken, es wird dann schon. Au\u00dferdem ziehen sich Socken schon am Fu\u00df zurecht, und falls sie anfangs etwas ungleichm\u00e4\u00dfiger sind, schaut dort niemand so genau hin.<\/p>\n","protected":false},"excerpt":{"rendered":"<p>Diese Woche fragt das Wollschaf : In den letzten Tagen fiel mir wieder einmal auf, dass meine Arbeiten an verschiedenen Tagen gern unterschiedlich ausfallen \u2013 bei gleichen Voraussetzungen wie gleichem Garn und gleicher Nadelst\u00e4rke versteht sich. Das ist wahrscheinlich auch einer der Gr\u00fcnde, warum ich z. B. ungern Socken mache, also zwei m\u00f6glichst gleiche Teile. &hellip; <a href=\"https:\/\/www.strickforum.de\/blog\/die-verstrickte-dienstagsfrage-292013\/\" class=\"more-link\"><span class=\"screen-reader-text\">\u201eDie verstrickte Dienstagsfrage 29\/2013\u201c <\/span>weiterlesen<\/a><\/p>\n","protected":false},"author":3,"featured_media":0,"comment_status":"open","ping_status":"open","sticky":false,"template":"","format":"standard","meta":{"_seopress_robots_primary_cat":"","_seopress_titles_title":"","_seopress_titles_desc":"","_seopress_robots_index":"","_crdt_document":"","jetpack_post_was_ever_published":false,"_jetpack_newsletter_access":"","_jetpack_dont_email_post_to_subs":false,"_jetpack_newsletter_tier_id":0,"_jetpack_memberships_contains_paywalled_content":false,"_jetpack_memberships_contains_paid_content":false,"footnotes":"","jetpack_publicize_message":"","jetpack_publicize_feature_enabled":true,"jetpack_social_post_already_shared":false,"jetpack_social_options":{"image_generator_settings":{"template":"highway","default_image_id":0,"font":"","enabled":false},"version":2}},"categories":[6],"tags":[],"class_list":["post-1593","post","type-post","status-publish","format-standard","hentry","category-6"],"jetpack_publicize_connections":[],"jetpack_featured_media_url":"","jetpack_sharing_enabled":true,"jetpack_shortlink":"https:\/\/wp.me\/p7JbSI-pH","jetpack-related-posts":[{"id":1799,"url":"https:\/\/www.strickforum.de\/blog\/die-verstrickte-dienstagsfrage-292014\/","url_meta":{"origin":1593,"position":0},"title":"Die verstrickte Dienstagsfrage 29\/2014","author":"Admin","date":"15. Juli 2014","format":false,"excerpt":"Diese Woche fragt Dani uns und das Wollschaf: In letzter Zeit f\u00e4llt mir vor allem bei Ravelry immer mehr auf, dass bei der Vearbeitung von handgef\u00e4rbter Wolle die Farbunterschiede nicht mehr \u201cverstrickt\u201d werden. Soll hei\u00dfen, es wird mehr oder weniger bewusst ein streifiges Kleidungsstr\u00fcck produziert, weil Str\u00e4nge einzeln nacheinander und\u2026","rel":"","context":"In &quot;Stricken&quot;","block_context":{"text":"Stricken","link":"https:\/\/www.strickforum.de\/blog\/category\/3\/"},"img":{"alt_text":"","src":"","width":0,"height":0},"classes":[]},{"id":1910,"url":"https:\/\/www.strickforum.de\/blog\/die-verstrickte-dienstagsfrage-woche-182015\/","url_meta":{"origin":1593,"position":1},"title":"Die verstrickte Dienstagsfrage Woche 18\/2015","author":"Admin","date":"28. April 2015","format":false,"excerpt":"Diese Woche fragt das Wollschaf: Von allen Jahreszeitenheften scheinen die Modelle in Sommerstrickheften stets die geringste Begeisterung hervorzurufen. Woran liegt es? Strickt Ihr allgemein weniger\/keine Kleidungsst\u00fccke f\u00fcr den Sommer? Oder liegt es an den Modellen selbst? Tragt Ihr bei sommerlichen Temperaturen \u00fcberhaupt Selbstgestricktes? Wenn ja, was und aus welchen Materialien?\u2026","rel":"","context":"In &quot;Stricken&quot;","block_context":{"text":"Stricken","link":"https:\/\/www.strickforum.de\/blog\/category\/3\/"},"img":{"alt_text":"","src":"","width":0,"height":0},"classes":[]},{"id":1212,"url":"https:\/\/www.strickforum.de\/blog\/die-verstrickte-dienstagsfrage-302011\/","url_meta":{"origin":1593,"position":2},"title":"Die verstrickte Dienstagsfrage 30\/2011","author":"Admin","date":"26. Juli 2011","format":false,"excerpt":"Das Wollschaf fragt diese Woche: Habt Ihr auch ein Label, das Ihr auf Eure Handarbeiten n\u00e4ht? Wenn ja, wie genau macht Ihr es fest? bekommen dieses Label alle Eure Handarbeiten oder nur bestimmte? Welche? was steht auf diesem Label? Wenn nein, warum nicht? Vielen Dank an Monika f\u00fcr die heutige\u2026","rel":"","context":"In &quot;Stricken&quot;","block_context":{"text":"Stricken","link":"https:\/\/www.strickforum.de\/blog\/category\/3\/"},"img":{"alt_text":"Pullover-Anzieh-Matrix","src":"https:\/\/i0.wp.com\/www.strickforum.de\/blog\/media\/1\/20110726-matrix.gif?resize=350%2C200","width":350,"height":200},"classes":[]},{"id":3393,"url":"https:\/\/www.strickforum.de\/blog\/sieben-meter-pro-tag\/","url_meta":{"origin":1593,"position":3},"title":"Sieben Meter pro Tag","author":"Admin","date":"27. M\u00e4rz 2022","format":false,"excerpt":"Ja, das ist schon ein erb\u00e4rmlich langsames Tempo. Vor allem, wenn man bedenkt, dass selbst eine Schnecke acht Meter in weniger als zwei Stunden zur\u00fccklegen kann. Sieben Meter pro Tag, oder knapp 300 Meter in sechs Wochen, mit dieser durchschnittlichen Geschwindigkeit strickte ich den Loop-Schal \"Milla\", dessen Material und Anleitung\u2026","rel":"","context":"In &quot;Stricken&quot;","block_context":{"text":"Stricken","link":"https:\/\/www.strickforum.de\/blog\/category\/3\/"},"img":{"alt_text":"","src":"https:\/\/i0.wp.com\/www.strickforum.de\/blog\/wp-content\/uploads\/2022\/03\/milla-cowl_1000.jpg?resize=350%2C200&ssl=1","width":350,"height":200,"srcset":"https:\/\/i0.wp.com\/www.strickforum.de\/blog\/wp-content\/uploads\/2022\/03\/milla-cowl_1000.jpg?resize=350%2C200&ssl=1 1x, https:\/\/i0.wp.com\/www.strickforum.de\/blog\/wp-content\/uploads\/2022\/03\/milla-cowl_1000.jpg?resize=525%2C300&ssl=1 1.5x, https:\/\/i0.wp.com\/www.strickforum.de\/blog\/wp-content\/uploads\/2022\/03\/milla-cowl_1000.jpg?resize=700%2C400&ssl=1 2x"},"classes":[]},{"id":1075,"url":"https:\/\/www.strickforum.de\/blog\/die-verstrickte-dienstagsfrage-502010\/","url_meta":{"origin":1593,"position":4},"title":"Die verstrickte Dienstagsfrage 50\/2010","author":"Admin","date":"14. Dezember 2010","format":false,"excerpt":"Das Wollschaf fragt diesmal: Macht ihr Euch Notizen w\u00e4hrend der Strickarbeit und wenn ja wie? Nur zu eigenen Entw\u00fcrfen oder auch in fertigen Schnittmustern? Was macht ihr damit, wenn ihr fertig seid \u2013 entsorgen oder abheften? Vielen Dank an Mneme f\u00fcr die heutige Frage! Bei selbst entworfenen Modellen mache ich\u2026","rel":"","context":"In &quot;Stricken&quot;","block_context":{"text":"Stricken","link":"https:\/\/www.strickforum.de\/blog\/category\/3\/"},"img":{"alt_text":"","src":"","width":0,"height":0},"classes":[]},{"id":156,"url":"https:\/\/www.strickforum.de\/blog\/sommeranfang\/","url_meta":{"origin":1593,"position":5},"title":"Sommeranfang","author":"Admin","date":"1. Juni 2006","format":false,"excerpt":"Meteorologisch jedenfalls. Die Au\u00dfentemperatur ist einstellig, der Himmel d\u00fcster, und am westlichen Horizont dr\u00e4ut bereits dunkelbl\u00e4ulich, was sich im Verlauf der n\u00e4chsten Stunden \u00fcber uns ergie\u00dfen wird. Ich wollte eigentlich auch nur sagen, da\u00df ich nach l\u00e4ngerem \u00dcberlegen rekonstruieren konnte, wer schuld an dieser meteorologischen Misere ist: Ich bin es.\u2026","rel":"","context":"In &quot;Allgemeines&quot;","block_context":{"text":"Allgemeines","link":"https:\/\/www.strickforum.de\/blog\/category\/1\/"},"img":{"alt_text":"","src":"","width":0,"height":0},"classes":[]}],"_links":{"self":[{"href":"https:\/\/www.strickforum.de\/blog\/wp-json\/wp\/v2\/posts\/1593","targetHints":{"allow":["GET"]}}],"collection":[{"href":"https:\/\/www.strickforum.de\/blog\/wp-json\/wp\/v2\/posts"}],"about":[{"href":"https:\/\/www.strickforum.de\/blog\/wp-json\/wp\/v2\/types\/post"}],"author":[{"embeddable":true,"href":"https:\/\/www.strickforum.de\/blog\/wp-json\/wp\/v2\/users\/3"}],"replies":[{"embeddable":true,"href":"https:\/\/www.strickforum.de\/blog\/wp-json\/wp\/v2\/comments?post=1593"}],"version-history":[{"count":0,"href":"https:\/\/www.strickforum.de\/blog\/wp-json\/wp\/v2\/posts\/1593\/revisions"}],"wp:attachment":[{"href":"https:\/\/www.strickforum.de\/blog\/wp-json\/wp\/v2\/media?parent=1593"}],"wp:term":[{"taxonomy":"category","embeddable":true,"href":"https:\/\/www.strickforum.de\/blog\/wp-json\/wp\/v2\/categories?post=1593"},{"taxonomy":"post_tag","embeddable":true,"href":"https:\/\/www.strickforum.de\/blog\/wp-json\/wp\/v2\/tags?post=1593"}],"curies":[{"name":"wp","href":"https:\/\/api.w.org\/{rel}","templated":true}]}}