{"id":1615,"date":"2013-09-03T10:57:09","date_gmt":"2013-09-03T08:57:09","guid":{"rendered":"http:\/\/www.strickforum.de\/blog\/?p=1615"},"modified":"2013-09-03T10:57:09","modified_gmt":"2013-09-03T08:57:09","slug":"die-verstrickte-dienstagsfrage-362013-und-personliche-befindlichkeiten","status":"publish","type":"post","link":"https:\/\/www.strickforum.de\/blog\/die-verstrickte-dienstagsfrage-362013-und-personliche-befindlichkeiten\/","title":{"rendered":"Die verstrickte Dienstagsfrage 36\/2013 und pers\u00f6nliche Befindlichkeiten"},"content":{"rendered":"<p><b>Diese Woche fragt <a href=\"http:\/\/daswollschaf.wordpress.com\/2013\/09\/03\/die-verstrickte-dienstagsfrage-362013\/\">das Wollschaf:<\/a> <br \/>\nWas geh\u00f6rt deiner Meinung nach in einen Handarbeitsblog und was geht gar nicht?<br \/>\nNur handarbeitsbezogene Themen oder auch mal was anderes?<br \/>\nAuch kritische\/negative Meinungen \u00fcber andere Handarbeitstechniken, andere Blogs, Gruppen, Foren, Plattformen etc.?<br \/>\n\u00dcber Krankheit, Tod und so was?<br \/>\nVielen Dank an Isabella f\u00fcr die heutige Frage!<\/b><\/p>\n<p>Grunds\u00e4tzlich bestimmt der Blog-Inhaber, was in seinem Blog steht. Wenn er sich zur Marionette seiner Leser machen oder aus Angst vor Kritik nur nicht kontroverse Themen behandeln m\u00f6chte, dann wird&#8217;s m\u00f6glicherweise etwas langweilig, aber das muss er selbst wissen. Wenn er auch \u00fcber seinen Urlaub, Politik oder Menschenrechte schreiben m\u00f6chte und Wissenswertes dazu zu sagen hat, dann sollte er das tun. Dann ist es eben nicht unbedingt ein reines Handarbeitsblog, sondern ein gemischtes. Na und? Solange die Inhalte interessant und gut lesbar geschrieben sind, ist das f\u00fcr mich in Ordnung.<\/p>\n<p>Gerade kritische Inhalte finde ich meistens besonders lesenswert. Ich freue mich, wenn sich jemand die M\u00fche macht, auch die Nachteile eines Produktes oder einer Technik ausf\u00fchrlich und verst\u00e4ndlich darzustellen, weil das mir und anderen Frust ersparen kann. Unkritische Begeisterung f\u00fcr jedes neue Ferkel, das gerade durchs Handarbeitsdorf getrieben wird (&#8220;mein selbstmusterndes Lieblingssockengarn gibt es jetzt in drei weiteren tollen Blau-Musterungen&#8221; ), motivieren mich eher nicht zum Weiterlesen.<\/p>\n<p>Wenn Kritik an Personen und\/oder Institutionen ge\u00fcbt wird, w\u00fcrde ich mir w\u00fcnschen, dass man die Person bzw. Institution dar\u00fcber in Kenntnis setzt. L\u00e4stern \u00fcber Dritte finde ich gar nicht gut. Erstaunlich oft stellt sich in einer offenen Diskussion heraus, wo die Ursachen f\u00fcr die Missbefindlichkeiten liegen, und man kann sie beseitigen. (Wer allerdings mehr Freude an jahrelangen Grabenk\u00e4mpfen hat, wird wom\u00f6glich wenig Interesse an solcherlei Beseitigungen haben.)<\/p>\n<p>Bei Krankheit und Tod w\u00fcrde ich differenzieren. Wer jedes Husten und jeden Anflug von Durchfall minuzi\u00f6s schildert, wird m\u00f6glicherweise einige Leser (auch mich) verlieren. Andererseits kann es sinnvoll sein, eine langwierige und\/oder chronische Erkrankung zu thematisieren, weil damit auch dem Leser vieles erkl\u00e4rt werden kann, was sonst m\u00f6glicherweise unverst\u00e4ndlich bliebe, wie z.B. nur noch sporadische Eintr\u00e4ge. Allzu detaillierte Schilderungen von bestimmten Untersuchungen m\u00fcssen aber nicht sein. Wenn ich wissen will, wie eine Darmspiegelung abl\u00e4uft, w\u00fcrde ich das wahrscheinlich nicht gerade in einem Strickblog nachlesen wollen. Wenn aber jemandes Leben gerade durch den Tod eines Angeh\u00f6rigen oder durch schwere Krankheit aus dem Ruder gelaufen ist, weshalb nicht dar\u00fcber schreiben, wenn es einem gut tut?<\/p>\n<p>Was mich wesentlich mehr st\u00f6rt als &#8220;off-topic&#8221;-Inhalte, sind, wer h\u00e4tte es gedacht, gewisse \u00c4u\u00dferlichkeiten bei Blogs. <br \/>\nMengen an &#8220;niedlichen&#8221; animierten Bildchen finde ich beispielsweise abschreckend. Was soll kindergartengerechtes Bildmaterial in einem Blog f\u00fcr Erwachsene? Glitzer, Funkel und Gezappel k\u00f6nnen zudem schwache Inhalte nicht aufwerten, und von guten lenken sie nur ab. <\/p>\n<p>Schlechte Lesbarkeit, weil zuwenig Kontrast zwischen Hintergrund und Schriftfarbe, geht f\u00fcr mich gar nicht. Dasselbe gilt f\u00fcr phantasievoll verspielte Fonts, bei denen auf den ersten Blick nicht zu erkennen ist, welcher Buchstabe wohl gezeigt ist. Wer aus seinen Texten Ratespielchen macht, zu dessen Zielgruppe geh\u00f6re ich nicht.<\/p>\n<p>Au\u00dferdem bevorzuge ich orthografisch und grammatikalisch korrekte Texte. Bei &#8220;H\u00e4ckeln&#8221;, das es l\u00e4ngst verdient h\u00e4tte, zum Unwort des Jahrzehnts im Handarbeitsbereich erkl\u00e4rt zu werden, bekomme ich Kopfschmerzen. Ist es so schwer, sich wenigstens ein paar Grundkenntnisse \u00fcber Rechtschreibung und Satzbildung anzueignen? Eine (nicht handarbeitende) Kollegin von mir wendet in Zweifelsf\u00e4llen \u00fcbrigens einen einfachen Trick an: Ist sie bei der Schreibweise unsicher, dann gibt sie das Wort in den fraglichen Versionen bei Google ein und w\u00e4hlt dann die mit den meisten Fundstellen. Bei &#8220;h\u00e4keln&#8221; vs. &#8220;h\u00e4ckeln&#8221; sind es zur Zeit 1.750.000 vs 64.000. Das ist doch (noch) recht eindeutig, oder?<\/p>\n<p>Helft bitte alle mit, meine Kopfschmerzen in Grenzen zu halten und das Verh\u00e4ltnis von richtig zu falsch nicht zu verschlechtern. Es hei\u00dft &#8220;h\u00e4keln&#8221;. Wirklich.<\/p>\n","protected":false},"excerpt":{"rendered":"<p>Diese Woche fragt das Wollschaf: Was geh\u00f6rt deiner Meinung nach in einen Handarbeitsblog und was geht gar nicht? Nur handarbeitsbezogene Themen oder auch mal was anderes? Auch kritische\/negative Meinungen \u00fcber andere Handarbeitstechniken, andere Blogs, Gruppen, Foren, Plattformen etc.? \u00dcber Krankheit, Tod und so was? Vielen Dank an Isabella f\u00fcr die heutige Frage! Grunds\u00e4tzlich bestimmt der &hellip; <a href=\"https:\/\/www.strickforum.de\/blog\/die-verstrickte-dienstagsfrage-362013-und-personliche-befindlichkeiten\/\" class=\"more-link\"><span class=\"screen-reader-text\">\u201eDie verstrickte Dienstagsfrage 36\/2013 und pers\u00f6nliche Befindlichkeiten\u201c <\/span>weiterlesen<\/a><\/p>\n","protected":false},"author":3,"featured_media":0,"comment_status":"open","ping_status":"open","sticky":false,"template":"","format":"standard","meta":{"_seopress_robots_primary_cat":"","_seopress_titles_title":"","_seopress_titles_desc":"","_seopress_robots_index":"","_crdt_document":"","jetpack_post_was_ever_published":false,"_jetpack_newsletter_access":"","_jetpack_dont_email_post_to_subs":false,"_jetpack_newsletter_tier_id":0,"_jetpack_memberships_contains_paywalled_content":false,"_jetpack_memberships_contains_paid_content":false,"footnotes":"","jetpack_publicize_message":"","jetpack_publicize_feature_enabled":true,"jetpack_social_post_already_shared":false,"jetpack_social_options":{"image_generator_settings":{"template":"highway","default_image_id":0,"font":"","enabled":false},"version":2}},"categories":[6],"tags":[],"class_list":["post-1615","post","type-post","status-publish","format-standard","hentry","category-6"],"jetpack_publicize_connections":[],"jetpack_featured_media_url":"","jetpack_sharing_enabled":true,"jetpack_shortlink":"https:\/\/wp.me\/p7JbSI-q3","jetpack-related-posts":[{"id":1828,"url":"https:\/\/www.strickforum.de\/blog\/die-verstrickte-dienstagsfrage-402014\/","url_meta":{"origin":1615,"position":0},"title":"Die verstrickte Dienstagsfrage 40\/2014","author":"Admin","date":"7. Oktober 2014","format":false,"excerpt":"Diese Woche gibt's beim Wollschaf folgende Fragen: Wieder einmal beschw\u00f6rt ein abwertender Artikel \u00fcber handarbeitende Frauen einen Shitstorm in Netz herauf. Was denkst Du? Ohne das Wollschaf h\u00e4tte ich, wie Alpi schon schrieb, \u00fcberhaupt nicht gewusst, dass es diesen Artikel gibt. Ich lese sonst nicht die \u201cBrigitte\u201d, weil ich nicht\u2026","rel":"","context":"In &quot;Allgemeines&quot;","block_context":{"text":"Allgemeines","link":"https:\/\/www.strickforum.de\/blog\/category\/1\/"},"img":{"alt_text":"","src":"","width":0,"height":0},"classes":[]},{"id":256,"url":"https:\/\/www.strickforum.de\/blog\/sprachprobleme\/","url_meta":{"origin":1615,"position":1},"title":"Sprachprobleme","author":"Admin","date":"1. August 2007","format":false,"excerpt":"Seit einiger Zeit wird in diversen deutschen Blogs \u00fcberlegt, ob man die Texte in Deutsch oder auch in Englisch anbieten sollte. Ich habe das Thema interessiert verfolgt. Meine Meinung dazu ist zwiesp\u00e4ltig. Zum einen finde ich es gut, wenn ein Blog international verf\u00fcgbar ist. Ich habe japanische Weblogs mit wundervollen\u2026","rel":"","context":"In &quot;Allgemeines&quot;","block_context":{"text":"Allgemeines","link":"https:\/\/www.strickforum.de\/blog\/category\/1\/"},"img":{"alt_text":"","src":"","width":0,"height":0},"classes":[]},{"id":1177,"url":"https:\/\/www.strickforum.de\/blog\/die-verstrickte-dienstagsfrage-212011\/","url_meta":{"origin":1615,"position":2},"title":"Die verstrickte Dienstagsfrage 21\/2011","author":"Admin","date":"24. Mai 2011","format":false,"excerpt":"Das Wollschaf fragt heute: Wie pers\u00f6nlich soll Deiner Meinung nach ein Strickblog sein? Bevorzugst Du reine Strickblogs, in denen allenfalls noch \u00fcber verwandte T\u00e4tigkeiten (Spinnen, Weben, F\u00e4rben etc.) berichtet wird? Wie stehst Du zu Berichten \u00fcber die Familie, Beziehungen, Problemen, Kindern? Magst Du Blogs, in denen noch von anderen Themen\u2026","rel":"","context":"In &quot;Stricken&quot;","block_context":{"text":"Stricken","link":"https:\/\/www.strickforum.de\/blog\/category\/3\/"},"img":{"alt_text":"","src":"","width":0,"height":0},"classes":[]},{"id":1811,"url":"https:\/\/www.strickforum.de\/blog\/die-verstrickte-dienstagsfrage-322014\/","url_meta":{"origin":1615,"position":3},"title":"Die verstrickte Dienstagsfrage 32\/2014","author":"Admin","date":"5. August 2014","format":false,"excerpt":"Diese Woche fragt das Wollschaf: \u201cSelbstgestrickte Sachen brauchen nicht perfekt zu sein, es ist schlie\u00dflich Handarbeit\u201d \u2013 stimmst Du dieser Aussage zu? Wie andere Teilnehmerinnen schon vor mir geschrieben haben: Es kommt drauf an. Auch Handgearbeitetes hat das Recht, so sorgf\u00e4ltig wie m\u00f6glich ausgef\u00fchrt zu werden, sonst kann man es\u2026","rel":"","context":"In &quot;Stricken&quot;","block_context":{"text":"Stricken","link":"https:\/\/www.strickforum.de\/blog\/category\/3\/"},"img":{"alt_text":"","src":"","width":0,"height":0},"classes":[]},{"id":1350,"url":"https:\/\/www.strickforum.de\/blog\/die-verstrickte-dienstagsfrage-132012\/","url_meta":{"origin":1615,"position":4},"title":"Die verstrickte Dienstagsfrage 13\/2012","author":"Admin","date":"27. M\u00e4rz 2012","format":false,"excerpt":"Diese Woche m\u00f6chte das Wollschaf wissen: Sieht man eigentlich euren H\u00e4nden an, dass ihr strickt? Habt ihr z.B. Schwielen, oder Hornhaut an den Fingern? Oder gar schon \u201cverbogene\u201d Finger? Und was macht ihr dagegen? Wie pflegt ihr eure H\u00e4nde? Vielen Dank an Connie f\u00fcr die heutige Frage! Meinen H\u00e4nden sieht\u2026","rel":"","context":"In &quot;Stricken&quot;","block_context":{"text":"Stricken","link":"https:\/\/www.strickforum.de\/blog\/category\/3\/"},"img":{"alt_text":"","src":"","width":0,"height":0},"classes":[]},{"id":608,"url":"https:\/\/www.strickforum.de\/blog\/welche-strickmaschine-soll-es-sein-which-knitting-machine-to-choose\/","url_meta":{"origin":1615,"position":5},"title":"Welche Strickmaschine soll es sein &#8211; Which knitting machine to choose","author":"Admin","date":"5. Januar 2009","format":false,"excerpt":"Jetzt, wo das Stricken wieder beliebter geworden ist, \u00fcberlegen sich mehr und mehr Menschen, sich eine Strickmaschine zu kaufen, damit sie mehr und schneller stricken k\u00f6nnen. Und wonach suchen sie? Nach einer Strickmaschine, mit der sie ihre \u00fcblichen bisherigen Handstrickgarne verarbeiten k\u00f6nnen. F\u00fcr mich ist das ungef\u00e4hr so logisch, als\u2026","rel":"","context":"In &quot;Stricken&quot;","block_context":{"text":"Stricken","link":"https:\/\/www.strickforum.de\/blog\/category\/3\/"},"img":{"alt_text":"","src":"","width":0,"height":0},"classes":[]}],"_links":{"self":[{"href":"https:\/\/www.strickforum.de\/blog\/wp-json\/wp\/v2\/posts\/1615","targetHints":{"allow":["GET"]}}],"collection":[{"href":"https:\/\/www.strickforum.de\/blog\/wp-json\/wp\/v2\/posts"}],"about":[{"href":"https:\/\/www.strickforum.de\/blog\/wp-json\/wp\/v2\/types\/post"}],"author":[{"embeddable":true,"href":"https:\/\/www.strickforum.de\/blog\/wp-json\/wp\/v2\/users\/3"}],"replies":[{"embeddable":true,"href":"https:\/\/www.strickforum.de\/blog\/wp-json\/wp\/v2\/comments?post=1615"}],"version-history":[{"count":0,"href":"https:\/\/www.strickforum.de\/blog\/wp-json\/wp\/v2\/posts\/1615\/revisions"}],"wp:attachment":[{"href":"https:\/\/www.strickforum.de\/blog\/wp-json\/wp\/v2\/media?parent=1615"}],"wp:term":[{"taxonomy":"category","embeddable":true,"href":"https:\/\/www.strickforum.de\/blog\/wp-json\/wp\/v2\/categories?post=1615"},{"taxonomy":"post_tag","embeddable":true,"href":"https:\/\/www.strickforum.de\/blog\/wp-json\/wp\/v2\/tags?post=1615"}],"curies":[{"name":"wp","href":"https:\/\/api.w.org\/{rel}","templated":true}]}}