{"id":1632,"date":"2013-10-01T07:58:07","date_gmt":"2013-10-01T05:58:07","guid":{"rendered":"http:\/\/www.strickforum.de\/blog\/?p=1632"},"modified":"2013-10-01T07:58:07","modified_gmt":"2013-10-01T05:58:07","slug":"die-verstrickte-dienstagsfrage-402013","status":"publish","type":"post","link":"https:\/\/www.strickforum.de\/blog\/die-verstrickte-dienstagsfrage-402013\/","title":{"rendered":"Die verstrickte Dienstagsfrage 40\/2013"},"content":{"rendered":"<p><b>Diese Woche m\u00f6chte <a href=\"http:\/\/daswollschaf.wordpress.com\/2013\/10\/01\/die-verstrickte-dienstagsfrage-402013\/\">das Wollschaf<\/a> wissen:<br \/>\nWo sind eure fertigen Strickst\u00fccke zu Hause? D\u00fcrfen sie sich mit ihresgleichen in einem speziell daf\u00fcr vorgesehenen Schrank oder sogar Zimmer tummeln, oder m\u00fcssen sie ihr Dasein im ganz normalen Kleiderschrank unter all den &#8220;normalen&#8221; Kleidungsst\u00fccken fristen? Und lagert ihr mal um? z.B. einen Pullover mal eine zeitlang aufh\u00e4ngen und dann wieder liegend lagern?<br \/>\nVielen Dank an Carina f\u00fcr die heutige Frage!<\/b><\/p>\n<p>Tja, die meisten meiner Stricksachen sind Kleidungsst\u00fccke, folglich halten sie sich, so sie nicht gerade getragen, gel\u00fcftet oder gewaschen werden, im Kleiderschrank unter ihresgleichen auf. Die Pullover und Jacken also in den Pullover-F\u00e4chern, die Pullunder auf dem Pullunder-Stapel, die T\u00fccher bei den anderen T\u00fcchern (ich habe eine Reihe von sch\u00f6nen selbst gef\u00e4rbten Seident\u00fcchern), die M\u00fctzen oben auf der Garderobe im Flur, und Schals und Handschuhe wandern, je nach Jahreszeit, zwischen dem Kleiderschrank und der Garderobe hin und her. <br \/>\nAlle Stricksachen werden zwar immer mal wieder umger\u00e4umt, aber m\u00f6glichst liegend aufbewahrt. H\u00e4ngen tut ihnen nicht gut, sie verziehen sich dann durch ihr Gewicht. Eine Ausnahme bildete in diesem Jahr ein <a href=\"http:\/\/strickforum.de\/weblog\/index.php?itemid=1528\">Seiden-Pullunder<\/a> mit Lochmuster, der nicht ganz die optimale L\u00e4nge hatte. Der hing ein paar Wochen, oder vielleicht waren es auch Monate, auf einem Kleiderb\u00fcgel im Schrank bei den Blusen. Dann war die Empire-Taille vollst\u00e4ndig auf meine nat\u00fcrliche Taille heruntergezogen, und das Lochmuster hatte sich auch noch st\u00e4rker gel\u00e4ngt; er hat jetzt nahezu Minikleid-L\u00e4nge und passt hervorragend zu dem &#8220;Look&#8221;, den ich mir vorgestellt hatte. <\/p>\n","protected":false},"excerpt":{"rendered":"<p>Diese Woche m\u00f6chte das Wollschaf wissen: Wo sind eure fertigen Strickst\u00fccke zu Hause? D\u00fcrfen sie sich mit ihresgleichen in einem speziell daf\u00fcr vorgesehenen Schrank oder sogar Zimmer tummeln, oder m\u00fcssen sie ihr Dasein im ganz normalen Kleiderschrank unter all den &#8220;normalen&#8221; Kleidungsst\u00fccken fristen? Und lagert ihr mal um? z.B. einen Pullover mal eine zeitlang aufh\u00e4ngen &hellip; <a href=\"https:\/\/www.strickforum.de\/blog\/die-verstrickte-dienstagsfrage-402013\/\" class=\"more-link\"><span class=\"screen-reader-text\">\u201eDie verstrickte Dienstagsfrage 40\/2013\u201c <\/span>weiterlesen<\/a><\/p>\n","protected":false},"author":3,"featured_media":0,"comment_status":"open","ping_status":"open","sticky":false,"template":"","format":"standard","meta":{"_seopress_robots_primary_cat":"","_seopress_titles_title":"","_seopress_titles_desc":"","_seopress_robots_index":"","_crdt_document":"","jetpack_post_was_ever_published":false,"_jetpack_newsletter_access":"","_jetpack_dont_email_post_to_subs":false,"_jetpack_newsletter_tier_id":0,"_jetpack_memberships_contains_paywalled_content":false,"_jetpack_memberships_contains_paid_content":false,"footnotes":"","jetpack_publicize_message":"","jetpack_publicize_feature_enabled":true,"jetpack_social_post_already_shared":false,"jetpack_social_options":{"image_generator_settings":{"template":"highway","default_image_id":0,"font":"","enabled":false},"version":2}},"categories":[6],"tags":[],"class_list":["post-1632","post","type-post","status-publish","format-standard","hentry","category-6"],"jetpack_publicize_connections":[],"jetpack_featured_media_url":"","jetpack_sharing_enabled":true,"jetpack_shortlink":"https:\/\/wp.me\/p7JbSI-qk","jetpack-related-posts":[{"id":1219,"url":"https:\/\/www.strickforum.de\/blog\/die-verstrickte-dienstagsfrage-322011\/","url_meta":{"origin":1632,"position":0},"title":"Die verstrickte Dienstagsfrage 32\/2011","author":"Admin","date":"9. August 2011","format":false,"excerpt":"Das Wollschaf fragt diesmal: \u00dcber welches Strick- oder H\u00e4kelwerk habt ihr euch am meisten ge\u00e4rgert und warum? Vielen Dank an Michaela f\u00fcr die heutige Frage! Leider erinnere ich mich nicht mehr an alle 600-700 Stricksachen, die ich schon angefertigt habe. Es waren aber diverse \u00c4rgernisse dabei, zum Beispiel dieser gr\u00fcn\u2026","rel":"","context":"In &quot;Stricken&quot;","block_context":{"text":"Stricken","link":"https:\/\/www.strickforum.de\/blog\/category\/3\/"},"img":{"alt_text":"","src":"","width":0,"height":0},"classes":[]},{"id":1760,"url":"https:\/\/www.strickforum.de\/blog\/die-verstrickte-dienstagsfrage-182014\/","url_meta":{"origin":1632,"position":1},"title":"Die verstrickte Dienstagsfrage 18\/2014","author":"Admin","date":"29. April 2014","format":false,"excerpt":"Diese Woche fragt das Wollschaf: Mich interessieren die Antworten zu folgender Frage, weil ich selber immer wieder Sachen dazwischen habe, die ich, obwohl sie gut gelungen sind, nicht so gerne oder eigentlich gar nicht tragen mag, und bei anderen sieht immer alles so toll aus. Also bitte, Hand aufs Herz\u2026","rel":"","context":"In &quot;Stricken&quot;","block_context":{"text":"Stricken","link":"https:\/\/www.strickforum.de\/blog\/category\/3\/"},"img":{"alt_text":"","src":"","width":0,"height":0},"classes":[]},{"id":735,"url":"https:\/\/www.strickforum.de\/blog\/die-verstrickte-dienstagsfrage-252009\/","url_meta":{"origin":1632,"position":2},"title":"Die verstrickte Dienstagsfrage 25\/2009","author":"Admin","date":"16. Juni 2009","format":false,"excerpt":"Das Wollschaf fragt: Nach welchen Kriterien w\u00e4hlt Ihr Eure Projekte aus? Nach dem Garn in Euren Vorr\u00e4ten? Nach den L\u00fccken im Kleiderschrank (wenn z.B. ein warmer Pullover f\u00fcr den Winter fehlt)? Nach der Popularit\u00e4t (z.B. bevorzugt Knitalongs)? Weil die Stricktechnik oder der Schnitt spannend aussieht? Um eine neue Technik zu\u2026","rel":"","context":"In &quot;Stricken&quot;","block_context":{"text":"Stricken","link":"https:\/\/www.strickforum.de\/blog\/category\/3\/"},"img":{"alt_text":"","src":"","width":0,"height":0},"classes":[]},{"id":905,"url":"https:\/\/www.strickforum.de\/blog\/die-verstrickte-dienstagsfrage-102010\/","url_meta":{"origin":1632,"position":3},"title":"Die verstrickte Dienstagsfrage 10\/2010","author":"Admin","date":"9. M\u00e4rz 2010","format":false,"excerpt":"Das Wollschaf fragt: Viele von uns (ich auch) leben mit einer Konfektionsgr\u00f6\u00dfe jenseits der 42. Die Strick-Anleitungen f\u00fcr \u00dcbergewichtige sind nicht gerade \u00fcppig. Meine Frage zielt zwar auf \u201cMenschen mit gr\u00f6\u00dferem Format\u201d ab, aber auch die Antworten von Normalgro\u00dfen und -gewichtigen sind interessant, man kann die Antworten auch auf Teilbereiche\u2026","rel":"","context":"In &quot;Stricken&quot;","block_context":{"text":"Stricken","link":"https:\/\/www.strickforum.de\/blog\/category\/3\/"},"img":{"alt_text":"","src":"","width":0,"height":0},"classes":[]},{"id":1135,"url":"https:\/\/www.strickforum.de\/blog\/die-verstrickte-dienstagsfrage-92011\/","url_meta":{"origin":1632,"position":4},"title":"Die verstrickte Dienstagsfrage 9\/2011","author":"Admin","date":"1. M\u00e4rz 2011","format":false,"excerpt":"Das Wollschaf fragt heute: Wie lange tragt ihr im Durchschnitt euer Selbstgestricktes? Oder anders gefragt: Was ist euer \u00e4ltestes Strickst\u00fcck? Und was macht ihr mit den Teilen, wenn ihr sie nicht mehr tragen m\u00f6gt? Verschenken, in die Altkleidersammlung geben oder aufribbeln und etwas Neues daraus stricken? Vielen Dank an Anke\u2026","rel":"","context":"In &quot;Stricken&quot;","block_context":{"text":"Stricken","link":"https:\/\/www.strickforum.de\/blog\/category\/3\/"},"img":{"alt_text":"","src":"","width":0,"height":0},"classes":[]},{"id":1441,"url":"https:\/\/www.strickforum.de\/blog\/man-muss-auch-trennen-konnen\/","url_meta":{"origin":1632,"position":5},"title":"Man muss auch trennen k\u00f6nnen","author":"Admin","date":"3. Oktober 2012","format":false,"excerpt":"Besonders wenn es sich um ein Projekt handelt, mit dem man offensichtlich \u00fcberfordert ist, das einem keine Freude mehr macht und f\u00fcr das man voraussichtlich nach Fertigstellung sowieso kaum Bedarf hat. So ging es mir jedenfalls beim \u201cSeigaiha\u201d Tuch. Das ist ein wundersch\u00f6ner Entwurf mit einem aufwendigen Muster (mit vielen\u2026","rel":"","context":"In &quot;Stricken&quot;","block_context":{"text":"Stricken","link":"https:\/\/www.strickforum.de\/blog\/category\/3\/"},"img":{"alt_text":"","src":"","width":0,"height":0},"classes":[]}],"_links":{"self":[{"href":"https:\/\/www.strickforum.de\/blog\/wp-json\/wp\/v2\/posts\/1632","targetHints":{"allow":["GET"]}}],"collection":[{"href":"https:\/\/www.strickforum.de\/blog\/wp-json\/wp\/v2\/posts"}],"about":[{"href":"https:\/\/www.strickforum.de\/blog\/wp-json\/wp\/v2\/types\/post"}],"author":[{"embeddable":true,"href":"https:\/\/www.strickforum.de\/blog\/wp-json\/wp\/v2\/users\/3"}],"replies":[{"embeddable":true,"href":"https:\/\/www.strickforum.de\/blog\/wp-json\/wp\/v2\/comments?post=1632"}],"version-history":[{"count":0,"href":"https:\/\/www.strickforum.de\/blog\/wp-json\/wp\/v2\/posts\/1632\/revisions"}],"wp:attachment":[{"href":"https:\/\/www.strickforum.de\/blog\/wp-json\/wp\/v2\/media?parent=1632"}],"wp:term":[{"taxonomy":"category","embeddable":true,"href":"https:\/\/www.strickforum.de\/blog\/wp-json\/wp\/v2\/categories?post=1632"},{"taxonomy":"post_tag","embeddable":true,"href":"https:\/\/www.strickforum.de\/blog\/wp-json\/wp\/v2\/tags?post=1632"}],"curies":[{"name":"wp","href":"https:\/\/api.w.org\/{rel}","templated":true}]}}