{"id":1641,"date":"2013-10-08T08:40:30","date_gmt":"2013-10-08T06:40:30","guid":{"rendered":"http:\/\/www.strickforum.de\/blog\/?p=1641"},"modified":"2013-10-08T08:40:30","modified_gmt":"2013-10-08T06:40:30","slug":"die-verstrickte-dienstagsfrage-412013","status":"publish","type":"post","link":"https:\/\/www.strickforum.de\/blog\/die-verstrickte-dienstagsfrage-412013\/","title":{"rendered":"Die verstrickte Dienstagsfrage 41\/2013"},"content":{"rendered":"<p><b>Diese Woche bringt <a href=\"http:\/\/daswollschaf.wordpress.com\/2013\/10\/08\/die-verstrickte-dienstagsfrage-412013\/\" target=\"_blank\">das Wollschaf<\/a> eine Frage von mir:<br \/>\nWelches war das bisher gr\u00f6\u00dfte Strick-Desaster, das Du mal produziert hast?<br \/>\nWas genau war daran so schrecklich?<br \/>\nKonntest Du daraus Lehren f\u00fcr Deine weitere Strick-Karriere ziehen?<\/b><\/p>\n<p>Da ich schon ziemlich lange stricke, habe ich auch schon viele Desaster-Teile zustande gebracht. Exemplarisch d\u00fcrfte ein Pullover nach dem Design &#8220;Seaforth&#8221; aus dem Buch &#8220;In the Hebrides&#8221; von Alice Starmore sein, den ich in einem aufwendigen Rechts-Links-Muster aus wei\u00dfer Seide strickte. Nat\u00fcrlich hatte ich vorher eine Maschenprobe gestrickt und durchs Wasser gezogen. <br \/>\nDer Pullover wurde wundersch\u00f6n. Dann wusch ich ihn zum ersten Mal richtig mit speziellem Waschmittel. Bei der Gelegenheit wurde die Seide d\u00fcnn und lappig, und der Pullover sah aus wie ein Putzlappen. Die Seide war vermutlich vom Hersteller mit irgendeinem Mittel &#8220;beschwert&#8221; worden und dadurch volumin\u00f6ser. Nachdem es herausgewaschen war, blieb ein d\u00fcnnerer, platter Faden \u00fcbrig, der das Gestrick quasi nicht mehr ausf\u00fcllen konnte.<br \/>\nWas habe ich daraus gelernt? Es gen\u00fcgt nicht, eine Maschenprobe mal eben ein bi\u00dfchen nass zu machen. Sie sollte vor dem Ausmessen genau so gewaschen werden, wie man sp\u00e4ter das fertige Modell waschen wird. Unterl\u00e4sst man das, dann kann es sich bitter r\u00e4chen. H\u00e4tte ich die Maschenprobe normal gewaschen, dann h\u00e4tte ich die Ver\u00e4nderungen rechtzeitig erkennen k\u00f6nnen. <\/p>\n","protected":false},"excerpt":{"rendered":"<p>Diese Woche bringt das Wollschaf eine Frage von mir: Welches war das bisher gr\u00f6\u00dfte Strick-Desaster, das Du mal produziert hast? Was genau war daran so schrecklich? Konntest Du daraus Lehren f\u00fcr Deine weitere Strick-Karriere ziehen? Da ich schon ziemlich lange stricke, habe ich auch schon viele Desaster-Teile zustande gebracht. Exemplarisch d\u00fcrfte ein Pullover nach dem &hellip; <a href=\"https:\/\/www.strickforum.de\/blog\/die-verstrickte-dienstagsfrage-412013\/\" class=\"more-link\"><span class=\"screen-reader-text\">\u201eDie verstrickte Dienstagsfrage 41\/2013\u201c <\/span>weiterlesen<\/a><\/p>\n","protected":false},"author":3,"featured_media":0,"comment_status":"open","ping_status":"open","sticky":false,"template":"","format":"standard","meta":{"_seopress_robots_primary_cat":"","_seopress_titles_title":"","_seopress_titles_desc":"","_seopress_robots_index":"","_crdt_document":"","jetpack_post_was_ever_published":false,"_jetpack_newsletter_access":"","_jetpack_dont_email_post_to_subs":false,"_jetpack_newsletter_tier_id":0,"_jetpack_memberships_contains_paywalled_content":false,"_jetpack_memberships_contains_paid_content":false,"footnotes":"","jetpack_publicize_message":"","jetpack_publicize_feature_enabled":true,"jetpack_social_post_already_shared":false,"jetpack_social_options":{"image_generator_settings":{"template":"highway","default_image_id":0,"font":"","enabled":false},"version":2}},"categories":[6],"tags":[],"class_list":["post-1641","post","type-post","status-publish","format-standard","hentry","category-6"],"jetpack_publicize_connections":[],"jetpack_featured_media_url":"","jetpack_sharing_enabled":true,"jetpack_shortlink":"https:\/\/wp.me\/p7JbSI-qt","jetpack-related-posts":[{"id":1632,"url":"https:\/\/www.strickforum.de\/blog\/die-verstrickte-dienstagsfrage-402013\/","url_meta":{"origin":1641,"position":0},"title":"Die verstrickte Dienstagsfrage 40\/2013","author":"Admin","date":"1. Oktober 2013","format":false,"excerpt":"Diese Woche m\u00f6chte das Wollschaf wissen: Wo sind eure fertigen Strickst\u00fccke zu Hause? D\u00fcrfen sie sich mit ihresgleichen in einem speziell daf\u00fcr vorgesehenen Schrank oder sogar Zimmer tummeln, oder m\u00fcssen sie ihr Dasein im ganz normalen Kleiderschrank unter all den \u201cnormalen\u201d Kleidungsst\u00fccken fristen? Und lagert ihr mal um? z.B. einen\u2026","rel":"","context":"In &quot;Stricken&quot;","block_context":{"text":"Stricken","link":"https:\/\/www.strickforum.de\/blog\/category\/3\/"},"img":{"alt_text":"","src":"","width":0,"height":0},"classes":[]},{"id":733,"url":"https:\/\/www.strickforum.de\/blog\/die-verstrickte-dienstagsfrage-242009\/","url_meta":{"origin":1641,"position":1},"title":"Die verstrickte Dienstagsfrage 24\/2009","author":"Admin","date":"9. Juni 2009","format":false,"excerpt":"Das Wollschaf fragt: Habt ihr ein Lieblingsgarn? Wenn ja, welches und warum? Vielen Dank an Tanja f\u00fcr die heutige Frage! Eines meiner Lieblingsgarne war fr\u00fcher Stahlsche Wolle \u201cSkyline\u201d, eine reine Schurwolle mit einer Laufl\u00e4nge von 150 m auf 50 g. Damit habe ich um die zwanzig Pullover gestrickt. Leider ist\u2026","rel":"","context":"In &quot;Stricken&quot;","block_context":{"text":"Stricken","link":"https:\/\/www.strickforum.de\/blog\/category\/3\/"},"img":{"alt_text":"","src":"","width":0,"height":0},"classes":[]},{"id":1359,"url":"https:\/\/www.strickforum.de\/blog\/die-verstrickte-dienstagsfrage-152012\/","url_meta":{"origin":1641,"position":2},"title":"Die verstrickte Dienstagsfrage 15\/2012","author":"Admin","date":"10. April 2012","format":false,"excerpt":"Das Wollschaf holt eine Frage aus dem Archiv vom 08.03.2005: Besitzt Du eigentlich \u00fcberhaupt noch gekaufte Stricksachen? Oder strickst Du inzwischen alles selbst? Oder tr\u00e4gst Du Deine gestrickten Sachen gar \u00fcberhaupt nicht? Ich habe einen schwarzen Pullover, den ich mir aufgrund eines Todesfalls in der Familie gekauft habe. Da reichte\u2026","rel":"","context":"In &quot;Stricken&quot;","block_context":{"text":"Stricken","link":"https:\/\/www.strickforum.de\/blog\/category\/3\/"},"img":{"alt_text":"","src":"","width":0,"height":0},"classes":[]},{"id":1734,"url":"https:\/\/www.strickforum.de\/blog\/es-geht-auch-anders\/","url_meta":{"origin":1641,"position":3},"title":"Es geht auch anders","author":"Admin","date":"28. Februar 2014","format":false,"excerpt":"Nach dem unbefriedigenden \u201cParis Sweater\u201d brauchte ich ein schnelles Erfolgserlebnis. Also suchte ich ein sch\u00f6nes Garn in Aran-St\u00e4rke (Posh \u201cRosalind Aran\u201d, 80 % Alpaka, 20 % Seide) aus meinem Vorrat aus und aktivierte meinen Grobstricker. Und innerhalb von vier Tagen entstand dieser schlichte, aber perfekt passende Pullover. Meine Basis waren\u2026","rel":"","context":"In &quot;Stricken&quot;","block_context":{"text":"Stricken","link":"https:\/\/www.strickforum.de\/blog\/category\/3\/"},"img":{"alt_text":"","src":"","width":0,"height":0},"classes":[]},{"id":692,"url":"https:\/\/www.strickforum.de\/blog\/paolina\/","url_meta":{"origin":1641,"position":4},"title":"Paolina","author":"Admin","date":"12. April 2009","format":false,"excerpt":"Neulich trug ich sie zum ersten Mal im B\u00fcro, und zwei junge Kolleginnen meinten: \u201cOh, du siehst heute aber schick aus!\u201d Die eine erw\u00e4hnte h\u00f6chst beil\u00e4ufig, in Schwarz (sie ist Schwarz-Fan) h\u00e4tte sie den Pulli selbst gern. Am selben Tag, ein paar Stunden sp\u00e4ter, sah mich eine Nachbarin damit und\u2026","rel":"","context":"In &quot;Stricken&quot;","block_context":{"text":"Stricken","link":"https:\/\/www.strickforum.de\/blog\/category\/3\/"},"img":{"alt_text":"Paolina","src":"https:\/\/i0.wp.com\/www.strickforum.de\/blog\/media\/1\/20090412-paolina.jpg?resize=350%2C200","width":350,"height":200},"classes":[]},{"id":1797,"url":"https:\/\/www.strickforum.de\/blog\/die-verstrickte-dienstagsfrage-282014\/","url_meta":{"origin":1641,"position":5},"title":"Die verstrickte Dienstagsfrage 28\/2014","author":"Admin","date":"8. Juli 2014","format":false,"excerpt":"Diese Woche fragt das Wollschaf: Hattet Ihr in Zusammenhang mit Eurem Hobby schon mal ein negatives Erlebnis? Musstet Ihr Euch vielleicht dumme Spr\u00fcche oder abf\u00e4llige Bemerkungen anh\u00f6ren? Oder hattet Ihr schon mal Streit mit dem Partner wegen Eurer Wollk\u00e4ufe oder weil Ihr Euch mehr mit dem Strickzeug als mit ihm\u2026","rel":"","context":"In &quot;Allgemeines&quot;","block_context":{"text":"Allgemeines","link":"https:\/\/www.strickforum.de\/blog\/category\/1\/"},"img":{"alt_text":"","src":"","width":0,"height":0},"classes":[]}],"_links":{"self":[{"href":"https:\/\/www.strickforum.de\/blog\/wp-json\/wp\/v2\/posts\/1641","targetHints":{"allow":["GET"]}}],"collection":[{"href":"https:\/\/www.strickforum.de\/blog\/wp-json\/wp\/v2\/posts"}],"about":[{"href":"https:\/\/www.strickforum.de\/blog\/wp-json\/wp\/v2\/types\/post"}],"author":[{"embeddable":true,"href":"https:\/\/www.strickforum.de\/blog\/wp-json\/wp\/v2\/users\/3"}],"replies":[{"embeddable":true,"href":"https:\/\/www.strickforum.de\/blog\/wp-json\/wp\/v2\/comments?post=1641"}],"version-history":[{"count":0,"href":"https:\/\/www.strickforum.de\/blog\/wp-json\/wp\/v2\/posts\/1641\/revisions"}],"wp:attachment":[{"href":"https:\/\/www.strickforum.de\/blog\/wp-json\/wp\/v2\/media?parent=1641"}],"wp:term":[{"taxonomy":"category","embeddable":true,"href":"https:\/\/www.strickforum.de\/blog\/wp-json\/wp\/v2\/categories?post=1641"},{"taxonomy":"post_tag","embeddable":true,"href":"https:\/\/www.strickforum.de\/blog\/wp-json\/wp\/v2\/tags?post=1641"}],"curies":[{"name":"wp","href":"https:\/\/api.w.org\/{rel}","templated":true}]}}