{"id":1645,"date":"2013-10-14T13:43:51","date_gmt":"2013-10-14T11:43:51","guid":{"rendered":"http:\/\/www.strickforum.de\/blog\/?p=1645"},"modified":"2013-10-14T13:43:51","modified_gmt":"2013-10-14T11:43:51","slug":"eine-neue-hakelnadel","status":"publish","type":"post","link":"https:\/\/www.strickforum.de\/blog\/eine-neue-hakelnadel\/","title":{"rendered":"Eine neue H\u00e4kelnadel"},"content":{"rendered":"<p>Jahrzehntelang haben mich meine alten Inox-H\u00e4kelnadeln in den Farben Gr\u00fcn, Rot, Gelb, Wei\u00df und Blau in den St\u00e4rken von 2 bis 6 mm begleitet, unz\u00e4hlige Pullover- und Jacken\u00e4rmel habe ich damit eingeh\u00e4kelt. Die meistgebrauchte, Nadelst\u00e4rke 2 mm, ist nun in die Jahre gekommen. Sie ist wackelig geworden und nicht mehr gut zu verwenden. Weil es jetzt so schicke neue Formen gibt, dachte ich, ich sollte mir mal etwas Besonderes g\u00f6nnen. Gesagt, getan, und vergangene Woche kam eine neue, futuristisch geformte 2-mm-H\u00e4kelnadel von Addi hier an. Und was soll ich sagen: Ich finde sie schrecklich. Sie passt einfach nicht in meine Hand.<\/p>\n<p><img data-recalc-dims=\"1\" decoding=\"async\" src=\"https:\/\/i0.wp.com\/www.strickforum.de\/images\/blog\/13_10\/haekelnadel-neu.JPG?w=840\" alt=\"H\u00e4kelnadelvergleich\" \/><\/p>\n<p>Normalerweise halte ich meine H\u00e4kelnadel am oberen Ende des Griffs, knapp vor dem \u00dcbergang zum Metall. Bei der neuen Nadel ist genau dort eine spitze Verdickung im Griff, dort kann man sie nicht gut greifen. Ich m\u00fcsste sie zwei Zentimeter tiefer halten. Dann habe ich aber das Gef\u00fchl, sie nicht so pr\u00e4zise kontrollieren zu k\u00f6nnen. <\/p>\n<p>Das zweite Problem: Beim H\u00e4keln drehe ich die Nadel immer ein wenig, damit sie leichter durch die Maschen geht. Bei der neuen Nadel ist das nicht m\u00f6glich, weil sie durch ihre eigenwillige Form fest in der Hand liegen sollte. Das hei\u00dft, ich m\u00fcsste beim H\u00e4keln die ganze Hand st\u00e4ndig hin- und herdrehen. Das ist unangenehm und schlecht f\u00fcr mein Handgelenk.<\/p>\n<p>Das dritte Problem: Um den geschwungenen Griff umfassen zu k\u00f6nnen, muss ich Ring- und kleinen Finger st\u00e4rker umbiegen, als es bei der geraden alten Nadel n\u00f6tig war. F\u00fcr arthrosegeplagte H\u00e4nde ist das wahrhaftig kein Vergn\u00fcgen. <\/p>\n<p>Ein dickerer Griff, als die alte 2-mm-Nadel ihn hat, w\u00e4re sch\u00f6n und angenehmer zu halten. Er sollte aber gerade sein. Dieser alberne, pseudo-ergonomisch gekurvte Griff passt jedenfalls nicht richtig in meine Hand; ich kann die Nadel damit nicht bequem und erm\u00fcdungsarm steuern.<\/p>\n<p>Fazit: So neumodisches Zeug ist nix f\u00fcr mich. Und ich bin froh, mir in meinem \u00dcberschwang nicht gleich die komplette Serie in allen Nadelst\u00e4rken gekauft zu haben. <\/p>\n","protected":false},"excerpt":{"rendered":"<p>Jahrzehntelang haben mich meine alten Inox-H\u00e4kelnadeln in den Farben Gr\u00fcn, Rot, Gelb, Wei\u00df und Blau in den St\u00e4rken von 2 bis 6 mm begleitet, unz\u00e4hlige Pullover- und Jacken\u00e4rmel habe ich damit eingeh\u00e4kelt. Die meistgebrauchte, Nadelst\u00e4rke 2 mm, ist nun in die Jahre gekommen. Sie ist wackelig geworden und nicht mehr gut zu verwenden. Weil es &hellip; <a href=\"https:\/\/www.strickforum.de\/blog\/eine-neue-hakelnadel\/\" class=\"more-link\"><span class=\"screen-reader-text\">\u201eEine neue H\u00e4kelnadel\u201c <\/span>weiterlesen<\/a><\/p>\n","protected":false},"author":3,"featured_media":0,"comment_status":"open","ping_status":"open","sticky":false,"template":"","format":"standard","meta":{"_seopress_robots_primary_cat":"","_seopress_titles_title":"","_seopress_titles_desc":"","_seopress_robots_index":"","_crdt_document":"","jetpack_post_was_ever_published":false,"_jetpack_newsletter_access":"","_jetpack_dont_email_post_to_subs":false,"_jetpack_newsletter_tier_id":0,"_jetpack_memberships_contains_paywalled_content":false,"_jetpack_memberships_contains_paid_content":false,"footnotes":"","jetpack_publicize_message":"","jetpack_publicize_feature_enabled":true,"jetpack_social_post_already_shared":false,"jetpack_social_options":{"image_generator_settings":{"template":"highway","default_image_id":0,"font":"","enabled":false},"version":2}},"categories":[6],"tags":[],"class_list":["post-1645","post","type-post","status-publish","format-standard","hentry","category-6"],"jetpack_publicize_connections":[],"jetpack_featured_media_url":"","jetpack_sharing_enabled":true,"jetpack_shortlink":"https:\/\/wp.me\/p7JbSI-qx","jetpack-related-posts":[{"id":1429,"url":"https:\/\/www.strickforum.de\/blog\/die-verstrickte-dienstagsfrage-382012\/","url_meta":{"origin":1645,"position":0},"title":"Die verstrickte Dienstagsfrage 38\/2012","author":"Admin","date":"18. September 2012","format":false,"excerpt":"Das Wollschaf fragt diesmal: Welche Erfahrungen habt Ihr mit verschiedenen Strick- und H\u00e4kelnadel-Materialien gemacht? Also Alu, Plastik, Bambus, Holz (KnitPro), Edelholz (wie Rosenholz, Veilchenholz oder Ebenholz), Bein (antik nat\u00fcrlich). Welche w\u00fcrdet Ihr empfehlen, welche nicht und warum? Ich selbst kann Alu\/Metall nicht vertragen. KnitPro sind z.T. m\u00f6rderisch spitz und sie\u2026","rel":"","context":"In &quot;Stricken&quot;","block_context":{"text":"Stricken","link":"https:\/\/www.strickforum.de\/blog\/category\/3\/"},"img":{"alt_text":"","src":"","width":0,"height":0},"classes":[]},{"id":168,"url":"https:\/\/www.strickforum.de\/blog\/kurzentschlossen\/","url_meta":{"origin":1645,"position":1},"title":"Kurzentschlossen","author":"Admin","date":"6. Juli 2006","format":false,"excerpt":"Nachdem die Sommerausgabe von \u201cKnitty\u201d online ist, habe ich mich spontan entschieden, f\u00fcr eine sehr nette Kollegin, die in Mutterschutz geht (bzw. f\u00fcr ihren Nachwuchs), diese Stiefelchen zu stricken. Geeignetes gr\u00fcnes Garn (Mille Fili von R\u00f6del) hatte ich noch in meinem Vorrat. Ich erg\u00e4nzte es mit einem rosafarbenen Kn\u00e4uel derselben\u2026","rel":"","context":"In &quot;Stricken&quot;","block_context":{"text":"Stricken","link":"https:\/\/www.strickforum.de\/blog\/category\/3\/"},"img":{"alt_text":"\u201cTulip Toes\u201d in Arbeit","src":"https:\/\/i0.wp.com\/www.strickforum.de\/blog\/media\/1\/20060706-tuliptoes01.jpg?resize=350%2C200","width":350,"height":200},"classes":[]},{"id":2848,"url":"https:\/\/www.strickforum.de\/blog\/wie-der-zufall-es-will\/","url_meta":{"origin":1645,"position":2},"title":"Wie der Zufall es will","author":"Admin","date":"22. Oktober 2019","format":false,"excerpt":"Vielen Dank f\u00fcr Eure Kommentare zur Verlosung des H\u00e4kelnadel-Sets. Heute fr\u00fch habe ich unter allen Kommentatorinnen die Gewinnerin des H\u00e4kelnadelsets ziehen lassen. Mit euren Namen habe ich einen online befindlichen Zufallsgenerator gef\u00fcttert. Als Gewinnerin wurde ausgegeben: Margrit. Herzlichen Gl\u00fcckwunsch, und viel Freude mit den H\u00e4kelnadeln und deiner Enkelin, die damit\u2026","rel":"","context":"In &quot;Stricken&quot;","block_context":{"text":"Stricken","link":"https:\/\/www.strickforum.de\/blog\/category\/3\/"},"img":{"alt_text":"","src":"","width":0,"height":0},"classes":[]},{"id":3568,"url":"https:\/\/www.strickforum.de\/blog\/falsch-verbunden\/","url_meta":{"origin":1645,"position":3},"title":"Falsch verbunden","author":"Admin","date":"3. M\u00e4rz 2023","format":false,"excerpt":"Die Designerin MaryAnn Lammers hat sich spezialisiert auf Schals, Loops und rechteckige T\u00fccher. Zwei ihrer Entw\u00fcrfe habe ich bereits im Januar gestrickt. Einen dritten nahm ich vergangenen Monat in Angriff: Das Modell Ooh-La-La, einen Loop, der aus drei zusammenh\u00e4ngenden Kettengliedern besteht, gestrickt aus relativ dicker Wolle. Da ich geeignetes Material\u2026","rel":"","context":"In &quot;Stricken&quot;","block_context":{"text":"Stricken","link":"https:\/\/www.strickforum.de\/blog\/category\/3\/"},"img":{"alt_text":"Ooh-La-La als dreifacher Loop","src":"https:\/\/i0.wp.com\/www.strickforum.de\/blog\/wp-content\/uploads\/2023\/03\/img_0165.jpg?resize=350%2C200&ssl=1","width":350,"height":200,"srcset":"https:\/\/i0.wp.com\/www.strickforum.de\/blog\/wp-content\/uploads\/2023\/03\/img_0165.jpg?resize=350%2C200&ssl=1 1x, https:\/\/i0.wp.com\/www.strickforum.de\/blog\/wp-content\/uploads\/2023\/03\/img_0165.jpg?resize=525%2C300&ssl=1 1.5x, https:\/\/i0.wp.com\/www.strickforum.de\/blog\/wp-content\/uploads\/2023\/03\/img_0165.jpg?resize=700%2C400&ssl=1 2x, https:\/\/i0.wp.com\/www.strickforum.de\/blog\/wp-content\/uploads\/2023\/03\/img_0165.jpg?resize=1050%2C600&ssl=1 3x, https:\/\/i0.wp.com\/www.strickforum.de\/blog\/wp-content\/uploads\/2023\/03\/img_0165.jpg?resize=1400%2C800&ssl=1 4x"},"classes":[]},{"id":93,"url":"https:\/\/www.strickforum.de\/blog\/wie-man-fransen-an-einen-schal-bringt\/","url_meta":{"origin":1645,"position":4},"title":"Wie man Fransen an einen Schal bringt","author":"Admin","date":"3. Dezember 2005","format":false,"excerpt":"Die Fortgeschrittenen lesen jetzt bitte mal weg, dies ist ein Tipp f\u00fcr die Anf\u00e4nger unter den Strickern und speziell f\u00fcr die Schal-Stricker. Aus den Logfiles wei\u00df ich, da\u00df viele Besucher sich hierherverirren, weil sie auf der Suche nach einer Anleitung f\u00fcr Fransen sind. Voil\u00e0, hier ist sie: 1. Entscheiden, wie\u2026","rel":"","context":"In &quot;Stricken&quot;","block_context":{"text":"Stricken","link":"https:\/\/www.strickforum.de\/blog\/category\/3\/"},"img":{"alt_text":"Fransen passend zurechtschneiden","src":"https:\/\/i0.wp.com\/www.strickforum.de\/blog\/media\/1\/20051201-fransen_01.jpg?resize=350%2C200","width":350,"height":200},"classes":[]},{"id":1070,"url":"https:\/\/www.strickforum.de\/blog\/die-verstrickte-dienstagsfrage-482010\/","url_meta":{"origin":1645,"position":5},"title":"Die verstrickte Dienstagsfrage 48\/2010","author":"Admin","date":"1. Dezember 2010","format":false,"excerpt":"Das Wollschaf fragt diesmal: Es gibt ja so einiges an Zubeh\u00f6r f\u00fcr StrickerInnen. Taschen, Maschenmarkierer, Magnetboarde. Was sollte eurer Meinung nach in keinem Haushalt fehlen (und wo habt ihr es her?) und was ist das total \u00fcberfl\u00fcssigste Strickgimmik? Vielen Dank an Tanja f\u00fcr die heutige Frage! Ich w\u00fcrde sagen, das\u2026","rel":"","context":"In &quot;Stricken&quot;","block_context":{"text":"Stricken","link":"https:\/\/www.strickforum.de\/blog\/category\/3\/"},"img":{"alt_text":"","src":"","width":0,"height":0},"classes":[]}],"_links":{"self":[{"href":"https:\/\/www.strickforum.de\/blog\/wp-json\/wp\/v2\/posts\/1645","targetHints":{"allow":["GET"]}}],"collection":[{"href":"https:\/\/www.strickforum.de\/blog\/wp-json\/wp\/v2\/posts"}],"about":[{"href":"https:\/\/www.strickforum.de\/blog\/wp-json\/wp\/v2\/types\/post"}],"author":[{"embeddable":true,"href":"https:\/\/www.strickforum.de\/blog\/wp-json\/wp\/v2\/users\/3"}],"replies":[{"embeddable":true,"href":"https:\/\/www.strickforum.de\/blog\/wp-json\/wp\/v2\/comments?post=1645"}],"version-history":[{"count":0,"href":"https:\/\/www.strickforum.de\/blog\/wp-json\/wp\/v2\/posts\/1645\/revisions"}],"wp:attachment":[{"href":"https:\/\/www.strickforum.de\/blog\/wp-json\/wp\/v2\/media?parent=1645"}],"wp:term":[{"taxonomy":"category","embeddable":true,"href":"https:\/\/www.strickforum.de\/blog\/wp-json\/wp\/v2\/categories?post=1645"},{"taxonomy":"post_tag","embeddable":true,"href":"https:\/\/www.strickforum.de\/blog\/wp-json\/wp\/v2\/tags?post=1645"}],"curies":[{"name":"wp","href":"https:\/\/api.w.org\/{rel}","templated":true}]}}