{"id":1646,"date":"2013-10-15T08:36:41","date_gmt":"2013-10-15T06:36:41","guid":{"rendered":"http:\/\/www.strickforum.de\/blog\/?p=1646"},"modified":"2013-10-15T08:36:41","modified_gmt":"2013-10-15T06:36:41","slug":"die-verstrickte-dienstagsfrage-422013","status":"publish","type":"post","link":"https:\/\/www.strickforum.de\/blog\/die-verstrickte-dienstagsfrage-422013\/","title":{"rendered":"Die verstrickte Dienstagsfrage 42\/2013"},"content":{"rendered":"<p><b>Diese Woche fragt <a href=\"http:\/\/daswollschaf.wordpress.com\/2013\/10\/15\/die-verstrickte-dienstagsfrage-422013\/\" target=\"_blank\">das Wollschaf<\/a>:<br \/>\nWenn ich ein neues Wollkn\u00e4uel anstricke hole ich vorher immer den Faden aus der Mitte heraus \u2013 ich mag es nicht so gerne, wenn w\u00e4hrend des Strickens die Wolle hin und her h\u00fcpft. Dabei passiert es mir fast immer, dass ich dann das halbe Innenleben des Kn\u00e4uels in der Hand habe. Wie macht ihr das? Gibt es einen Trick, wie man an den inneren Faden kommt? Oder strickt ihr das Kn\u00e4uel von au\u00dfen ab?<br \/>\nVielen Dank an Anja f\u00fcr die heutige Frage!<\/b><\/p>\n<p>Auch ich versuche grunds\u00e4tzlich, den Fadenanfang aus dem Kn\u00e4uelinneren herauszuziehen. In erster Linie will ich vermeiden, dass das Kn\u00e4uel herumh\u00fcpft oder -rollt. Wenn ich mit Maschine stricke, m\u00fcssen n\u00e4mlich s\u00e4mtliche Kn\u00e4uel sowieso erst einmal umgewickelt werden. Das mache ich meistens mit meinem elektrischen Wollwickler. Und wenn man daf\u00fcr den Faden von au\u00dfen nimmt, dann h\u00fcpft und rollt das Kn\u00e4uel wie wild in der Gegend herum und wickelt sich dabei um s\u00e4mtliche verf\u00fcgbaren Stuhlbeine, Kabel oder was sonst gerade im Umkreis von zwei Metern vorhanden ist. Faden von au\u00dfen ist also gar keine gute Idee. Lieber entwirre ich ein paar Meter Fadensalat. <br \/>\nJe weiter von innen man den Faden herausholt, desto kleiner ist im allgemeinen der Garn-Anteil, den man dabei mit herauszieht. Man sollte also mit den Fingerspitzen m\u00f6glichst tief in die Mitte des Kn\u00e4uels tauchen und nicht gleich den erstbesten gro\u00dfen Haufen herauszerren. Und wenn doch mal ein paar Meter mehr herausgekommen sind als gew\u00fcnscht, dann betrachte ich das als Ansporn, es m\u00f6glichst schnell zu verstricken.<\/p>\n","protected":false},"excerpt":{"rendered":"<p>Diese Woche fragt das Wollschaf: Wenn ich ein neues Wollkn\u00e4uel anstricke hole ich vorher immer den Faden aus der Mitte heraus \u2013 ich mag es nicht so gerne, wenn w\u00e4hrend des Strickens die Wolle hin und her h\u00fcpft. Dabei passiert es mir fast immer, dass ich dann das halbe Innenleben des Kn\u00e4uels in der Hand &hellip; <a href=\"https:\/\/www.strickforum.de\/blog\/die-verstrickte-dienstagsfrage-422013\/\" class=\"more-link\"><span class=\"screen-reader-text\">\u201eDie verstrickte Dienstagsfrage 42\/2013\u201c <\/span>weiterlesen<\/a><\/p>\n","protected":false},"author":3,"featured_media":0,"comment_status":"open","ping_status":"open","sticky":false,"template":"","format":"standard","meta":{"_seopress_robots_primary_cat":"","_seopress_titles_title":"","_seopress_titles_desc":"","_seopress_robots_index":"","_crdt_document":"","jetpack_post_was_ever_published":false,"_jetpack_newsletter_access":"","_jetpack_dont_email_post_to_subs":false,"_jetpack_newsletter_tier_id":0,"_jetpack_memberships_contains_paywalled_content":false,"_jetpack_memberships_contains_paid_content":false,"footnotes":"","jetpack_publicize_message":"","jetpack_publicize_feature_enabled":true,"jetpack_social_post_already_shared":false,"jetpack_social_options":{"image_generator_settings":{"template":"highway","default_image_id":0,"font":"","enabled":false},"version":2}},"categories":[6],"tags":[],"class_list":["post-1646","post","type-post","status-publish","format-standard","hentry","category-6"],"jetpack_publicize_connections":[],"jetpack_featured_media_url":"","jetpack_sharing_enabled":true,"jetpack_shortlink":"https:\/\/wp.me\/p7JbSI-qy","jetpack-related-posts":[{"id":991,"url":"https:\/\/www.strickforum.de\/blog\/die-verstrickte-dienstagsfrage-302010\/","url_meta":{"origin":1646,"position":0},"title":"Die verstrickte Dienstagsfrage 30\/2010","author":"Admin","date":"27. Juli 2010","format":false,"excerpt":"Das Wollschaf fragt diesmal: Ich verwende sehr gern handgef\u00e4rbte Wolle, die immer in Str\u00e4ngen geliefert wird. Erheblich weniger gern verbringe ich meine Zeit damit, diese Str\u00e4nge m\u00fchsam per Hand zu Kn\u00e4ueln zu wickeln. Manchmal verheddert sich der Faden beim Wickeln, manchmal ist der Strang in sich verheddert, es gibt Knoten,\u2026","rel":"","context":"In &quot;Stricken&quot;","block_context":{"text":"Stricken","link":"https:\/\/www.strickforum.de\/blog\/category\/3\/"},"img":{"alt_text":"","src":"","width":0,"height":0},"classes":[]},{"id":1799,"url":"https:\/\/www.strickforum.de\/blog\/die-verstrickte-dienstagsfrage-292014\/","url_meta":{"origin":1646,"position":1},"title":"Die verstrickte Dienstagsfrage 29\/2014","author":"Admin","date":"15. Juli 2014","format":false,"excerpt":"Diese Woche fragt Dani uns und das Wollschaf: In letzter Zeit f\u00e4llt mir vor allem bei Ravelry immer mehr auf, dass bei der Vearbeitung von handgef\u00e4rbter Wolle die Farbunterschiede nicht mehr \u201cverstrickt\u201d werden. Soll hei\u00dfen, es wird mehr oder weniger bewusst ein streifiges Kleidungsstr\u00fcck produziert, weil Str\u00e4nge einzeln nacheinander und\u2026","rel":"","context":"In &quot;Stricken&quot;","block_context":{"text":"Stricken","link":"https:\/\/www.strickforum.de\/blog\/category\/3\/"},"img":{"alt_text":"","src":"","width":0,"height":0},"classes":[]},{"id":48,"url":"https:\/\/www.strickforum.de\/blog\/die-strickliesel-oder-wie-man-idioten-kordeln-produziert\/","url_meta":{"origin":1646,"position":2},"title":"Die Strickliesel oder Wie man Idioten-Kordeln produziert","author":"Admin","date":"8. August 2005","format":false,"excerpt":"Aller Anfang ist schwer. Der Anfang bei der Strickliesel ist besonders schwierig, gemessen an der Zahl der Anfragen, die man immer wieder findet. Es geht folgenderma\u00dfen: Das Fadenende durch das Loch nach unten durchf\u00e4deln und festhalten. Den Faden, der vom Kn\u00e4uel kommt, gegen den Uhrzeigersinn um die erste Strickliesel-\u00d6se wickeln,\u2026","rel":"","context":"In &quot;Stricken&quot;","block_context":{"text":"Stricken","link":"https:\/\/www.strickforum.de\/blog\/category\/3\/"},"img":{"alt_text":"Strickliesel-Fadenanfang","src":"https:\/\/i0.wp.com\/www.strickforum.de\/blog\/media\/1\/20050808-strickliesel01.jpg?resize=350%2C200","width":350,"height":200},"classes":[]},{"id":1397,"url":"https:\/\/www.strickforum.de\/blog\/die-verstrickte-dienstagsfrage-262012\/","url_meta":{"origin":1646,"position":3},"title":"Die verstrickte Dienstagsfrage 26\/2012","author":"Admin","date":"26. Juni 2012","format":false,"excerpt":"Diese Woche fragt das Wollschaf: Manchmal verliebt man sich in ein Garn, dass einen in den sch\u00f6nsten Farben aus dem Regal angel\u00e4chelt hat. Dann geht man nach Hause und strickt es voller Vorfreude an und muss feststellen, dass das Stricken gar nicht so einfach ist. Gerade Baumwolle teilt sich auch\u2026","rel":"","context":"In &quot;Stricken&quot;","block_context":{"text":"Stricken","link":"https:\/\/www.strickforum.de\/blog\/category\/3\/"},"img":{"alt_text":"","src":"","width":0,"height":0},"classes":[]},{"id":436,"url":"https:\/\/www.strickforum.de\/blog\/die-verstrickte-dienstagsfrage-282008\/","url_meta":{"origin":1646,"position":4},"title":"Die verstrickte Dienstagsfrage 28\/2008","author":"Admin","date":"8. Juli 2008","format":false,"excerpt":"Das Wollschaf fragt: neulich las ich in einer Zeitung folgenden Tipp, kann es mir nicht vorstellen und m\u00f6chte dazu die Meinung anderer h\u00f6ren. \u201eAngora- oder Mohairwolle l\u00e4sst sich leichter stricken, wenn man die Kn\u00e4uel vorher \u00fcber Nacht in einer Plastikt\u00fcte im Gefrierfach aufbewahrt.\u201c Herzlichen Dank an Karin f\u00fcr die heutige\u2026","rel":"","context":"In &quot;Stricken&quot;","block_context":{"text":"Stricken","link":"https:\/\/www.strickforum.de\/blog\/category\/3\/"},"img":{"alt_text":"","src":"","width":0,"height":0},"classes":[]},{"id":1709,"url":"https:\/\/www.strickforum.de\/blog\/das-wettrennen-mit-dem-garn\/","url_meta":{"origin":1646,"position":5},"title":"Das Wettrennen mit dem Garn","author":"Admin","date":"10. Januar 2014","format":false,"excerpt":"In den letzten Tagen strickte ich an etwas aus Resten. (Was es ist, dar\u00fcber schreibe ich demn\u00e4chst noch.) Nat\u00fcrlich hatte ich meine beiden Reste, Wollmeise Pure in Rosenrot und WD Barista, vor dem Maschenanschlag gewogen, und laut Gewicht sollte es auch reichen. Trotzdem wurde ich etwas unruhig, als die beiden\u2026","rel":"","context":"In &quot;Stricken&quot;","block_context":{"text":"Stricken","link":"https:\/\/www.strickforum.de\/blog\/category\/3\/"},"img":{"alt_text":"","src":"","width":0,"height":0},"classes":[]}],"_links":{"self":[{"href":"https:\/\/www.strickforum.de\/blog\/wp-json\/wp\/v2\/posts\/1646","targetHints":{"allow":["GET"]}}],"collection":[{"href":"https:\/\/www.strickforum.de\/blog\/wp-json\/wp\/v2\/posts"}],"about":[{"href":"https:\/\/www.strickforum.de\/blog\/wp-json\/wp\/v2\/types\/post"}],"author":[{"embeddable":true,"href":"https:\/\/www.strickforum.de\/blog\/wp-json\/wp\/v2\/users\/3"}],"replies":[{"embeddable":true,"href":"https:\/\/www.strickforum.de\/blog\/wp-json\/wp\/v2\/comments?post=1646"}],"version-history":[{"count":0,"href":"https:\/\/www.strickforum.de\/blog\/wp-json\/wp\/v2\/posts\/1646\/revisions"}],"wp:attachment":[{"href":"https:\/\/www.strickforum.de\/blog\/wp-json\/wp\/v2\/media?parent=1646"}],"wp:term":[{"taxonomy":"category","embeddable":true,"href":"https:\/\/www.strickforum.de\/blog\/wp-json\/wp\/v2\/categories?post=1646"},{"taxonomy":"post_tag","embeddable":true,"href":"https:\/\/www.strickforum.de\/blog\/wp-json\/wp\/v2\/tags?post=1646"}],"curies":[{"name":"wp","href":"https:\/\/api.w.org\/{rel}","templated":true}]}}