{"id":1650,"date":"2013-10-22T09:09:44","date_gmt":"2013-10-22T07:09:44","guid":{"rendered":"http:\/\/www.strickforum.de\/blog\/?p=1650"},"modified":"2013-10-22T09:09:44","modified_gmt":"2013-10-22T07:09:44","slug":"die-verstrickte-dienstagsfrage-432013","status":"publish","type":"post","link":"https:\/\/www.strickforum.de\/blog\/die-verstrickte-dienstagsfrage-432013\/","title":{"rendered":"Die verstrickte Dienstagsfrage 43\/2013"},"content":{"rendered":"<p><b>Diese Woche fragt <a href=\"http:\/\/daswollschaf.wordpress.com\/2013\/10\/22\/die-verstrickte-dienstagsfrage-432013\/\" target=\"_blank\">das Wollschaf<\/a>:<br \/>\nBisher habe ich ja immer einen gro\u00dfen Bogen um Mohairwolle gemacht, aber jetzt hat sie mich doch eingeholt. Gerade verstricke ich Ito Sensai, und w\u00e4hrend ich noch versuche, mit der Fusselb\u00fcrste den Ansturm an Flusen auf meiner Kleidung einzud\u00e4mmen, stellen sich mir ein paar Fragen. Habt Ihr Tipps zur Pflege von Strickst\u00fccken aus Mohair und vor allem: Liegen die Flusen in der Natur der Sache, oder gibt es Tricks, sie etwas zu reduzieren?<br \/>\nVielen Dank an <a href=\"http:\/\/teeundkekse.wordpress.com\/\" target=\"_blank\">\u201cTee &#038; Kekse\u201d<\/a> f\u00fcr die heutige Frage!<\/b><\/p>\n<p>Ob ein Garn stark fusselt oder nicht, h\u00e4ngt nach meiner Erfahrung stark von der Ausgangsqualit\u00e4t und vom Spinnprozess ab. Anders ausgedr\u00fcckt: Kurze, locker versponnene Fasern fusseln h\u00e4ufiger, weil die kleinen F\u00e4serchen sich herauswinden; bei langen Fasern, die solider versponnen sind, passiert das weniger. Seit Jahrzehnten wird immer wieder empfohlen, fusselnde Garne einzufrieren. Ich habe das vor langer Zeit mal getestet, fand aber, dass es keinen Unterschied machte. <br \/>\nMohair und Mohairmischungen sind nicht gerade meine Lieblingsgarne. Nicht so sehr, weil sie fusseln, sondern weil ich auch das weichste Mohair (derzeit habe ich immer noch Rowan Kidsilk Haze in Arbeit, was ja so eine Art Mercedes unter den Mohairgarnen sein soll) als etwas kratzig empfinde. F\u00fcr bestimmte Effekte k\u00f6nnen diese Materialien sehr sch\u00f6n sein. Man sollte aber ber\u00fccksichtigen, dass Mohair durch seinen Flausch ein paar Zentimeter Umfang zur Silhouette hinzuf\u00fcgt. Das ist vielleicht nicht immer erw\u00fcnscht. Au\u00dferdem wird das Garn im allgemeinen locker verstrickt. Das hat zur Folge, dass solche Stricksachen nicht winddicht sind. Ich hatte vor einem Vierteljahrhundert mal einen dicken Mohairpullover, der sehr warm aussah, aber im windigen norddeutschen Klima war er f\u00fcr Aktivit\u00e4ten im Freien einfach unbrauchbar.<\/p>\n","protected":false},"excerpt":{"rendered":"<p>Diese Woche fragt das Wollschaf: Bisher habe ich ja immer einen gro\u00dfen Bogen um Mohairwolle gemacht, aber jetzt hat sie mich doch eingeholt. Gerade verstricke ich Ito Sensai, und w\u00e4hrend ich noch versuche, mit der Fusselb\u00fcrste den Ansturm an Flusen auf meiner Kleidung einzud\u00e4mmen, stellen sich mir ein paar Fragen. Habt Ihr Tipps zur Pflege &hellip; <a href=\"https:\/\/www.strickforum.de\/blog\/die-verstrickte-dienstagsfrage-432013\/\" class=\"more-link\"><span class=\"screen-reader-text\">\u201eDie verstrickte Dienstagsfrage 43\/2013\u201c <\/span>weiterlesen<\/a><\/p>\n","protected":false},"author":3,"featured_media":0,"comment_status":"open","ping_status":"open","sticky":false,"template":"","format":"standard","meta":{"_seopress_robots_primary_cat":"","_seopress_titles_title":"","_seopress_titles_desc":"","_seopress_robots_index":"","_crdt_document":"","jetpack_post_was_ever_published":false,"_jetpack_newsletter_access":"","_jetpack_dont_email_post_to_subs":false,"_jetpack_newsletter_tier_id":0,"_jetpack_memberships_contains_paywalled_content":false,"_jetpack_memberships_contains_paid_content":false,"footnotes":"","jetpack_publicize_message":"","jetpack_publicize_feature_enabled":true,"jetpack_social_post_already_shared":false,"jetpack_social_options":{"image_generator_settings":{"template":"highway","default_image_id":0,"font":"","enabled":false},"version":2}},"categories":[6],"tags":[],"class_list":["post-1650","post","type-post","status-publish","format-standard","hentry","category-6"],"jetpack_publicize_connections":[],"jetpack_featured_media_url":"","jetpack_sharing_enabled":true,"jetpack_shortlink":"https:\/\/wp.me\/p7JbSI-qC","jetpack-related-posts":[{"id":436,"url":"https:\/\/www.strickforum.de\/blog\/die-verstrickte-dienstagsfrage-282008\/","url_meta":{"origin":1650,"position":0},"title":"Die verstrickte Dienstagsfrage 28\/2008","author":"Admin","date":"8. Juli 2008","format":false,"excerpt":"Das Wollschaf fragt: neulich las ich in einer Zeitung folgenden Tipp, kann es mir nicht vorstellen und m\u00f6chte dazu die Meinung anderer h\u00f6ren. \u201eAngora- oder Mohairwolle l\u00e4sst sich leichter stricken, wenn man die Kn\u00e4uel vorher \u00fcber Nacht in einer Plastikt\u00fcte im Gefrierfach aufbewahrt.\u201c Herzlichen Dank an Karin f\u00fcr die heutige\u2026","rel":"","context":"In &quot;Stricken&quot;","block_context":{"text":"Stricken","link":"https:\/\/www.strickforum.de\/blog\/category\/3\/"},"img":{"alt_text":"","src":"","width":0,"height":0},"classes":[]},{"id":1758,"url":"https:\/\/www.strickforum.de\/blog\/die-verstrickte-dienstagsfrage-172014\/","url_meta":{"origin":1650,"position":1},"title":"Die verstrickte Dienstagsfrage 17\/2014","author":"Admin","date":"22. April 2014","format":false,"excerpt":"Diese Woche fragt das Wollschaf: Jede M\u00fcnze hat zwei Seiten. Was ist also das Schlimmste am Faserarbeiten? Vielen Dank an Daniela f\u00fcr die heutige Frage! Hm, schwierig. Ich stricke gern Maschenproben, ich plane und rechne gern, ich n\u00e4he gern zusammen. Und das eigentliche Stricken gef\u00e4llt mir nat\u00fcrlich auch. Nicht mal\u2026","rel":"","context":"In &quot;Stricken&quot;","block_context":{"text":"Stricken","link":"https:\/\/www.strickforum.de\/blog\/category\/3\/"},"img":{"alt_text":"","src":"","width":0,"height":0},"classes":[]},{"id":1785,"url":"https:\/\/www.strickforum.de\/blog\/die-verstrickte-dienstagsfrage-232014\/","url_meta":{"origin":1650,"position":2},"title":"Die verstrickte Dienstagsfrage 23\/2014","author":"Admin","date":"3. Juni 2014","format":false,"excerpt":"Diese Woche bringt das Wollschaf eine Frage von Distel: Liebes Wollschaf, ich muss aus aktuellem Anlass etwas fragen: worauf spannen du und deine Sch\u00e4fchen-Fans Strickst\u00fccke, die nun mal gespannt werden m\u00fcssen? Ich bin noch nicht auf eine leichte, schnelle, kosteng\u00fcnstigste und funktionierende L\u00f6sung gekommen. Danke f\u00fcr deine Hilfe. Vielen Dank\u2026","rel":"","context":"In &quot;Allgemeines&quot;","block_context":{"text":"Allgemeines","link":"https:\/\/www.strickforum.de\/blog\/category\/1\/"},"img":{"alt_text":"","src":"","width":0,"height":0},"classes":[]},{"id":790,"url":"https:\/\/www.strickforum.de\/blog\/die-verstrickte-dienstagsfrage-382009\/","url_meta":{"origin":1650,"position":3},"title":"Die verstrickte Dienstagsfrage 38\/2009","author":"Admin","date":"15. September 2009","format":false,"excerpt":"Das Wollschaf fragt heute: Welches war das kostbarste Garn, das Ihr Euch jemals geleistet habt?Was habt Ihr daraus gestrickt? Oder bewahrt Ihr es auf, weil es zu schade zum Verarbeiten ist? Herzlichen Dank an Kerstin (hoppla, das bin ich) f\u00fcr die heutige Frage! Ich glaube, die kostbarsten Garne (Preis pro\u2026","rel":"","context":"In &quot;Stricken&quot;","block_context":{"text":"Stricken","link":"https:\/\/www.strickforum.de\/blog\/category\/3\/"},"img":{"alt_text":"","src":"","width":0,"height":0},"classes":[]},{"id":2747,"url":"https:\/\/www.strickforum.de\/blog\/seide-kann-auch-anders\/","url_meta":{"origin":1650,"position":4},"title":"Seide kann auch anders","author":"Admin","date":"9. Juni 2019","format":false,"excerpt":"Es gibt einige Materialien, bei denen eine halbwegs erfahrene Strickerin auf der Hut ist. Dazu geh\u00f6ren weiche, glatte Garne wie Merinowolle, Viskose oder Maulbeerseide. Viskose hat die eigent\u00fcmliche Angewohnheit, sich beim Tragen stark in die L\u00e4nge zu dehnen, nicht zuletzt wegen ihres beachtlichen Gewichts, und in der W\u00e4sche wieder auf\u2026","rel":"","context":"In &quot;Stricken&quot;","block_context":{"text":"Stricken","link":"https:\/\/www.strickforum.de\/blog\/category\/3\/"},"img":{"alt_text":"","src":"https:\/\/i0.wp.com\/www.strickforum.de\/blog\/wp-content\/uploads\/2019\/06\/bora-top_fertig.jpg?resize=350%2C200&ssl=1","width":350,"height":200,"srcset":"https:\/\/i0.wp.com\/www.strickforum.de\/blog\/wp-content\/uploads\/2019\/06\/bora-top_fertig.jpg?resize=350%2C200&ssl=1 1x, https:\/\/i0.wp.com\/www.strickforum.de\/blog\/wp-content\/uploads\/2019\/06\/bora-top_fertig.jpg?resize=525%2C300&ssl=1 1.5x, https:\/\/i0.wp.com\/www.strickforum.de\/blog\/wp-content\/uploads\/2019\/06\/bora-top_fertig.jpg?resize=700%2C400&ssl=1 2x"},"classes":[]},{"id":1225,"url":"https:\/\/www.strickforum.de\/blog\/die-verstrickte-dienstagsfrage-332011\/","url_meta":{"origin":1650,"position":5},"title":"Die verstrickte Dienstagsfrage 33\/2011","author":"Admin","date":"16. August 2011","format":false,"excerpt":"Das Wollschaf fragt diese Woche: Habt ihr eigentlich eine \u201cTraumwolle\u201d, die ihr mal gerne verstricken wuerdet (oder auch schon verstrickt habt)? Warum ist sie eure Traumwolle? Wegen der Qualitaet, der Farben, des Strickgefuehls? Und was wuerdet ihr daraus stricken oder habt ihr daraus gestrickt? (Bilder waeren nett!) Vielen Dank an\u2026","rel":"","context":"In &quot;Stricken&quot;","block_context":{"text":"Stricken","link":"https:\/\/www.strickforum.de\/blog\/category\/3\/"},"img":{"alt_text":"Lana 200 von Lanarte","src":"https:\/\/i0.wp.com\/www.strickforum.de\/blog\/media\/1\/20110816-lana-200_lanarte.jpg?resize=350%2C200","width":350,"height":200},"classes":[]}],"_links":{"self":[{"href":"https:\/\/www.strickforum.de\/blog\/wp-json\/wp\/v2\/posts\/1650","targetHints":{"allow":["GET"]}}],"collection":[{"href":"https:\/\/www.strickforum.de\/blog\/wp-json\/wp\/v2\/posts"}],"about":[{"href":"https:\/\/www.strickforum.de\/blog\/wp-json\/wp\/v2\/types\/post"}],"author":[{"embeddable":true,"href":"https:\/\/www.strickforum.de\/blog\/wp-json\/wp\/v2\/users\/3"}],"replies":[{"embeddable":true,"href":"https:\/\/www.strickforum.de\/blog\/wp-json\/wp\/v2\/comments?post=1650"}],"version-history":[{"count":0,"href":"https:\/\/www.strickforum.de\/blog\/wp-json\/wp\/v2\/posts\/1650\/revisions"}],"wp:attachment":[{"href":"https:\/\/www.strickforum.de\/blog\/wp-json\/wp\/v2\/media?parent=1650"}],"wp:term":[{"taxonomy":"category","embeddable":true,"href":"https:\/\/www.strickforum.de\/blog\/wp-json\/wp\/v2\/categories?post=1650"},{"taxonomy":"post_tag","embeddable":true,"href":"https:\/\/www.strickforum.de\/blog\/wp-json\/wp\/v2\/tags?post=1650"}],"curies":[{"name":"wp","href":"https:\/\/api.w.org\/{rel}","templated":true}]}}