{"id":1721,"date":"2014-02-01T11:08:51","date_gmt":"2014-02-01T10:08:51","guid":{"rendered":"http:\/\/www.strickforum.de\/blog\/?p=1721"},"modified":"2014-02-01T11:08:51","modified_gmt":"2014-02-01T10:08:51","slug":"der-einarmelige-the-1sleeved","status":"publish","type":"post","link":"https:\/\/www.strickforum.de\/blog\/der-einarmelige-the-1sleeved\/","title":{"rendered":"Der Ein\u00e4rmelige &#8211; The 1sleeved"},"content":{"rendered":"<p>Mittlerweile bin ich beim f\u00fcnften Keil, und man hat schon ordentlich zu schleppen an diesem nicht mehr ganz so kleinen Mitnahmeprojekt. Ich habe mich n\u00e4mlich entschlossen, die F\u00e4den am Reihenanfang jeweils nicht abzuschneiden, sondern an der schmalen Kante mitzunehmen, weil kaum Platz zum Vern\u00e4hen oder Verweben vorhanden ist. Dieses Projekt erfordert gl\u00fccklicherweise nicht viel \u00dcberlegung beim Stricken, jedenfalls sofern man die Unterbrechungen immer mitten in einer Reihe hat.<br \/>\nBei der Farbwahl richte ich mich nach den Vorgaben des Designers. Zun\u00e4chst hatte ich mir ein eigenes Schema aufgemalt, aber bei dem war die Farbverteilung etwas unharmonisch, und meine Garnmengen h\u00e4tten wahrscheinlich f\u00fcr einige Farbfl\u00e4chen nicht gereicht. Was Vithard sich \u00fcberlegt hat, sieht hingegen richtig gut aus.<\/p>\n<p><img data-recalc-dims=\"1\" decoding=\"async\" src=\"https:\/\/i0.wp.com\/www.strickforum.de\/images\/blog\/14_02\/1sleeved-5_450.JPG?w=840\" alt=\"The 1sleeved\" \/><\/p>\n<p>Meanwhile I work on the fifth wedge, and this not so small portable project has become quite substantial in weight. That&#8217;s mainly because I have decided not to cut the threads at the beginning of the rows, but to take them along the narrow edge because there is hardly enough space to sew or weave them in. Fortunately this is a rather &#8220;mindless&#8221; project as long as you manage to do your interruptions mid-row.<br \/>\nRegarding the colour scheme, I use the one devised by the designer. At first I had tried to draw my own, but it looked somewhat disharmonious, and my yarns would probably not have been sufficient for some wedges. In contrast, Vithard&#8217;s colour distribution looks really good.<\/p>\n","protected":false},"excerpt":{"rendered":"<p>Mittlerweile bin ich beim f\u00fcnften Keil, und man hat schon ordentlich zu schleppen an diesem nicht mehr ganz so kleinen Mitnahmeprojekt. Ich habe mich n\u00e4mlich entschlossen, die F\u00e4den am Reihenanfang jeweils nicht abzuschneiden, sondern an der schmalen Kante mitzunehmen, weil kaum Platz zum Vern\u00e4hen oder Verweben vorhanden ist. Dieses Projekt erfordert gl\u00fccklicherweise nicht viel \u00dcberlegung &hellip; <a href=\"https:\/\/www.strickforum.de\/blog\/der-einarmelige-the-1sleeved\/\" class=\"more-link\"><span class=\"screen-reader-text\">\u201eDer Ein\u00e4rmelige &#8211; The 1sleeved\u201c <\/span>weiterlesen<\/a><\/p>\n","protected":false},"author":3,"featured_media":0,"comment_status":"open","ping_status":"open","sticky":false,"template":"","format":"standard","meta":{"_seopress_robots_primary_cat":"","_seopress_titles_title":"","_seopress_titles_desc":"","_seopress_robots_index":"","_crdt_document":"","jetpack_post_was_ever_published":false,"_jetpack_newsletter_access":"","_jetpack_dont_email_post_to_subs":false,"_jetpack_newsletter_tier_id":0,"_jetpack_memberships_contains_paywalled_content":false,"_jetpack_memberships_contains_paid_content":false,"footnotes":"","jetpack_publicize_message":"","jetpack_publicize_feature_enabled":true,"jetpack_social_post_already_shared":false,"jetpack_social_options":{"image_generator_settings":{"template":"highway","default_image_id":0,"font":"","enabled":false},"version":2}},"categories":[6],"tags":[],"class_list":["post-1721","post","type-post","status-publish","format-standard","hentry","category-6"],"jetpack_publicize_connections":[],"jetpack_featured_media_url":"","jetpack_sharing_enabled":true,"jetpack_shortlink":"https:\/\/wp.me\/p7JbSI-rL","jetpack-related-posts":[{"id":474,"url":"https:\/\/www.strickforum.de\/blog\/die-verstrickte-dienstagsfrage-the-wool-sheeps-question-322008\/","url_meta":{"origin":1721,"position":0},"title":"Die verstrickte Dienstagsfrage &#8211; the Wool Sheep&#8217;s question 32\/2008","author":"Admin","date":"5. August 2008","format":false,"excerpt":"Beim Wollschaf wird gefragt: huhu liebes wollschaf........ich bin ja noch nicht sooo lange unter den Sockenstrickern.......mich w\u00fcrde mal interessieren.... ...an alle Wollef\u00e4rber...wonach sucht ihr die Namen f\u00fcr euren Strang aus ?.....ist erst der Name da....dann die Farbidee....oder erst der Strang...und dann der Name ?..... ich w\u00fcrde mich freuen...wenn das einen\u2026","rel":"","context":"In &quot;Stricken&quot;","block_context":{"text":"Stricken","link":"https:\/\/www.strickforum.de\/blog\/category\/3\/"},"img":{"alt_text":"","src":"","width":0,"height":0},"classes":[]},{"id":3543,"url":"https:\/\/www.strickforum.de\/blog\/das-wird-nix\/","url_meta":{"origin":1721,"position":1},"title":"Das wird nix&#8230;","author":"Admin","date":"31. Januar 2023","format":false,"excerpt":"\u2026 jedenfalls nicht mehr im Januar. Ich hatte gehofft, noch ein paar Meter beziehungsweise Gramm meiner Reste verarbeiten zu k\u00f6nnen, bevor der Monat herum ist, aber das Stricken gestaltet sich m\u00fch- und langsamer als gedacht. Man denkt ja immer, mit der Maschine zu stricken sei eine schnelle M\u00f6glichkeit, Garn zu\u2026","rel":"","context":"In &quot;Stricken&quot;","block_context":{"text":"Stricken","link":"https:\/\/www.strickforum.de\/blog\/category\/3\/"},"img":{"alt_text":"","src":"https:\/\/i0.wp.com\/www.strickforum.de\/blog\/wp-content\/uploads\/2023\/01\/paris-versuch.jpg?resize=350%2C200&ssl=1","width":350,"height":200,"srcset":"https:\/\/i0.wp.com\/www.strickforum.de\/blog\/wp-content\/uploads\/2023\/01\/paris-versuch.jpg?resize=350%2C200&ssl=1 1x, https:\/\/i0.wp.com\/www.strickforum.de\/blog\/wp-content\/uploads\/2023\/01\/paris-versuch.jpg?resize=525%2C300&ssl=1 1.5x, https:\/\/i0.wp.com\/www.strickforum.de\/blog\/wp-content\/uploads\/2023\/01\/paris-versuch.jpg?resize=700%2C400&ssl=1 2x, https:\/\/i0.wp.com\/www.strickforum.de\/blog\/wp-content\/uploads\/2023\/01\/paris-versuch.jpg?resize=1050%2C600&ssl=1 3x, https:\/\/i0.wp.com\/www.strickforum.de\/blog\/wp-content\/uploads\/2023\/01\/paris-versuch.jpg?resize=1400%2C800&ssl=1 4x"},"classes":[]},{"id":3780,"url":"https:\/\/www.strickforum.de\/blog\/ganz-nett-aber\/","url_meta":{"origin":1721,"position":2},"title":"Ganz nett, aber\u2026","author":"Admin","date":"13. Juni 2024","format":false,"excerpt":"Ja, ich qu\u00e4le mich durch das zweite Projekt des \"YAL\" vom Stephen West. Und ich bin mehr denn je entschlossen, dass dies mein erster und letzter Yarn-Along bleibt. Daf\u00fcr gibt es mehrere Gr\u00fcnde. Grund 1 Die Farben und Farbkombinationen des Meisters sind f\u00fcr mein Gef\u00fchl unsch\u00f6n. Sollten zwei Farben zuf\u00e4llig\u2026","rel":"","context":"In &quot;Stricken&quot;","block_context":{"text":"Stricken","link":"https:\/\/www.strickforum.de\/blog\/category\/3\/"},"img":{"alt_text":"","src":"https:\/\/i0.wp.com\/www.strickforum.de\/blog\/wp-content\/uploads\/2024\/06\/welted-incline.jpg?resize=350%2C200&ssl=1","width":350,"height":200,"srcset":"https:\/\/i0.wp.com\/www.strickforum.de\/blog\/wp-content\/uploads\/2024\/06\/welted-incline.jpg?resize=350%2C200&ssl=1 1x, https:\/\/i0.wp.com\/www.strickforum.de\/blog\/wp-content\/uploads\/2024\/06\/welted-incline.jpg?resize=525%2C300&ssl=1 1.5x, https:\/\/i0.wp.com\/www.strickforum.de\/blog\/wp-content\/uploads\/2024\/06\/welted-incline.jpg?resize=700%2C400&ssl=1 2x, https:\/\/i0.wp.com\/www.strickforum.de\/blog\/wp-content\/uploads\/2024\/06\/welted-incline.jpg?resize=1050%2C600&ssl=1 3x, https:\/\/i0.wp.com\/www.strickforum.de\/blog\/wp-content\/uploads\/2024\/06\/welted-incline.jpg?resize=1400%2C800&ssl=1 4x"},"classes":[]},{"id":2311,"url":"https:\/\/www.strickforum.de\/blog\/prym-ergonomics-nadeln\/","url_meta":{"origin":1721,"position":3},"title":"Prym Ergonomics Nadeln","author":"Admin","date":"8. Februar 2017","format":false,"excerpt":"Vielen Dank an Barbara, Connie und Anna f\u00fcr Eure Kommentare bei meinem vorigen Eintrag ; hier kommt eine Erg\u00e4nzung zu meinen Erfahrungen mit den neuen Nadeln. Dass ich mit der Prym Ergonomics Rundstricknadel gut zurechtkomme, hatte ich bereits letztes Jahr festgestellt. Zun\u00e4chst hatte ich sie beim Bloggertreffen ausprobiert. Sie eignet\u2026","rel":"","context":"In &quot;Stricken&quot;","block_context":{"text":"Stricken","link":"https:\/\/www.strickforum.de\/blog\/category\/3\/"},"img":{"alt_text":"","src":"https:\/\/i0.wp.com\/www.strickforum.de\/blog\/wp-content\/uploads\/2017\/02\/ergonomics-faeustling-600x477.jpg?resize=350%2C200","width":350,"height":200,"srcset":"https:\/\/i0.wp.com\/www.strickforum.de\/blog\/wp-content\/uploads\/2017\/02\/ergonomics-faeustling-600x477.jpg?resize=350%2C200 1x, https:\/\/i0.wp.com\/www.strickforum.de\/blog\/wp-content\/uploads\/2017\/02\/ergonomics-faeustling-600x477.jpg?resize=525%2C300 1.5x"},"classes":[]},{"id":1157,"url":"https:\/\/www.strickforum.de\/blog\/beinahe-stillstand-almost-standstill\/","url_meta":{"origin":1721,"position":4},"title":"Beinahe Stillstand &#8211; Almost Standstill","author":"Admin","date":"3. April 2011","format":false,"excerpt":"Zur Zeit wurschtele ich an mehreren Handstrickprojekten herum, die alle mit relativ kleiner Nadelst\u00e4rke gestrickt werden, und zusammen mit weniger freier Zeit als bisher ergibt das wenig bis gar keinen Fortschritt. Eines der in Arbeit befindlichen Strickst\u00fccke ist \u201cJasmine\u201d von Kim Hargreaves, an dem ich allerdings einiges \u00e4ndere. Das Material\u2026","rel":"","context":"In &quot;Stricken&quot;","block_context":{"text":"Stricken","link":"https:\/\/www.strickforum.de\/blog\/category\/3\/"},"img":{"alt_text":"Jasmine, Passe\/yoke","src":"https:\/\/i0.wp.com\/www.strickforum.de\/blog\/media\/1\/20110403-justmine_yoke-i-p_450.jpg?resize=350%2C200","width":350,"height":200},"classes":[]},{"id":2583,"url":"https:\/\/www.strickforum.de\/blog\/kleiner-strick-urlaub\/","url_meta":{"origin":1721,"position":5},"title":"Kleiner Strick-Urlaub","author":"Admin","date":"25. Oktober 2018","format":false,"excerpt":"K\u00fcrzlich g\u00f6nnte ich mir eine kleine Auszeit, bestehend aus einer Woche Strick-Kurs mit Ruth Kindla im freundlichen Hotel Alexa in Bad Mergentheim. Ruth veranstaltet n\u00e4mlich in jedem Herbst Kurse zum Stricken mit verk\u00fcrzten Reihen.\u00a0Nun kann ich durchaus verk\u00fcrzte Reihen ohne fremde Hilfe stricken, aber f\u00fcnf bis sechs Stunden Strickzeit pro\u2026","rel":"","context":"In &quot;Stricken&quot;","block_context":{"text":"Stricken","link":"https:\/\/www.strickforum.de\/blog\/category\/3\/"},"img":{"alt_text":"Leibteil des Modells \"Ren\"","src":"https:\/\/i0.wp.com\/www.strickforum.de\/blog\/wp-content\/uploads\/2018\/10\/ren_rt.jpg?resize=350%2C200","width":350,"height":200,"srcset":"https:\/\/i0.wp.com\/www.strickforum.de\/blog\/wp-content\/uploads\/2018\/10\/ren_rt.jpg?resize=350%2C200 1x, https:\/\/i0.wp.com\/www.strickforum.de\/blog\/wp-content\/uploads\/2018\/10\/ren_rt.jpg?resize=525%2C300 1.5x, https:\/\/i0.wp.com\/www.strickforum.de\/blog\/wp-content\/uploads\/2018\/10\/ren_rt.jpg?resize=700%2C400 2x"},"classes":[]}],"_links":{"self":[{"href":"https:\/\/www.strickforum.de\/blog\/wp-json\/wp\/v2\/posts\/1721","targetHints":{"allow":["GET"]}}],"collection":[{"href":"https:\/\/www.strickforum.de\/blog\/wp-json\/wp\/v2\/posts"}],"about":[{"href":"https:\/\/www.strickforum.de\/blog\/wp-json\/wp\/v2\/types\/post"}],"author":[{"embeddable":true,"href":"https:\/\/www.strickforum.de\/blog\/wp-json\/wp\/v2\/users\/3"}],"replies":[{"embeddable":true,"href":"https:\/\/www.strickforum.de\/blog\/wp-json\/wp\/v2\/comments?post=1721"}],"version-history":[{"count":0,"href":"https:\/\/www.strickforum.de\/blog\/wp-json\/wp\/v2\/posts\/1721\/revisions"}],"wp:attachment":[{"href":"https:\/\/www.strickforum.de\/blog\/wp-json\/wp\/v2\/media?parent=1721"}],"wp:term":[{"taxonomy":"category","embeddable":true,"href":"https:\/\/www.strickforum.de\/blog\/wp-json\/wp\/v2\/categories?post=1721"},{"taxonomy":"post_tag","embeddable":true,"href":"https:\/\/www.strickforum.de\/blog\/wp-json\/wp\/v2\/tags?post=1721"}],"curies":[{"name":"wp","href":"https:\/\/api.w.org\/{rel}","templated":true}]}}