{"id":1723,"date":"2014-02-11T14:56:01","date_gmt":"2014-02-11T13:56:01","guid":{"rendered":"http:\/\/www.strickforum.de\/blog\/?p=1723"},"modified":"2014-02-11T14:56:01","modified_gmt":"2014-02-11T13:56:01","slug":"die-verstrickte-dienstagsfrage-72014","status":"publish","type":"post","link":"https:\/\/www.strickforum.de\/blog\/die-verstrickte-dienstagsfrage-72014\/","title":{"rendered":"Die verstrickte Dienstagsfrage 7\/2014"},"content":{"rendered":"<p><b>Diese Woche fragt <a href=\"http:\/\/daswollschaf.wordpress.com\/2014\/02\/11\/die-verstrickte-dienstagsfrage-72014\/\">das Wollschaf:<\/a><br \/>\nDer Satz: &#8220;DAS geht ja mal gar nicht\u2026&#8221;, der f\u00e4llt ja auch unter StrickerINNEn, auch wenn wir ja sonst ein tolerantes  V\u00f6lkchen sind.<br \/>\nWas habt Ihr denn so als absolutes NO GO in Sachen Maschenwerk?<br \/>\nHabt Ihr eine Abneigung dagegen, Kaffeehausgardinen zu h\u00e4keln oder die ber\u00fchmte Klorollenh\u00fclle?<br \/>\nW\u00fcrdet Ihr NIEMALS auf den Wahnsinn verfallen, Socken zu stricken?<br \/>\nHat sich da was in Vorlieben und Abneigungen ge\u00e4ndert?<br \/>\nVielen Dank an <a href=\"http:\/\/fadenwerkerin.wordpress.com\/\">Daniela<\/a> f\u00fcr die heutige Frage!<\/b><\/p>\n<p>Da ich schon so lange stricke, haben sich auch meine Vorlieben und Abneigungen im Laufe der Zeit immer mal wieder gewandelt. Mit anderen Worten: Was st\u00f6rt mich mein Geschw\u00e4tz von vorgestern oder aus dem letzten Jahrtausend? <br \/>\nEnde der 1990er war ich fest davon \u00fcberzeugt, nie mehr von Hand zu stricken, weil ich eine ge\u00fcbte und effiziente Maschinenstrickerin war. Und was passierte? Ich entdeckte Anfang des Jahrtausends v\u00f6llig unvermutet wieder die Freuden des Handstrickens. Ebenso war ich ehedem der Ansicht, mich nie f\u00fcrs Sockenstricken begeistern zu k\u00f6nnen. Aber irgendwann \u00fcberkam es mich, und ein Paar Socken kann ich seither (auf der Maschine) in einer knappen Stunde anfertigen. Und nicht nur dass: Ich trage auch nur noch selbst gestrickte Socken. Selbst diverse T\u00fccher habe ich mittlerweile schon gestrickt, was ich fr\u00fcher nie gedacht h\u00e4tte. Allerdings sind es nur dreieckige oder l\u00e4ngliche, denn kreisrunde T\u00fccher mag ich nicht, da k\u00f6nnte ich mir gleich eine Tischdecke \u00fcberwerfen.<br \/>\nWas f\u00fcr mich \u00fcber die Jahre gleich geblieben ist: Meine Strickprojekte sollen n\u00fctzlich und nicht nur Besch\u00e4ftigungstherapie oder l&#8217;art pour l&#8217;art sein. F\u00fcr Klorollenh\u00fctchen werde ich mich folglich wohl nie erw\u00e4rmen, weil sie f\u00fcr mich keinen ausreichenden Gebrauchswert haben. Dito Guerillastricken: Da tut&#8217;s mir leid um die Zeit, die ich f\u00fcr sinnvollere Projekte nutzen k\u00f6nnte. Gardinen w\u00fcrde ich vielleicht anfertigen, wenn sie gestrickt oder geh\u00e4kelt sch\u00f6ner w\u00e4ren als aus Stoff und wenn ich sie wirklich br\u00e4uchte. Das ist zur Zeit nicht gegeben. <br \/>\nEin No Go gibt es allerdings f\u00fcr mich, das wohl auf ewig bleiben wird: Schlampige Ausarbeitung. Wenn ich mir schon die M\u00fche mache, etwas zu stricken, dann strenge ich mich auch an, es ordentlich und sauber auszuarbeiten. Will hei\u00dfen: Randmaschen werden grunds\u00e4tzlich so gestrickt, dass man sp\u00e4ter m\u00fchelos sch\u00f6ne N\u00e4hte erzielt oder sich daraus die Maschen f\u00fcr eine Blende sauber aufnehmen lassen. Fehler im Gestrick (z.B. falsch gedrehte Z\u00f6pfe) werden so weit wie m\u00f6glich korrigiert. Und ich bin Maschenprobenfanatiker. Ohne Maschenprobe, Mustertest (l\u00e4sst es sich gut stricken?) oder Farbabgleich (harmonieren verschiedene Garne miteinander?) geht bei mir nicht viel, au\u00dfer wenn ich ein Garn schon gut kenne. <\/p>\n","protected":false},"excerpt":{"rendered":"<p>Diese Woche fragt das Wollschaf: Der Satz: &#8220;DAS geht ja mal gar nicht\u2026&#8221;, der f\u00e4llt ja auch unter StrickerINNEn, auch wenn wir ja sonst ein tolerantes V\u00f6lkchen sind. Was habt Ihr denn so als absolutes NO GO in Sachen Maschenwerk? Habt Ihr eine Abneigung dagegen, Kaffeehausgardinen zu h\u00e4keln oder die ber\u00fchmte Klorollenh\u00fclle? W\u00fcrdet Ihr NIEMALS &hellip; <a href=\"https:\/\/www.strickforum.de\/blog\/die-verstrickte-dienstagsfrage-72014\/\" class=\"more-link\"><span class=\"screen-reader-text\">\u201eDie verstrickte Dienstagsfrage 7\/2014\u201c <\/span>weiterlesen<\/a><\/p>\n","protected":false},"author":3,"featured_media":0,"comment_status":"open","ping_status":"open","sticky":false,"template":"","format":"standard","meta":{"_seopress_robots_primary_cat":"","_seopress_titles_title":"","_seopress_titles_desc":"","_seopress_robots_index":"","_crdt_document":"","jetpack_post_was_ever_published":false,"_jetpack_newsletter_access":"","_jetpack_dont_email_post_to_subs":false,"_jetpack_newsletter_tier_id":0,"_jetpack_memberships_contains_paywalled_content":false,"_jetpack_memberships_contains_paid_content":false,"footnotes":"","jetpack_publicize_message":"","jetpack_publicize_feature_enabled":true,"jetpack_social_post_already_shared":false,"jetpack_social_options":{"image_generator_settings":{"template":"highway","default_image_id":0,"font":"","enabled":false},"version":2}},"categories":[6],"tags":[],"class_list":["post-1723","post","type-post","status-publish","format-standard","hentry","category-6"],"jetpack_publicize_connections":[],"jetpack_featured_media_url":"","jetpack_sharing_enabled":true,"jetpack_shortlink":"https:\/\/wp.me\/p7JbSI-rN","jetpack-related-posts":[{"id":63,"url":"https:\/\/www.strickforum.de\/blog\/farben-und-phobien\/","url_meta":{"origin":1723,"position":0},"title":"Farben und Phobien","author":"Admin","date":"24. September 2005","format":false,"excerpt":"Vor einer Woche war ich im Val d'Argent zur allj\u00e4hrlichen Quilt-Ausstellung. Es war wie immer gro\u00dfartig, obwohl mir diesmal die Ausstellungsst\u00fccke weniger gefallen haben als letztens. (Entsprechend weniger habe ich auch digigrafiert.) Irgendwie kann ich mich z.B. f\u00fcr Schrillfarbenes aus Ozeanien nicht so recht begeistern; je \u00e4lter ich werde, desto\u2026","rel":"","context":"In &quot;Stricken&quot;","block_context":{"text":"Stricken","link":"https:\/\/www.strickforum.de\/blog\/category\/3\/"},"img":{"alt_text":"","src":"","width":0,"height":0},"classes":[]},{"id":1400,"url":"https:\/\/www.strickforum.de\/blog\/die-verstrickte-dienstagsfrage-282012\/","url_meta":{"origin":1723,"position":1},"title":"Die verstrickte Dienstagsfrage 28\/2012","author":"Admin","date":"10. Juli 2012","format":false,"excerpt":"Diese Woche fragt das Wollschaf : Ich habe gerade damit angefangen auch Strickjacken und Pullover zu stricken. Wie macht ihr das, habt ihr ein Strickmuster, dass gut passt, das ihr nur noch ab\u00e4ndert oder in einer anderen Farbe strickt? Oder strickt ihr jedesmal ein neues Strickmuster. Vielen Dank an Poppy\u2026","rel":"","context":"In &quot;Stricken&quot;","block_context":{"text":"Stricken","link":"https:\/\/www.strickforum.de\/blog\/category\/3\/"},"img":{"alt_text":"","src":"","width":0,"height":0},"classes":[]},{"id":934,"url":"https:\/\/www.strickforum.de\/blog\/die-verstrickte-dienstagsfrage-162010\/","url_meta":{"origin":1723,"position":2},"title":"Die verstrickte Dienstagsfrage 16\/2010","author":"Admin","date":"20. April 2010","format":false,"excerpt":"Das Wollschaf fragt: Was strickt ihr am Liebsten. \u00c4ndert sich eure Vorliebe von Zeit zu Zeit, oder habt ihr absolute Strick-Favoriten, wie z.B. Socken oder so? Wovon ist es abh\u00e4ngig, was ihr gerne strickt? Gibt es Zeiten, in denen ihr \u00fcberhaupt nicht strickt, und warum? Herzlichen Dank an Angi f\u00fcr\u2026","rel":"","context":"In &quot;Stricken&quot;","block_context":{"text":"Stricken","link":"https:\/\/www.strickforum.de\/blog\/category\/3\/"},"img":{"alt_text":"","src":"","width":0,"height":0},"classes":[]},{"id":2687,"url":"https:\/\/www.strickforum.de\/blog\/buch-shawls-von-melanie-berg\/","url_meta":{"origin":1723,"position":3},"title":"Buch &#8222;Shawls&#8220; von Melanie Berg","author":"Admin","date":"24. M\u00e4rz 2019","format":false,"excerpt":"(Dieser Beitrag enth\u00e4lt Werbung.) T\u00fccher aller Art sind seit Jahren bei Stricker*Innen beliebt. Es gibt diverse B\u00fccher dazu, teils allgemeiner Art, teils \u00fcber spezielle Stricktechniken. Und nun noch eines?! Ja, unbedingt! Dieses Buch ist n\u00e4mlich in mehrfacher Hinsicht etwas Besonderes. Deshalb freue ich mich auch sehr, dass der frechverlag es\u2026","rel":"","context":"In &quot;Buchkritiken&quot;","block_context":{"text":"Buchkritiken","link":"https:\/\/www.strickforum.de\/blog\/category\/8\/"},"img":{"alt_text":"Shawls - T\u00fccher stricken mit Stil von Melanie Berg","src":"https:\/\/i0.wp.com\/www.strickforum.de\/blog\/wp-content\/uploads\/2019\/03\/mairlynd-shawls.jpg?resize=350%2C200&ssl=1","width":350,"height":200,"srcset":"https:\/\/i0.wp.com\/www.strickforum.de\/blog\/wp-content\/uploads\/2019\/03\/mairlynd-shawls.jpg?resize=350%2C200&ssl=1 1x, https:\/\/i0.wp.com\/www.strickforum.de\/blog\/wp-content\/uploads\/2019\/03\/mairlynd-shawls.jpg?resize=525%2C300&ssl=1 1.5x, https:\/\/i0.wp.com\/www.strickforum.de\/blog\/wp-content\/uploads\/2019\/03\/mairlynd-shawls.jpg?resize=700%2C400&ssl=1 2x"},"classes":[]},{"id":821,"url":"https:\/\/www.strickforum.de\/blog\/die-verstrickte-dienstagsfrage-442009\/","url_meta":{"origin":1723,"position":4},"title":"Die verstrickte Dienstagsfrage 44\/2009","author":"Admin","date":"27. Oktober 2009","format":false,"excerpt":"Das Wollschaf fragt: Wer zu stricken beginnt, kauft Wolle, und das nat\u00fcrlich gem\u00e4\u00df seinen Vorlieben bzw. den Projekten. Ich habe festgestellt, dass die Wolle, die ich zu Anfang meiner noch relativ kurzen Strickkarriere kaufte, eine andere ist, als die, die ich heute bevorzuge, dasselbe gilt f\u00fcr die Projekte. Wie ist\u2026","rel":"","context":"In &quot;Stricken&quot;","block_context":{"text":"Stricken","link":"https:\/\/www.strickforum.de\/blog\/category\/3\/"},"img":{"alt_text":"","src":"","width":0,"height":0},"classes":[]},{"id":1775,"url":"https:\/\/www.strickforum.de\/blog\/die-verstrickte-dienstagsfrage-212014\/","url_meta":{"origin":1723,"position":5},"title":"Die verstrickte Dienstagsfrage 21\/2014","author":"Admin","date":"20. Mai 2014","format":false,"excerpt":"Diese Woche fragt das Wollschaf: Habt Ihr schon einmal eine \u201cStrickkreuzfahrt\u201d oder einen \u201cStrickurlaub\u201d gemacht, Euch mit strickenden Freund(inn)en eine Ferienwohnung irgendwo gemietet und tagelang nur Eurem Hobby gefr\u00f6nt? Wenn ja, wie war es, wo war es und w\u00fcrdet Ihr das nochmal machen? Oder findet Ihr das nicht erstrebenswert? Wenn\u2026","rel":"","context":"In &quot;Stricken&quot;","block_context":{"text":"Stricken","link":"https:\/\/www.strickforum.de\/blog\/category\/3\/"},"img":{"alt_text":"","src":"","width":0,"height":0},"classes":[]}],"_links":{"self":[{"href":"https:\/\/www.strickforum.de\/blog\/wp-json\/wp\/v2\/posts\/1723","targetHints":{"allow":["GET"]}}],"collection":[{"href":"https:\/\/www.strickforum.de\/blog\/wp-json\/wp\/v2\/posts"}],"about":[{"href":"https:\/\/www.strickforum.de\/blog\/wp-json\/wp\/v2\/types\/post"}],"author":[{"embeddable":true,"href":"https:\/\/www.strickforum.de\/blog\/wp-json\/wp\/v2\/users\/3"}],"replies":[{"embeddable":true,"href":"https:\/\/www.strickforum.de\/blog\/wp-json\/wp\/v2\/comments?post=1723"}],"version-history":[{"count":0,"href":"https:\/\/www.strickforum.de\/blog\/wp-json\/wp\/v2\/posts\/1723\/revisions"}],"wp:attachment":[{"href":"https:\/\/www.strickforum.de\/blog\/wp-json\/wp\/v2\/media?parent=1723"}],"wp:term":[{"taxonomy":"category","embeddable":true,"href":"https:\/\/www.strickforum.de\/blog\/wp-json\/wp\/v2\/categories?post=1723"},{"taxonomy":"post_tag","embeddable":true,"href":"https:\/\/www.strickforum.de\/blog\/wp-json\/wp\/v2\/tags?post=1723"}],"curies":[{"name":"wp","href":"https:\/\/api.w.org\/{rel}","templated":true}]}}