{"id":1762,"date":"2014-05-01T19:58:42","date_gmt":"2014-05-01T17:58:42","guid":{"rendered":"http:\/\/www.strickforum.de\/blog\/?p=1762"},"modified":"2014-05-01T19:58:42","modified_gmt":"2014-05-01T17:58:42","slug":"etwas-furs-baby","status":"publish","type":"post","link":"https:\/\/www.strickforum.de\/blog\/etwas-furs-baby\/","title":{"rendered":"Etwas f\u00fcrs Baby"},"content":{"rendered":"<p>Wie ich Anfang des Jahres bereits erw\u00e4hnte, gibt es diversen Nachwuchs im Kreis meiner Kollegen. Und f\u00fcr eines dieser Kinder, einen kleinen Jungen, der Ende Mai erwartet wird, wurde k\u00fcrzlich ein <a href=\"http:\/\/www.ravelry.com\/patterns\/library\/ulina\" targete=\"_blank\">&#8220;Ulina&#8221;<\/a>-J\u00e4ckchen (Ravelry-Link) fertig. So sieht es aus:<\/p>\n<p><img data-recalc-dims=\"1\" decoding=\"async\" src=\"https:\/\/i0.wp.com\/www.strickforum.de\/images\/blog\/14_05\/ulina_fritz.jpg?w=840\" alt=\"Ulina-Jacke\" \/><\/p>\n<p>Ich habe Reste von Wollmeise &#8220;Pure&#8221; verarbeitet, ein ged\u00e4mpftes Mittelblau (vermutlich Moses WD), ein Rest Olio Vergine (das ist das Ockergelb) und etwas namenloses Dunkelrotes, das beim Stricken meines &#8220;1Sleeved&#8221; \u00fcbrig geblieben war, insgesamt etwa 160 Gramm. Die Kn\u00f6pfe haben \u00fcbrigens die Form kleiner Schildkr\u00f6ten.<\/p>\n<p>Eigentlich sind diese Jacken recht flott gestrickt, aber diesmal habe ich mit sechs Wochen relativ viel Zeit daf\u00fcr ben\u00f6tigt. Weshalb es so lange gedauert hat, wei\u00df ich auch nicht genau. Ich war in den letzten Wochen meistens m\u00fcde und ersch\u00f6pft und konnte mich nicht aufraffen, die Stricknadeln zur Hand zu nehmen. Nun hoffe ich, dass meine Strick-Unlust wieder vergeht und ich etwas produktiver werde.<\/p>\n","protected":false},"excerpt":{"rendered":"<p>Wie ich Anfang des Jahres bereits erw\u00e4hnte, gibt es diversen Nachwuchs im Kreis meiner Kollegen. Und f\u00fcr eines dieser Kinder, einen kleinen Jungen, der Ende Mai erwartet wird, wurde k\u00fcrzlich ein &#8220;Ulina&#8221;-J\u00e4ckchen (Ravelry-Link) fertig. So sieht es aus: Ich habe Reste von Wollmeise &#8220;Pure&#8221; verarbeitet, ein ged\u00e4mpftes Mittelblau (vermutlich Moses WD), ein Rest Olio Vergine &hellip; <a href=\"https:\/\/www.strickforum.de\/blog\/etwas-furs-baby\/\" class=\"more-link\"><span class=\"screen-reader-text\">\u201eEtwas f\u00fcrs Baby\u201c <\/span>weiterlesen<\/a><\/p>\n","protected":false},"author":3,"featured_media":0,"comment_status":"open","ping_status":"open","sticky":false,"template":"","format":"standard","meta":{"_seopress_robots_primary_cat":"","_seopress_titles_title":"","_seopress_titles_desc":"","_seopress_robots_index":"","_crdt_document":"","jetpack_post_was_ever_published":false,"_jetpack_newsletter_access":"","_jetpack_dont_email_post_to_subs":false,"_jetpack_newsletter_tier_id":0,"_jetpack_memberships_contains_paywalled_content":false,"_jetpack_memberships_contains_paid_content":false,"footnotes":"","jetpack_publicize_message":"","jetpack_publicize_feature_enabled":true,"jetpack_social_post_already_shared":false,"jetpack_social_options":{"image_generator_settings":{"template":"highway","default_image_id":0,"font":"","enabled":false},"version":2}},"categories":[6],"tags":[],"class_list":["post-1762","post","type-post","status-publish","format-standard","hentry","category-6"],"jetpack_publicize_connections":[],"jetpack_featured_media_url":"","jetpack_sharing_enabled":true,"jetpack_shortlink":"https:\/\/wp.me\/p7JbSI-sq","jetpack-related-posts":[{"id":1181,"url":"https:\/\/www.strickforum.de\/blog\/die-verstrickte-dienstagsfrage-222011\/","url_meta":{"origin":1762,"position":0},"title":"Die verstrickte Dienstagsfrage 22\/2011","author":"Admin","date":"31. Mai 2011","format":false,"excerpt":"Das Wollschaf fragt diese Woche: Was macht ihr mit Wollresten? Nein, ich meine nicht die Sockenwollreste, wo alles die gleiche Laufl\u00e4nge hat, sondern ein halbes Kn\u00e4uelchen hiervon, Zweieinhalb Kn\u00e4uel davon, 270g von was ganz anderem, 120g Effektgarn und alles in unterschiedlicher Nadelst\u00e4rke. Was halt in einem normalen StrickerInnenhaushalt so anf\u00e4llt.\u2026","rel":"","context":"In &quot;Stricken&quot;","block_context":{"text":"Stricken","link":"https:\/\/www.strickforum.de\/blog\/category\/3\/"},"img":{"alt_text":"","src":"","width":0,"height":0},"classes":[]},{"id":2773,"url":"https:\/\/www.strickforum.de\/blog\/ich-liebe-garnreste\/","url_meta":{"origin":1762,"position":1},"title":"Ich liebe Garnreste","author":"Admin","date":"28. Juni 2019","format":false,"excerpt":"Vor allem Strick-Anf\u00e4nger wollen am liebsten nur eine genau passende Menge Garn f\u00fcr ihre Wunsch-Projekte kaufen oder suchen nach einer Anleitung, die exakt so viel Garn von genau der Qualit\u00e4t erfordert, wie sie sie haben. Es soll m\u00f6glichst nichts \u00fcbrig bleiben. Oft habe ich solche Anfragen in diversen Foren gelesen\u2026","rel":"","context":"In &quot;Stricken&quot;","block_context":{"text":"Stricken","link":"https:\/\/www.strickforum.de\/blog\/category\/3\/"},"img":{"alt_text":"Tuch \"Random Ridge\" in Arbeit","src":"https:\/\/i0.wp.com\/www.strickforum.de\/blog\/wp-content\/uploads\/2019\/06\/random-ridge_2.jpg?resize=350%2C200&ssl=1","width":350,"height":200,"srcset":"https:\/\/i0.wp.com\/www.strickforum.de\/blog\/wp-content\/uploads\/2019\/06\/random-ridge_2.jpg?resize=350%2C200&ssl=1 1x, https:\/\/i0.wp.com\/www.strickforum.de\/blog\/wp-content\/uploads\/2019\/06\/random-ridge_2.jpg?resize=525%2C300&ssl=1 1.5x, https:\/\/i0.wp.com\/www.strickforum.de\/blog\/wp-content\/uploads\/2019\/06\/random-ridge_2.jpg?resize=700%2C400&ssl=1 2x"},"classes":[]},{"id":1442,"url":"https:\/\/www.strickforum.de\/blog\/die-verstrickte-dienstagsfrage-412012\/","url_meta":{"origin":1762,"position":2},"title":"Die verstrickte Dienstagsfrage 41\/2012","author":"Admin","date":"9. Oktober 2012","format":false,"excerpt":"Diese Woche hat das Wollschaf eine Frage von mir ausgew\u00e4hlt: Ich lese immer wieder von Restedecken, Monstersocken und \u00e4hnlichem. Manche Strickerinnen schaffen es anscheinend, auch den letzten Meter Garn noch irgendwie sinnvoll zu verwerten. Wie weit gehst Du da? Welche Mengen verarbeitest Du noch zu irgendetwas? Ab wann (wieviel Gramm,\u2026","rel":"","context":"In &quot;Stricken&quot;","block_context":{"text":"Stricken","link":"https:\/\/www.strickforum.de\/blog\/category\/3\/"},"img":{"alt_text":"","src":"","width":0,"height":0},"classes":[]},{"id":1777,"url":"https:\/\/www.strickforum.de\/blog\/nicht-ganz-passend-zur-jahreszeit\/","url_meta":{"origin":1762,"position":3},"title":"Nicht ganz passend zur Jahreszeit","author":"Admin","date":"25. Mai 2014","format":false,"excerpt":"Wenn man f\u00fcrs Anfertigen eines Pullovers mehrere Wochen oder sogar Monate ben\u00f6tigt, tut man gut daran, antizyklisch zu stricken. Die Sommersachen sollte man also im Sp\u00e4twinter beginnen und die Wintersachen sp\u00e4testens Anfang Dezember beenden. Mit meinem k\u00fcrzlich fertig gewordenen Pullover liege ich ziemlich daneben. Immerhin ist es ein Leichtgewicht. Drei\u2026","rel":"","context":"In &quot;Stricken&quot;","block_context":{"text":"Stricken","link":"https:\/\/www.strickforum.de\/blog\/category\/3\/"},"img":{"alt_text":"","src":"","width":0,"height":0},"classes":[]},{"id":1381,"url":"https:\/\/www.strickforum.de\/blog\/dreimal-laut-geflucht\/","url_meta":{"origin":1762,"position":4},"title":"Dreimal laut geflucht","author":"Admin","date":"26. Mai 2012","format":false,"excerpt":"Derzeit stricke ich an der ichwei\u00dfnicht wievielten Version eines \u201cUlina\u201d-J\u00e4ckchens. Ich kann's eigentlich auswendig, es ist kinderleicht. Aber es setzt voraus, dass man a) z\u00e4hlen kann und b) die korrekte Maschenzahl anschl\u00e4gt. Anscheinend ist mein Z\u00e4hlwerk besch\u00e4digt, denn ich habe, wie man auf dem Bild unschwer erkennen kann, zehn Maschen\u2026","rel":"","context":"In &quot;Stricken&quot;","block_context":{"text":"Stricken","link":"https:\/\/www.strickforum.de\/blog\/category\/3\/"},"img":{"alt_text":"","src":"","width":0,"height":0},"classes":[]},{"id":3586,"url":"https:\/\/www.strickforum.de\/blog\/lazy-lara\/","url_meta":{"origin":1762,"position":5},"title":"Lazy Lara","author":"Admin","date":"5. April 2023","format":false,"excerpt":"Hier handelt es sich nat\u00fcrlich nicht um ein faules M\u00e4dchen, sondern um ein handgestricktes Tuch. Es geh\u00f6rt zu Birgit Freyers \"Lazy\"-Reihe. Diese T\u00fccher werden kraus oder glatt rechts gestrickt und bekommen zum Abschluss eine mehr oder weniger breite Lochmuster-Bord\u00fcre. Das Modell \"Lazy Lara\" gefiel mir besonders gut, deshalb kaufte ich\u2026","rel":"","context":"In &quot;Stricken&quot;","block_context":{"text":"Stricken","link":"https:\/\/www.strickforum.de\/blog\/category\/3\/"},"img":{"alt_text":"","src":"https:\/\/i0.wp.com\/www.strickforum.de\/blog\/wp-content\/uploads\/2023\/04\/lazy-lara_complete.jpg?resize=350%2C200&ssl=1","width":350,"height":200,"srcset":"https:\/\/i0.wp.com\/www.strickforum.de\/blog\/wp-content\/uploads\/2023\/04\/lazy-lara_complete.jpg?resize=350%2C200&ssl=1 1x, https:\/\/i0.wp.com\/www.strickforum.de\/blog\/wp-content\/uploads\/2023\/04\/lazy-lara_complete.jpg?resize=525%2C300&ssl=1 1.5x, https:\/\/i0.wp.com\/www.strickforum.de\/blog\/wp-content\/uploads\/2023\/04\/lazy-lara_complete.jpg?resize=700%2C400&ssl=1 2x, https:\/\/i0.wp.com\/www.strickforum.de\/blog\/wp-content\/uploads\/2023\/04\/lazy-lara_complete.jpg?resize=1050%2C600&ssl=1 3x, https:\/\/i0.wp.com\/www.strickforum.de\/blog\/wp-content\/uploads\/2023\/04\/lazy-lara_complete.jpg?resize=1400%2C800&ssl=1 4x"},"classes":[]}],"_links":{"self":[{"href":"https:\/\/www.strickforum.de\/blog\/wp-json\/wp\/v2\/posts\/1762","targetHints":{"allow":["GET"]}}],"collection":[{"href":"https:\/\/www.strickforum.de\/blog\/wp-json\/wp\/v2\/posts"}],"about":[{"href":"https:\/\/www.strickforum.de\/blog\/wp-json\/wp\/v2\/types\/post"}],"author":[{"embeddable":true,"href":"https:\/\/www.strickforum.de\/blog\/wp-json\/wp\/v2\/users\/3"}],"replies":[{"embeddable":true,"href":"https:\/\/www.strickforum.de\/blog\/wp-json\/wp\/v2\/comments?post=1762"}],"version-history":[{"count":0,"href":"https:\/\/www.strickforum.de\/blog\/wp-json\/wp\/v2\/posts\/1762\/revisions"}],"wp:attachment":[{"href":"https:\/\/www.strickforum.de\/blog\/wp-json\/wp\/v2\/media?parent=1762"}],"wp:term":[{"taxonomy":"category","embeddable":true,"href":"https:\/\/www.strickforum.de\/blog\/wp-json\/wp\/v2\/categories?post=1762"},{"taxonomy":"post_tag","embeddable":true,"href":"https:\/\/www.strickforum.de\/blog\/wp-json\/wp\/v2\/tags?post=1762"}],"curies":[{"name":"wp","href":"https:\/\/api.w.org\/{rel}","templated":true}]}}