{"id":1768,"date":"2014-05-09T21:45:16","date_gmt":"2014-05-09T19:45:16","guid":{"rendered":"http:\/\/www.strickforum.de\/blog\/?p=1768"},"modified":"2017-08-25T21:08:37","modified_gmt":"2017-08-25T19:08:37","slug":"verknotungen","status":"publish","type":"post","link":"https:\/\/www.strickforum.de\/blog\/verknotungen\/","title":{"rendered":"Verknotungen"},"content":{"rendered":"<p>Wenn man Arthur C. Clarke Glauben schenken kann, dann ist (falls Ihr auch irgendwann \u201c2001: Odyssee im Weltraum\u201d gelesen habt) die F\u00e4higkeit, einen Knoten zu bilden, ein erstes Zeichen von Zivilisation und Technologie. Tats\u00e4chlich d\u00fcrften sich viele nichtmenschliche Lebewesen mit dieser Aufgabe schwer tun. Zugegeben, manche Rankpflanze bringt mit einiger M\u00fche vielleicht einen Knoten zustande, aber ein Delfin (wahrlich kein dummes Gesch\u00f6pf) oder selbst ein Elefant d\u00fcrften damit \u00fcberfordert sein.<\/p>\n<p>Umso mehr erstaunt mich, wozu unbelebte Materie in der Lage ist. Sobald ich ein Ladekabel, ein Paar Kopfh\u00f6rer oder auch nur meine Computermaus in meinen Rucksack stecke, fangen diese Gegenst\u00e4nde selbstt\u00e4tig an, Verschlingungen zu bilden. Wenn ich sie eine halbe Stunde sp\u00e4ter wieder herausziehen will, dann ist mindestens ein Knoten drin.<\/p>\n<p>Es liegt \u00fcbrigens nicht an meinem Rucksack, das habe ich getestet. Es funktioniert ebenso gut in der Tasche, in der ich meinen Strickprojekte bef\u00f6rdere oder ganz allgemein auf einer beliebigen Oberfl\u00e4che, auf der sich Teile von Elektro-Kleinger\u00e4ten befinden. Kaum legt man sie ab, selbstverst\u00e4ndlich mit ziemlich ordentlich aufgewickeltem Kabel, und begibt sich au\u00dfer Sichtweite, fangen sie schnell und heimlich an, Knoten zu formen.<\/p>\n<p><img data-recalc-dims=\"1\" decoding=\"async\" src=\"https:\/\/i0.wp.com\/www.strickforum.de\/images\/blog\/14_05\/kabelknoten.jpg?w=840\" alt=\"verknotete Kabel\" \/><\/p>\n<p>Es bleibt mir nur die Schlussfolgerung, dass wir es hier mit den Anf\u00e4ngen einer Maschinen-Zivilisation zu tun haben, denen zweifellos fr\u00fcher oder sp\u00e4ter ein Aufstand eben dieser Maschinen folgen wird. Und wenn wir ihnen nicht rechtzeitig Einhalt gebieten, erwachen wir eines sch\u00f6nen Morgens sauber verschn\u00fcrt in den Stromkabeln des Radioweckers und der Nachttischlampe, die sich \u00fcber Nacht gegen uns verb\u00fcndet haben.<\/p>\n<p>Den interessantesten Knoten, an den ich mich erinnere, produzierte \u00fcbrigens Sherilyn Fenn als \u201cAudrey Horne\u201d in einer Folge von \u201cTwin Peaks\u201d: Sie verknotete einen Kirschstiel in ihrem Mund, ohne die H\u00e4nde zu Hilfe zu nehmen.<\/p>\n","protected":false},"excerpt":{"rendered":"<p>Wenn man Arthur C. Clarke Glauben schenken kann, dann ist (falls Ihr auch irgendwann \u201c2001: Odyssee im Weltraum\u201d gelesen habt) die F\u00e4higkeit, einen Knoten zu bilden, ein erstes Zeichen von Zivilisation und Technologie. Tats\u00e4chlich d\u00fcrften sich viele nichtmenschliche Lebewesen mit dieser Aufgabe schwer tun. Zugegeben, manche Rankpflanze bringt mit einiger M\u00fche vielleicht einen Knoten zustande, &hellip; <a href=\"https:\/\/www.strickforum.de\/blog\/verknotungen\/\" class=\"more-link\"><span class=\"screen-reader-text\">\u201eVerknotungen\u201c <\/span>weiterlesen<\/a><\/p>\n","protected":false},"author":3,"featured_media":0,"comment_status":"open","ping_status":"open","sticky":false,"template":"","format":"standard","meta":{"_seopress_robots_primary_cat":"","_seopress_titles_title":"","_seopress_titles_desc":"","_seopress_robots_index":"","_crdt_document":"","jetpack_post_was_ever_published":false,"_jetpack_newsletter_access":"","_jetpack_dont_email_post_to_subs":false,"_jetpack_newsletter_tier_id":0,"_jetpack_memberships_contains_paywalled_content":false,"_jetpack_memberships_contains_paid_content":false,"footnotes":"","jetpack_publicize_message":"","jetpack_publicize_feature_enabled":true,"jetpack_social_post_already_shared":false,"jetpack_social_options":{"image_generator_settings":{"template":"highway","default_image_id":0,"font":"","enabled":false},"version":2}},"categories":[5],"tags":[],"class_list":["post-1768","post","type-post","status-publish","format-standard","hentry","category-5"],"jetpack_publicize_connections":[],"jetpack_featured_media_url":"","jetpack_sharing_enabled":true,"jetpack_shortlink":"https:\/\/wp.me\/p7JbSI-sw","jetpack-related-posts":[{"id":722,"url":"https:\/\/www.strickforum.de\/blog\/die-verstrickte-dienstagsfrage-212009\/","url_meta":{"origin":1768,"position":0},"title":"Die verstrickte Dienstagsfrage 21\/2009","author":"Admin","date":"19. Mai 2009","format":false,"excerpt":"Das Wollschaf fragt: Meine Frage gliedert sich in mehrere Teile: 1. Was macht ihr, wenn ihr ein Garn mit einem oder mehreren Knoten im Kn\u00e4uel erworben habt? a) z\u00e4hneknirschend das Garn verarbeiten? b) Im Blog andere Strickende darauf hinweisen und die Herstellerfirma verfluchen? c) Beim Laden\/ Onlineshop Beschwerde einreichen und\u2026","rel":"","context":"In &quot;Stricken&quot;","block_context":{"text":"Stricken","link":"https:\/\/www.strickforum.de\/blog\/category\/3\/"},"img":{"alt_text":"","src":"","width":0,"height":0},"classes":[]},{"id":128,"url":"https:\/\/www.strickforum.de\/blog\/eine-schande\/","url_meta":{"origin":1768,"position":1},"title":"Eine Schande!","author":"Admin","date":"7. M\u00e4rz 2006","format":false,"excerpt":"Diese arme Jacke (die \u201cKnot Cable Jacket\u201d von Debbie Bliss aus der \u201cNoro Collection 2\u201d, gestrickt aus Noro Silk Garden) liegt nun seit fast einem Jahr herum. Eigentlich sogar schon seit zwei Jahren, denn da hatte ich angefangen, sie zu stricken. Als sie im Herbst 2004 fertig war, war sie\u2026","rel":"","context":"In &quot;Stricken&quot;","block_context":{"text":"Stricken","link":"https:\/\/www.strickforum.de\/blog\/category\/3\/"},"img":{"alt_text":"Knot Cable Jacket, Debbie Bliss, Noro Collection 2","src":"https:\/\/i0.wp.com\/www.strickforum.de\/blog\/media\/1\/20060307-knot_cable_leib.jpg?resize=350%2C200","width":350,"height":200},"classes":[]},{"id":991,"url":"https:\/\/www.strickforum.de\/blog\/die-verstrickte-dienstagsfrage-302010\/","url_meta":{"origin":1768,"position":2},"title":"Die verstrickte Dienstagsfrage 30\/2010","author":"Admin","date":"27. Juli 2010","format":false,"excerpt":"Das Wollschaf fragt diesmal: Ich verwende sehr gern handgef\u00e4rbte Wolle, die immer in Str\u00e4ngen geliefert wird. Erheblich weniger gern verbringe ich meine Zeit damit, diese Str\u00e4nge m\u00fchsam per Hand zu Kn\u00e4ueln zu wickeln. Manchmal verheddert sich der Faden beim Wickeln, manchmal ist der Strang in sich verheddert, es gibt Knoten,\u2026","rel":"","context":"In &quot;Stricken&quot;","block_context":{"text":"Stricken","link":"https:\/\/www.strickforum.de\/blog\/category\/3\/"},"img":{"alt_text":"","src":"","width":0,"height":0},"classes":[]},{"id":133,"url":"https:\/\/www.strickforum.de\/blog\/endlich-fruhling\/","url_meta":{"origin":1768,"position":3},"title":"Endlich Fr\u00fchling","author":"Admin","date":"27. M\u00e4rz 2006","format":false,"excerpt":"Rechtzeitig zum Winterende wurde die \u201cKnot Cable Jacket\u201d aus der \u201cNoro Collection 2\u201d von Debbie Bliss endlich fertig. Ihre Trageprobe hat sie mit Bravour bestanden. Der Stehkragen ist ein wenig hoch am Hals, die vorderen Enden kratzen ein bi\u00dfchen, aber das ist ertr\u00e4glich. Davon abgesehen war ich erstaunt, wie gut\u2026","rel":"","context":"In &quot;Stricken&quot;","block_context":{"text":"Stricken","link":"https:\/\/www.strickforum.de\/blog\/category\/3\/"},"img":{"alt_text":"Modell 3 aus Filati Heft 25","src":"https:\/\/i0.wp.com\/www.strickforum.de\/blog\/media\/1\/20060327-filati25_03.jpg?resize=350%2C200","width":350,"height":200},"classes":[]},{"id":13,"url":"https:\/\/www.strickforum.de\/blog\/grrrrr\/","url_meta":{"origin":1768,"position":4},"title":"Grrrrr","author":"Admin","date":"29. M\u00e4rz 2005","format":false,"excerpt":"Da haben wir gerade erst \u00fcber Fehler in englischen Anleitungen diskutiert, und nun stolpere ich beim Versuch, die \u201cknot cable jacket\u201d erneut, kleiner und damit passend zu stricken, \u00fcber mindestens drei Fehler. Der erste ist bereits in der Grundmusteranleitung f\u00fcr \u201ccable panel B\u201d. Der mittlere Zopf mu\u00df dort in der\u2026","rel":"","context":"In &quot;Stricken&quot;","block_context":{"text":"Stricken","link":"https:\/\/www.strickforum.de\/blog\/category\/3\/"},"img":{"alt_text":"","src":"","width":0,"height":0},"classes":[]},{"id":3338,"url":"https:\/\/www.strickforum.de\/blog\/kein-einfaches-garn\/","url_meta":{"origin":1768,"position":5},"title":"Kein einfaches Garn","author":"Admin","date":"23. Januar 2022","format":false,"excerpt":"Die meisten Garne f\u00fcr Handstrickerinnen bestehen aus mehreren F\u00e4den, die miteinander verzwirnt sind. Das erzeugt Stabilit\u00e4t. Daneben gibt es auch Dochtgarne, die im allgemeinen locker und bauschig versponnen sind und bei denen eine Verzwirnung aus Einzelf\u00e4den nicht erkennbar ist. Und dann gibt es noch sehr feine Garne, oft auf Konen\u2026","rel":"","context":"In &quot;Stricken&quot;","block_context":{"text":"Stricken","link":"https:\/\/www.strickforum.de\/blog\/category\/3\/"},"img":{"alt_text":"","src":"https:\/\/i0.wp.com\/www.strickforum.de\/blog\/wp-content\/uploads\/2022\/01\/garn-gefacht.jpg?resize=350%2C200&ssl=1","width":350,"height":200,"srcset":"https:\/\/i0.wp.com\/www.strickforum.de\/blog\/wp-content\/uploads\/2022\/01\/garn-gefacht.jpg?resize=350%2C200&ssl=1 1x, https:\/\/i0.wp.com\/www.strickforum.de\/blog\/wp-content\/uploads\/2022\/01\/garn-gefacht.jpg?resize=525%2C300&ssl=1 1.5x, https:\/\/i0.wp.com\/www.strickforum.de\/blog\/wp-content\/uploads\/2022\/01\/garn-gefacht.jpg?resize=700%2C400&ssl=1 2x"},"classes":[]}],"_links":{"self":[{"href":"https:\/\/www.strickforum.de\/blog\/wp-json\/wp\/v2\/posts\/1768","targetHints":{"allow":["GET"]}}],"collection":[{"href":"https:\/\/www.strickforum.de\/blog\/wp-json\/wp\/v2\/posts"}],"about":[{"href":"https:\/\/www.strickforum.de\/blog\/wp-json\/wp\/v2\/types\/post"}],"author":[{"embeddable":true,"href":"https:\/\/www.strickforum.de\/blog\/wp-json\/wp\/v2\/users\/3"}],"replies":[{"embeddable":true,"href":"https:\/\/www.strickforum.de\/blog\/wp-json\/wp\/v2\/comments?post=1768"}],"version-history":[{"count":1,"href":"https:\/\/www.strickforum.de\/blog\/wp-json\/wp\/v2\/posts\/1768\/revisions"}],"predecessor-version":[{"id":2366,"href":"https:\/\/www.strickforum.de\/blog\/wp-json\/wp\/v2\/posts\/1768\/revisions\/2366"}],"wp:attachment":[{"href":"https:\/\/www.strickforum.de\/blog\/wp-json\/wp\/v2\/media?parent=1768"}],"wp:term":[{"taxonomy":"category","embeddable":true,"href":"https:\/\/www.strickforum.de\/blog\/wp-json\/wp\/v2\/categories?post=1768"},{"taxonomy":"post_tag","embeddable":true,"href":"https:\/\/www.strickforum.de\/blog\/wp-json\/wp\/v2\/tags?post=1768"}],"curies":[{"name":"wp","href":"https:\/\/api.w.org\/{rel}","templated":true}]}}