{"id":1770,"date":"2014-05-13T21:17:38","date_gmt":"2014-05-13T19:17:38","guid":{"rendered":"http:\/\/www.strickforum.de\/blog\/?p=1770"},"modified":"2014-05-13T21:17:38","modified_gmt":"2014-05-13T19:17:38","slug":"die-verstrickte-dienstagsfrage-202014","status":"publish","type":"post","link":"https:\/\/www.strickforum.de\/blog\/die-verstrickte-dienstagsfrage-202014\/","title":{"rendered":"Die verstrickte Dienstagsfrage 20\/2014"},"content":{"rendered":"<p><b>Diese Woche hat <a href=\"http:\/\/daswollschaf.wordpress.com\/2014\/05\/13\/die-verstrickte-dienstagsfrage-202014\/\">das Wollschaf<\/a> gewisserma\u00dfen eine Grundsatzfrage:<br \/>\nWarum macht ihr bei der Verstrickten Dienstagsfrage mit?<br \/>\nIst es einfach eine M\u00f6glichkeit, regelm\u00e4\u00dfig zu bloggen?<br \/>\nInteressiert euch, was andere zur gestellten Frage antworten?<br \/>\nVersucht ihr durchs Verlinken bei den Antworten mehr Besucher zu bekommen?<br \/>\nAntwortet ihr auf jede Frage oder nur auf die, zu denen ihr wirklich etwas zu sagen wisst?<br \/>\nVielen Dank an <a href=\"http:\/\/www.mit-nadel-und-faden.info\/\">Jana<\/a> f\u00fcr die heutige Frage!<\/b><\/p>\n<p>Antworten auf Dienstagsfragen schreibe ich genau dann, wenn ich glaube, damit einen oder mehrere Aspekte der Fragestellung sinnvoll und\/oder hilfreich zu beleuchten. <br \/>\nUnd die Antworten der anderen lese ich genau dann, wenn mich das Thema interessiert.  <br \/>\nEs gibt durchaus Fragen, zu denen mir nichts Vern\u00fcnftiges einf\u00e4llt, die ich langweilig finde oder die mich schlichtweg nicht betreffen. In so einem Fall spare ich mir die Zeit und M\u00fche, eine Antwort zu verfassen und erspare meinen Lesern so manchen nutzlosen Beitrag.<\/p>\n","protected":false},"excerpt":{"rendered":"<p>Diese Woche hat das Wollschaf gewisserma\u00dfen eine Grundsatzfrage: Warum macht ihr bei der Verstrickten Dienstagsfrage mit? Ist es einfach eine M\u00f6glichkeit, regelm\u00e4\u00dfig zu bloggen? Interessiert euch, was andere zur gestellten Frage antworten? Versucht ihr durchs Verlinken bei den Antworten mehr Besucher zu bekommen? Antwortet ihr auf jede Frage oder nur auf die, zu denen ihr &hellip; <a href=\"https:\/\/www.strickforum.de\/blog\/die-verstrickte-dienstagsfrage-202014\/\" class=\"more-link\"><span class=\"screen-reader-text\">\u201eDie verstrickte Dienstagsfrage 20\/2014\u201c <\/span>weiterlesen<\/a><\/p>\n","protected":false},"author":3,"featured_media":0,"comment_status":"open","ping_status":"open","sticky":false,"template":"","format":"standard","meta":{"_seopress_robots_primary_cat":"","_seopress_titles_title":"","_seopress_titles_desc":"","_seopress_robots_index":"","_crdt_document":"","jetpack_post_was_ever_published":false,"_jetpack_newsletter_access":"","_jetpack_dont_email_post_to_subs":false,"_jetpack_newsletter_tier_id":0,"_jetpack_memberships_contains_paywalled_content":false,"_jetpack_memberships_contains_paid_content":false,"footnotes":"","jetpack_publicize_message":"","jetpack_publicize_feature_enabled":true,"jetpack_social_post_already_shared":false,"jetpack_social_options":{"image_generator_settings":{"template":"highway","default_image_id":0,"font":"","enabled":false},"version":2}},"categories":[5],"tags":[],"class_list":["post-1770","post","type-post","status-publish","format-standard","hentry","category-5"],"jetpack_publicize_connections":[],"jetpack_featured_media_url":"","jetpack_sharing_enabled":true,"jetpack_shortlink":"https:\/\/wp.me\/p7JbSI-sy","jetpack-related-posts":[{"id":1007,"url":"https:\/\/www.strickforum.de\/blog\/die-verstrickte-dienstagsfrage-352010\/","url_meta":{"origin":1770,"position":0},"title":"Die verstrickte Dienstagsfrage 35\/2010","author":"Admin","date":"31. August 2010","format":false,"excerpt":"Das Wollschaf fragt diesmal: Welches Material m\u00f6chtest du unbedingt noch verstricken? Herzlichen Dank an Annie f\u00fcr die heutige Frage! Simple Frage, simple Antwort: Unbedingt verstricken m\u00f6chte ich, genau wie Reni, das Material, das ich hier in meinem Vorrat habe. Das sind n\u00e4mlich \u00fcberwiegend Garne, die mir gut gefallen und sich\u2026","rel":"","context":"In &quot;Stricken&quot;","block_context":{"text":"Stricken","link":"https:\/\/www.strickforum.de\/blog\/category\/3\/"},"img":{"alt_text":"","src":"","width":0,"height":0},"classes":[]},{"id":689,"url":"https:\/\/www.strickforum.de\/blog\/die-verstrickte-dienstagsfrage-152009\/","url_meta":{"origin":1770,"position":1},"title":"Die verstrickte Dienstagsfrage 15\/2009","author":"Admin","date":"7. April 2009","format":false,"excerpt":"Das Wollschaf fragt: Mich w\u00fcrde mal interessieren, worin f\u00fcr Euch der Sinn der verstrickten Dienstagsfragen liegt. Einfach zu fragen und zu beantworten? Neues dazu zu lernen? Meinungen der anderen zu lesen? Sich mal richtig was von der Seele zu schreiben? Oder auch darin, die gegenseitigen Blogbesuche ein bi\u00dfchen zu erweitern?\u2026","rel":"","context":"In &quot;Allgemeines&quot;","block_context":{"text":"Allgemeines","link":"https:\/\/www.strickforum.de\/blog\/category\/1\/"},"img":{"alt_text":"","src":"","width":0,"height":0},"classes":[]},{"id":700,"url":"https:\/\/www.strickforum.de\/blog\/die-verstrickte-dienstagsfrage-172009\/","url_meta":{"origin":1770,"position":2},"title":"Die verstrickte Dienstagsfrage 17\/2009","author":"Admin","date":"21. April 2009","format":false,"excerpt":"Das Wollschaf fragt: Hallo, meine Frage schlie\u00dft sich an eine Frage an, die k\u00fcrzlich gestellt wurde, n\u00e4mlich zum Sinn der Wollschaffrage. Meine Frage geht auch an die Fragenden und ist ein hei\u00dfes Eisen: wie zufrieden seid ihr mit den Antworten auf eure Fragen? Was erwartet ihr euch von den Antworten?\u2026","rel":"","context":"In &quot;Allgemeines&quot;","block_context":{"text":"Allgemeines","link":"https:\/\/www.strickforum.de\/blog\/category\/1\/"},"img":{"alt_text":"","src":"","width":0,"height":0},"classes":[]},{"id":722,"url":"https:\/\/www.strickforum.de\/blog\/die-verstrickte-dienstagsfrage-212009\/","url_meta":{"origin":1770,"position":3},"title":"Die verstrickte Dienstagsfrage 21\/2009","author":"Admin","date":"19. Mai 2009","format":false,"excerpt":"Das Wollschaf fragt: Meine Frage gliedert sich in mehrere Teile: 1. Was macht ihr, wenn ihr ein Garn mit einem oder mehreren Knoten im Kn\u00e4uel erworben habt? a) z\u00e4hneknirschend das Garn verarbeiten? b) Im Blog andere Strickende darauf hinweisen und die Herstellerfirma verfluchen? c) Beim Laden\/ Onlineshop Beschwerde einreichen und\u2026","rel":"","context":"In &quot;Stricken&quot;","block_context":{"text":"Stricken","link":"https:\/\/www.strickforum.de\/blog\/category\/3\/"},"img":{"alt_text":"","src":"","width":0,"height":0},"classes":[]},{"id":876,"url":"https:\/\/www.strickforum.de\/blog\/die-verstrickte-dienstagsfrage-022010\/","url_meta":{"origin":1770,"position":4},"title":"Die verstrickte Dienstagsfrage 02\/2010","author":"Admin","date":"12. Januar 2010","format":false,"excerpt":"Das Wollschaf fragt: Wieviel Strickzeit hast du durchschnittlich pro Woche oder pro Monat zur Verf\u00fcgung? Konzentriert sich die Zeit auf wenige oder bestimmte Tage in der Woche oder strickst du t\u00e4glich? Herzlichen Dank an Reni f\u00fcr die heutige Frage! Diese Frage kann ich mit einem einzigen Wort beantworten: Zuwenig! Und\u2026","rel":"","context":"In &quot;Stricken&quot;","block_context":{"text":"Stricken","link":"https:\/\/www.strickforum.de\/blog\/category\/3\/"},"img":{"alt_text":"","src":"","width":0,"height":0},"classes":[]},{"id":744,"url":"https:\/\/www.strickforum.de\/blog\/die-verstrickte-dienstagsfrage-272009\/","url_meta":{"origin":1770,"position":5},"title":"Die verstrickte Dienstagsfrage 27\/2009","author":"Admin","date":"30. Juni 2009","format":false,"excerpt":"Das Wollschaf fragt: Was mich schon immer mal interessiert hat - wie alt ist eigentlich euer \u00e4ltestes Strickteil, das ihr noch immer im t\u00e4glichen Leben (also nicht nur bei der Gartenarbeit!) tragt? Herzlichen Dank an Angi f\u00fcr die heutige Frage! Erg\u00e4nzend dazu w\u00fcrde das Wollschaf dabei interessieren warum du das\u2026","rel":"","context":"In &quot;Stricken&quot;","block_context":{"text":"Stricken","link":"https:\/\/www.strickforum.de\/blog\/category\/3\/"},"img":{"alt_text":"gelbgeringelte Raglanjacke aus Baumwoll-Flamm\u00e9garn","src":"https:\/\/i0.wp.com\/www.strickforum.de\/blog\/media\/1\/20090630-raglanjacke_gelb.jpg?resize=350%2C200","width":350,"height":200},"classes":[]}],"_links":{"self":[{"href":"https:\/\/www.strickforum.de\/blog\/wp-json\/wp\/v2\/posts\/1770","targetHints":{"allow":["GET"]}}],"collection":[{"href":"https:\/\/www.strickforum.de\/blog\/wp-json\/wp\/v2\/posts"}],"about":[{"href":"https:\/\/www.strickforum.de\/blog\/wp-json\/wp\/v2\/types\/post"}],"author":[{"embeddable":true,"href":"https:\/\/www.strickforum.de\/blog\/wp-json\/wp\/v2\/users\/3"}],"replies":[{"embeddable":true,"href":"https:\/\/www.strickforum.de\/blog\/wp-json\/wp\/v2\/comments?post=1770"}],"version-history":[{"count":0,"href":"https:\/\/www.strickforum.de\/blog\/wp-json\/wp\/v2\/posts\/1770\/revisions"}],"wp:attachment":[{"href":"https:\/\/www.strickforum.de\/blog\/wp-json\/wp\/v2\/media?parent=1770"}],"wp:term":[{"taxonomy":"category","embeddable":true,"href":"https:\/\/www.strickforum.de\/blog\/wp-json\/wp\/v2\/categories?post=1770"},{"taxonomy":"post_tag","embeddable":true,"href":"https:\/\/www.strickforum.de\/blog\/wp-json\/wp\/v2\/tags?post=1770"}],"curies":[{"name":"wp","href":"https:\/\/api.w.org\/{rel}","templated":true}]}}