{"id":1775,"date":"2014-05-20T13:46:53","date_gmt":"2014-05-20T11:46:53","guid":{"rendered":"http:\/\/www.strickforum.de\/blog\/?p=1775"},"modified":"2014-05-20T13:46:53","modified_gmt":"2014-05-20T11:46:53","slug":"die-verstrickte-dienstagsfrage-212014","status":"publish","type":"post","link":"https:\/\/www.strickforum.de\/blog\/die-verstrickte-dienstagsfrage-212014\/","title":{"rendered":"Die verstrickte Dienstagsfrage 21\/2014"},"content":{"rendered":"<p><b>Diese Woche fragt <a href=\"http:\/\/daswollschaf.wordpress.com\/2014\/05\/20\/die-verstrickte-dienstagsfrage-212014\/\" target=\"_blank\">das Wollschaf:<\/a> <br \/>\nHabt Ihr schon einmal eine \u201cStrickkreuzfahrt\u201d oder einen \u201cStrickurlaub\u201d gemacht, Euch mit strickenden Freund(inn)en eine Ferienwohnung irgendwo gemietet und tagelang nur Eurem Hobby gefr\u00f6nt?<br \/>\nWenn ja, wie war es, wo war es und w\u00fcrdet Ihr das nochmal machen? Oder findet Ihr das nicht erstrebenswert?<br \/>\nWenn das so ist, warum?<br \/>\nVielen Dank an <a href=\"http:\/\/fadenwerkerin.wordpress.com\/\" target=\"_blank\">Daniela<\/a> f\u00fcr die heutige Frage!<\/b><\/p>\n<p>Einen Strickurlaub w\u00fcrde ich sehr gern mal machen. Am liebsten h\u00e4tte ich daf\u00fcr in diesem Jahr die <a href=\"http:\/\/www.janethornley.com\/blog\/index.php\/knitting\/cadres\/C25\/\" target=\"_blank\">Strickkreuzfahrt durchs Mittelmeer<\/a> mit Jane Thornley gebucht. Dabei ist man ja nicht nur mit anderen einfach so zum Stricken zusammen, sondern hat auch die Gelegenheit, mal \u00fcber die eigenen Randmaschen hinaus zu schauen und so richtig etwas dazuzulernen. Leider ist so etwas jedoch wegen diverser famili\u00e4rer Verpflichtungen f\u00fcr mich \u00e4u\u00dferst schwierig. So bleibt es bei seltenen stundenweisen Treffen mit anderen Strickerinnen. <br \/>\nEinen Termin habe ich aber fest eingeplant: Beim Wollerey-Urlaub Mitte Juli g\u00f6nne ich mir zumindest einen Tag Zusammensein mit anderen. <\/p>\n","protected":false},"excerpt":{"rendered":"<p>Diese Woche fragt das Wollschaf: Habt Ihr schon einmal eine \u201cStrickkreuzfahrt\u201d oder einen \u201cStrickurlaub\u201d gemacht, Euch mit strickenden Freund(inn)en eine Ferienwohnung irgendwo gemietet und tagelang nur Eurem Hobby gefr\u00f6nt? Wenn ja, wie war es, wo war es und w\u00fcrdet Ihr das nochmal machen? Oder findet Ihr das nicht erstrebenswert? Wenn das so ist, warum? Vielen &hellip; <a href=\"https:\/\/www.strickforum.de\/blog\/die-verstrickte-dienstagsfrage-212014\/\" class=\"more-link\"><span class=\"screen-reader-text\">\u201eDie verstrickte Dienstagsfrage 21\/2014\u201c <\/span>weiterlesen<\/a><\/p>\n","protected":false},"author":3,"featured_media":0,"comment_status":"open","ping_status":"open","sticky":false,"template":"","format":"standard","meta":{"_seopress_robots_primary_cat":"","_seopress_titles_title":"","_seopress_titles_desc":"","_seopress_robots_index":"","_crdt_document":"","jetpack_post_was_ever_published":false,"_jetpack_newsletter_access":"","_jetpack_dont_email_post_to_subs":false,"_jetpack_newsletter_tier_id":0,"_jetpack_memberships_contains_paywalled_content":false,"_jetpack_memberships_contains_paid_content":false,"footnotes":"","jetpack_publicize_message":"","jetpack_publicize_feature_enabled":true,"jetpack_social_post_already_shared":false,"jetpack_social_options":{"image_generator_settings":{"template":"highway","default_image_id":0,"font":"","enabled":false},"version":2}},"categories":[6],"tags":[],"class_list":["post-1775","post","type-post","status-publish","format-standard","hentry","category-6"],"jetpack_publicize_connections":[],"jetpack_featured_media_url":"","jetpack_sharing_enabled":true,"jetpack_shortlink":"https:\/\/wp.me\/p7JbSI-sD","jetpack-related-posts":[{"id":1752,"url":"https:\/\/www.strickforum.de\/blog\/die-verstrickte-dienstagsfrage-162014\/","url_meta":{"origin":1775,"position":0},"title":"Die verstrickte Dienstagsfrage 16\/2014","author":"Admin","date":"15. April 2014","format":false,"excerpt":"Diese Woche fragt das Wollschaf: Seid Ihr schon mal so richtig ausgeflippt, weil es mit einer Anleitung\/einem Muster\/einer Technik nicht geklappt hat? Habt ihr schon mal in die Stricknadel gebissen oder seid in Tr\u00e4nen ausgebrochen? Was ist Eure Taktik bei \u201cHandarbeitssackgassen\u201d? Vielen Dank an Daniela f\u00fcr die heutige Frage! Mir\u2026","rel":"","context":"In &quot;Stricken&quot;","block_context":{"text":"Stricken","link":"https:\/\/www.strickforum.de\/blog\/category\/3\/"},"img":{"alt_text":"","src":"","width":0,"height":0},"classes":[]},{"id":977,"url":"https:\/\/www.strickforum.de\/blog\/die-verstrickte-dienstagsfrage-272010\/","url_meta":{"origin":1775,"position":1},"title":"Die verstrickte Dienstagsfrage 27\/2010","author":"Admin","date":"6. Juli 2010","format":false,"excerpt":"Das Wollschaf fragt: Was ist f\u00fcr dich das perfekte Urlaubsgestrickt? Etwas Gro\u00dfes, Kompliziertes? Lieber etwas Kleines? Nach welchen Kriterien entscheidest du, was eingepackt wird? Darauf kann ich wieder einmal mit einem klaren \u201ces kommt darauf an\u201d antworten. Was f\u00fcr ein Urlaub soll's denn sein? Wohin soll die Reise gehen, welches\u2026","rel":"","context":"In &quot;Stricken&quot;","block_context":{"text":"Stricken","link":"https:\/\/www.strickforum.de\/blog\/category\/3\/"},"img":{"alt_text":"","src":"","width":0,"height":0},"classes":[]},{"id":1225,"url":"https:\/\/www.strickforum.de\/blog\/die-verstrickte-dienstagsfrage-332011\/","url_meta":{"origin":1775,"position":2},"title":"Die verstrickte Dienstagsfrage 33\/2011","author":"Admin","date":"16. August 2011","format":false,"excerpt":"Das Wollschaf fragt diese Woche: Habt ihr eigentlich eine \u201cTraumwolle\u201d, die ihr mal gerne verstricken wuerdet (oder auch schon verstrickt habt)? Warum ist sie eure Traumwolle? Wegen der Qualitaet, der Farben, des Strickgefuehls? Und was wuerdet ihr daraus stricken oder habt ihr daraus gestrickt? (Bilder waeren nett!) Vielen Dank an\u2026","rel":"","context":"In &quot;Stricken&quot;","block_context":{"text":"Stricken","link":"https:\/\/www.strickforum.de\/blog\/category\/3\/"},"img":{"alt_text":"Lana 200 von Lanarte","src":"https:\/\/i0.wp.com\/www.strickforum.de\/blog\/media\/1\/20110816-lana-200_lanarte.jpg?resize=350%2C200","width":350,"height":200},"classes":[]},{"id":770,"url":"https:\/\/www.strickforum.de\/blog\/die-verstrickte-dienstagsfrage-woche-33\/","url_meta":{"origin":1775,"position":3},"title":"Die verstrickte Dienstagsfrage Woche 33","author":"Admin","date":"11. August 2009","format":false,"excerpt":"Das Wollschaf fragt: Habt Ihr schon einmal die Anleitung f\u00fcr ein Kleidungsst\u00fcck (im Gegensatz zu einem Tuch oder Schal, bei dem es auf die Passform nicht ankommt) v\u00f6llig selbst\u00e4ndig berechnet? Hat das Teil dann auch gepasst? Wie zufrieden wart Ihr mit dem Strickergebnis? Herzlichen Dank an Kerstin (upps, das bin\u2026","rel":"","context":"In &quot;Stricken&quot;","block_context":{"text":"Stricken","link":"https:\/\/www.strickforum.de\/blog\/category\/3\/"},"img":{"alt_text":"","src":"","width":0,"height":0},"classes":[]},{"id":689,"url":"https:\/\/www.strickforum.de\/blog\/die-verstrickte-dienstagsfrage-152009\/","url_meta":{"origin":1775,"position":4},"title":"Die verstrickte Dienstagsfrage 15\/2009","author":"Admin","date":"7. April 2009","format":false,"excerpt":"Das Wollschaf fragt: Mich w\u00fcrde mal interessieren, worin f\u00fcr Euch der Sinn der verstrickten Dienstagsfragen liegt. Einfach zu fragen und zu beantworten? Neues dazu zu lernen? Meinungen der anderen zu lesen? Sich mal richtig was von der Seele zu schreiben? Oder auch darin, die gegenseitigen Blogbesuche ein bi\u00dfchen zu erweitern?\u2026","rel":"","context":"In &quot;Allgemeines&quot;","block_context":{"text":"Allgemeines","link":"https:\/\/www.strickforum.de\/blog\/category\/1\/"},"img":{"alt_text":"","src":"","width":0,"height":0},"classes":[]},{"id":1427,"url":"https:\/\/www.strickforum.de\/blog\/die-verstrickte-dienstagsfrage-372012\/","url_meta":{"origin":1775,"position":5},"title":"Die verstrickte Dienstagsfrage 37\/2012","author":"Admin","date":"11. September 2012","format":false,"excerpt":"Diese Woche fragt das Wollschaf: Ponchos sind auch dieses Jahr total in. Gestrickt oder geh\u00e4kelt, dass ist in diesem Fall egal. Habt ihr euch schon einen gestrickt oder steht das noch auf der Wunschliste? Oder ist so ein Poncho nicht praktisch und euer Ding? Vielen Dank an Bianca f\u00fcr die\u2026","rel":"","context":"In &quot;Stricken&quot;","block_context":{"text":"Stricken","link":"https:\/\/www.strickforum.de\/blog\/category\/3\/"},"img":{"alt_text":"","src":"","width":0,"height":0},"classes":[]}],"_links":{"self":[{"href":"https:\/\/www.strickforum.de\/blog\/wp-json\/wp\/v2\/posts\/1775","targetHints":{"allow":["GET"]}}],"collection":[{"href":"https:\/\/www.strickforum.de\/blog\/wp-json\/wp\/v2\/posts"}],"about":[{"href":"https:\/\/www.strickforum.de\/blog\/wp-json\/wp\/v2\/types\/post"}],"author":[{"embeddable":true,"href":"https:\/\/www.strickforum.de\/blog\/wp-json\/wp\/v2\/users\/3"}],"replies":[{"embeddable":true,"href":"https:\/\/www.strickforum.de\/blog\/wp-json\/wp\/v2\/comments?post=1775"}],"version-history":[{"count":0,"href":"https:\/\/www.strickforum.de\/blog\/wp-json\/wp\/v2\/posts\/1775\/revisions"}],"wp:attachment":[{"href":"https:\/\/www.strickforum.de\/blog\/wp-json\/wp\/v2\/media?parent=1775"}],"wp:term":[{"taxonomy":"category","embeddable":true,"href":"https:\/\/www.strickforum.de\/blog\/wp-json\/wp\/v2\/categories?post=1775"},{"taxonomy":"post_tag","embeddable":true,"href":"https:\/\/www.strickforum.de\/blog\/wp-json\/wp\/v2\/tags?post=1775"}],"curies":[{"name":"wp","href":"https:\/\/api.w.org\/{rel}","templated":true}]}}