{"id":1783,"date":"2014-06-02T22:11:35","date_gmt":"2014-06-02T20:11:35","guid":{"rendered":"http:\/\/www.strickforum.de\/blog\/?p=1783"},"modified":"2014-06-02T22:11:35","modified_gmt":"2014-06-02T20:11:35","slug":"noch-mal-tempest","status":"publish","type":"post","link":"https:\/\/www.strickforum.de\/blog\/noch-mal-tempest\/","title":{"rendered":"Noch mal Tempest"},"content":{"rendered":"<p>Das Jacken-Design <a href=\"http:\/\/knitty.com\/ISSUEspring08\/PATTtempest.html\">&#8220;Tempest&#8221;<\/a> hat schon ein paar Jahre auf dem Buckel, ist aber ein Klassiker, den man immer wieder gern tr\u00e4gt. Drei Versionen mal habe ich mir schon gestrickt und dabei versucht, die kleinen Macken, die der Original-Entwurf hat, Schritt f\u00fcr Schritt zu finden und zu beseitigen.<\/p>\n<p>Die angegebene Maschenprobe versuchte ich gar nicht erst zu erreichen. Da ich alle Versionen mit der Maschine stricke, muss ich auf jeden Fall auf meine eigene Maschenprobe umrechnen. Die Anleitung f\u00fcr den Saum des Originals habe ich auch nach mehrmaligem Durchlesen nicht verstanden. Deshalb habe ich meine erste Version mit ein paar Kraus-Reihen begonnen und die zweite mit einem kleinen Saum. Das fand ich einfacher und sauberer. <\/p>\n<p>Auch die urspr\u00fcnglich vorgesehene Blende gefiel mir nicht. Bei einem runden Ausschnitt kommt man mit einer einzelnen zus\u00e4tzlichen Eckmasche  an den Ecken zwischen Knopfleiste und Halskante nicht weit, auch wenn die Blende sehr schmal ist. Deshalb habe ich Leisten und Halsblende immer getrennt gestrickt. An der Strickmaschine ist das ohnehin die sinnvollere L\u00f6sung.<\/p>\n<p>Eine dritte Version strickte ich einfarbig ohne Streifen. Bei dieser fiel mir auf, dass die Taillierung f\u00fcr meinen K\u00f6rperbau nicht passt. Im Original geht es erst ein St\u00fcck geradeaus hoch, dann folgen die Abnahmen f\u00fcr die Taille:<\/p>\n<p><img data-recalc-dims=\"1\" decoding=\"async\" src=\"https:\/\/i0.wp.com\/www.strickforum.de\/images\/blog\/14_06\/tempest-1.png?w=840\" alt=\"Zu viele Ecken im Schnitt\" \/><\/p>\n<p>Das produziert, ebenso wie die entsprechende Zunahme weiter oben, eine abstehende Ecke, die ziemlich bl\u00f6d aussieht. F\u00fcr meine vierte Version habe ich deshalb den Schnitt ge\u00e4ndert:<\/p>\n<p><img data-recalc-dims=\"1\" decoding=\"async\" src=\"https:\/\/i0.wp.com\/www.strickforum.de\/images\/blog\/14_06\/tempest-2.png?w=840\" alt=\"\u00dcberz\u00e4hlige Ecken entfernt\" \/><\/p>\n<p>So d\u00fcrfte es dann besser sitzen.<\/p>\n","protected":false},"excerpt":{"rendered":"<p>Das Jacken-Design &#8220;Tempest&#8221; hat schon ein paar Jahre auf dem Buckel, ist aber ein Klassiker, den man immer wieder gern tr\u00e4gt. Drei Versionen mal habe ich mir schon gestrickt und dabei versucht, die kleinen Macken, die der Original-Entwurf hat, Schritt f\u00fcr Schritt zu finden und zu beseitigen. Die angegebene Maschenprobe versuchte ich gar nicht erst &hellip; <a href=\"https:\/\/www.strickforum.de\/blog\/noch-mal-tempest\/\" class=\"more-link\"><span class=\"screen-reader-text\">\u201eNoch mal Tempest\u201c <\/span>weiterlesen<\/a><\/p>\n","protected":false},"author":3,"featured_media":0,"comment_status":"open","ping_status":"open","sticky":false,"template":"","format":"standard","meta":{"_seopress_robots_primary_cat":"","_seopress_titles_title":"","_seopress_titles_desc":"","_seopress_robots_index":"","_crdt_document":"","jetpack_post_was_ever_published":false,"_jetpack_newsletter_access":"","_jetpack_dont_email_post_to_subs":false,"_jetpack_newsletter_tier_id":0,"_jetpack_memberships_contains_paywalled_content":false,"_jetpack_memberships_contains_paid_content":false,"footnotes":"","jetpack_publicize_message":"","jetpack_publicize_feature_enabled":true,"jetpack_social_post_already_shared":false,"jetpack_social_options":{"image_generator_settings":{"template":"highway","default_image_id":0,"font":"","enabled":false},"version":2}},"categories":[6],"tags":[],"class_list":["post-1783","post","type-post","status-publish","format-standard","hentry","category-6"],"jetpack_publicize_connections":[],"jetpack_featured_media_url":"","jetpack_sharing_enabled":true,"jetpack_shortlink":"https:\/\/wp.me\/p7JbSI-sL","jetpack-related-posts":[{"id":1789,"url":"https:\/\/www.strickforum.de\/blog\/der-x-te-tempest-ist-fertig\/","url_meta":{"origin":1783,"position":0},"title":"Der x-te Tempest ist fertig","author":"Admin","date":"22. Juni 2014","format":false,"excerpt":"Ich mag Jacken, auch wenn sie aufwendiger zu stricken sind und mehr Ausarbeitung erfordern als Pullover. Man kann sie einfach variabler tragen. Und deshalb freue ich mich, dass ich gestern die Kn\u00f6pfe an meine neueste Tempest-Version gen\u00e4ht habe. Material: 240 g Wollmeise Merino in Farbe \u201cVroni\u201d und 180 g des\u2026","rel":"","context":"In &quot;Stricken&quot;","block_context":{"text":"Stricken","link":"https:\/\/www.strickforum.de\/blog\/category\/3\/"},"img":{"alt_text":"","src":"","width":0,"height":0},"classes":[]},{"id":933,"url":"https:\/\/www.strickforum.de\/blog\/sturm-im-eiltempo-tempest-in-a-rush\/","url_meta":{"origin":1783,"position":1},"title":"Sturm im Eiltempo &#8211; Tempest in a Rush","author":"Admin","date":"18. April 2010","format":false,"excerpt":"\u201cTempest\u201d (auf Deutsch Unwetter oder Sturm) ist eine schlichte gestreifte Jacke aus der \u201cKnitty\u201d. Ich mag Gr\u00fcn, ich habe diverse gr\u00fcne Garne, und ich habe wenig Zeit. Was liegt also n\u00e4her, als diese Jacke ganz schnell auf der Strickmaschine anzufertigen? Vor allem wollte ich gern das gr\u00fcn gestreifte Filatura di\u2026","rel":"","context":"In &quot;Stricken&quot;","block_context":{"text":"Stricken","link":"https:\/\/www.strickforum.de\/blog\/category\/3\/"},"img":{"alt_text":"Tempest, Filatura di Crosa Maxime Print und Wollmeise Farbe Pesto","src":"https:\/\/i0.wp.com\/www.strickforum.de\/blog\/media\/1\/20100418-tempeststreifen_gruen.jpg?resize=350%2C200","width":350,"height":200},"classes":[]},{"id":3559,"url":"https:\/\/www.strickforum.de\/blog\/fibonacci-in-paris\/","url_meta":{"origin":1783,"position":2},"title":"Fibonacci in Paris","author":"Admin","date":"23. Februar 2023","format":false,"excerpt":"Endlich, endlich ist das Teil fertig. Das Stricken an sich war mit 14 Farben (Reste bzw. angebrochene Str\u00e4nge) schon eine Herausforderung. Hinzu kam, dass ich bei jedem Farbwechsel von neuem absch\u00e4tzen musste, wie viele Reihen sich damit noch stricken lie\u00dfen, und nat\u00fcrlich mussten die Garnenden gleich eingewebt werden. Was mit\u2026","rel":"","context":"In &quot;Stricken&quot;","block_context":{"text":"Stricken","link":"https:\/\/www.strickforum.de\/blog\/category\/3\/"},"img":{"alt_text":"","src":"https:\/\/i0.wp.com\/www.strickforum.de\/blog\/wp-content\/uploads\/2023\/02\/fibonacci-paris.jpg?resize=350%2C200&ssl=1","width":350,"height":200,"srcset":"https:\/\/i0.wp.com\/www.strickforum.de\/blog\/wp-content\/uploads\/2023\/02\/fibonacci-paris.jpg?resize=350%2C200&ssl=1 1x, https:\/\/i0.wp.com\/www.strickforum.de\/blog\/wp-content\/uploads\/2023\/02\/fibonacci-paris.jpg?resize=525%2C300&ssl=1 1.5x, https:\/\/i0.wp.com\/www.strickforum.de\/blog\/wp-content\/uploads\/2023\/02\/fibonacci-paris.jpg?resize=700%2C400&ssl=1 2x, https:\/\/i0.wp.com\/www.strickforum.de\/blog\/wp-content\/uploads\/2023\/02\/fibonacci-paris.jpg?resize=1050%2C600&ssl=1 3x, https:\/\/i0.wp.com\/www.strickforum.de\/blog\/wp-content\/uploads\/2023\/02\/fibonacci-paris.jpg?resize=1400%2C800&ssl=1 4x"},"classes":[]},{"id":1920,"url":"https:\/\/www.strickforum.de\/blog\/optimierte-version\/","url_meta":{"origin":1783,"position":3},"title":"Optimierte Version","author":"Admin","date":"12. Juni 2015","format":false,"excerpt":"Vor zwei Jahren beteiligte ich mich an dem etwas wahnwitzigen Vorhaben, innerhalb eines Jahres 13 (in Worten: dreizehn) Projekte aus bis dato nicht genutzten Strickb\u00fcchern anzufertigen. Daf\u00fcr gab es auch eigens eine Ravelry-Gruppe, die aber mittlerweile eines nat\u00fcrlichen Todes gestorben ist. Leider wurde ich mit meinen 13 Projekten doch nicht\u2026","rel":"","context":"In &quot;Stricken&quot;","block_context":{"text":"Stricken","link":"https:\/\/www.strickforum.de\/blog\/category\/3\/"},"img":{"alt_text":"","src":"","width":0,"height":0},"classes":[]},{"id":1787,"url":"https:\/\/www.strickforum.de\/blog\/die-verstrickte-dienstagsfrage-252014\/","url_meta":{"origin":1783,"position":4},"title":"Die verstrickte Dienstagsfrage 25\/2014","author":"Admin","date":"17. Juni 2014","format":false,"excerpt":"Diese Woche fragt das Wollschaf: Oft ist es so, da\u00df gerade das Modell, in das man sich unsterblich verliebt hat, nicht in der eigenen Gr\u00f6\u00dfe verf\u00fcgbar ist. Insbesondere deutsche Anleitungen sind in ihrem Gr\u00f6\u00dfenspektrum ja oft sehr eingeschr\u00e4nkt. Was macht Ihr, wenn Eure Gr\u00f6\u00dfe nicht dabei ist? Komplett umrechnen? Wenn\u2026","rel":"","context":"In &quot;Stricken&quot;","block_context":{"text":"Stricken","link":"https:\/\/www.strickforum.de\/blog\/category\/3\/"},"img":{"alt_text":"","src":"","width":0,"height":0},"classes":[]},{"id":1906,"url":"https:\/\/www.strickforum.de\/blog\/das-sind-zwei-paar-schuhe\/","url_meta":{"origin":1783,"position":5},"title":"Das sind ZWEI Paar Schuhe","author":"Admin","date":"19. April 2015","format":false,"excerpt":"Einige Arbeitskollegen aus einer anderen Abteilung treffe ich gelegentlich beim Bio-Mittagstisch. Eine Kollegin aus dieser Runde ist schwanger und entbindet voraussichtlich im August. Dass es Zwillinge werden, erw\u00e4hnte sie erst vor kurzem. Wie lange sie noch arbeiten kann, ist ungewiss, weil die Schwangerschaft jetzt schon sehr anstrengend f\u00fcr sie ist.\u2026","rel":"","context":"In &quot;Stricken&quot;","block_context":{"text":"Stricken","link":"https:\/\/www.strickforum.de\/blog\/category\/3\/"},"img":{"alt_text":"","src":"","width":0,"height":0},"classes":[]}],"_links":{"self":[{"href":"https:\/\/www.strickforum.de\/blog\/wp-json\/wp\/v2\/posts\/1783","targetHints":{"allow":["GET"]}}],"collection":[{"href":"https:\/\/www.strickforum.de\/blog\/wp-json\/wp\/v2\/posts"}],"about":[{"href":"https:\/\/www.strickforum.de\/blog\/wp-json\/wp\/v2\/types\/post"}],"author":[{"embeddable":true,"href":"https:\/\/www.strickforum.de\/blog\/wp-json\/wp\/v2\/users\/3"}],"replies":[{"embeddable":true,"href":"https:\/\/www.strickforum.de\/blog\/wp-json\/wp\/v2\/comments?post=1783"}],"version-history":[{"count":0,"href":"https:\/\/www.strickforum.de\/blog\/wp-json\/wp\/v2\/posts\/1783\/revisions"}],"wp:attachment":[{"href":"https:\/\/www.strickforum.de\/blog\/wp-json\/wp\/v2\/media?parent=1783"}],"wp:term":[{"taxonomy":"category","embeddable":true,"href":"https:\/\/www.strickforum.de\/blog\/wp-json\/wp\/v2\/categories?post=1783"},{"taxonomy":"post_tag","embeddable":true,"href":"https:\/\/www.strickforum.de\/blog\/wp-json\/wp\/v2\/tags?post=1783"}],"curies":[{"name":"wp","href":"https:\/\/api.w.org\/{rel}","templated":true}]}}