{"id":1801,"date":"2014-07-20T09:36:31","date_gmt":"2014-07-20T07:36:31","guid":{"rendered":"http:\/\/www.strickforum.de\/blog\/?p=1801"},"modified":"2014-07-20T09:36:31","modified_gmt":"2014-07-20T07:36:31","slug":"vermeidungstaktik","status":"publish","type":"post","link":"https:\/\/www.strickforum.de\/blog\/vermeidungstaktik\/","title":{"rendered":"Vermeidungstaktik"},"content":{"rendered":"<p>Eigentlich h\u00e4tte ich gewisse &#8220;Pflichtstrickereien&#8221; zu erledigen, beispielsweise neue Socken f\u00fcr ein Familienmitglied. Das Garn hat es sich selbst ausgesucht, Sockengarn f\u00fcr je ein Paar in Mittelblau und Beige-Oliv aus meinem Fundus f\u00fcr alle F\u00e4lle liegt hier bereit.<\/p>\n<p>Stattdessen beteilige ich mich derzeit an nicht weniger als drei Mystery-Knitalongs. Das ist mir noch nie passiert; vermutlich ist der Supermond daran schuld, der uns derzeit so nahe ist wie lange nicht mehr.<\/p>\n<p>In Arbeit sind momentan:<\/p>\n<p><img data-recalc-dims=\"1\" decoding=\"async\" src=\"https:\/\/i0.wp.com\/www.strickforum.de\/images\/blog\/14_07\/slipstream-cowl_clue3_470.JPG?w=840\" alt=\"Slipstream Cowl\" \/><br \/>\nEin Rundschal (vulgo: Cowl) aus dem <a href=\"http:\/\/www.ravelry.com\/patterns\/library\/slipstream-cowl\" target=\"_blank\">Slipstream-Mystery-KAL<\/a> von Louise Zass-Bangham.<\/p>\n<p><img data-recalc-dims=\"1\" decoding=\"async\" src=\"https:\/\/i0.wp.com\/www.strickforum.de\/images\/blog\/14_07\/slipstream-mitt_clue3_470.JPG?w=840\" alt=\"Slipstream Mitt\" \/><br \/>\nEin dazu passen sollender <a href=\"http:\/\/www.ravelry.com\/patterns\/library\/slipstream-mitts\" target=\"_blank\">fingerloser Handschuh<\/a> aus dem selben KAL. Ich habe f\u00fcr meinen Versuch jetzt einen nicht passenden Garnrest verwendet, werde aber, wenn vom anderen Garn genug \u00fcbrig bleibt, selbstverst\u00e4ndlich das f\u00fcr ein passendes Paar nehmen.<\/p>\n<p><img data-recalc-dims=\"1\" decoding=\"async\" src=\"https:\/\/i0.wp.com\/www.strickforum.de\/images\/blog\/14_07\/mary-lennox_clue1_470.JPG?w=840\" alt=\"Mary Lennox\" \/><br \/>\nEin Tuch <a href=\"http:\/\/www.ravelry.com\/patterns\/library\/mary-lennox\" target=\"_blank\">&#8220;Mary Lennox&#8221;<\/a> (nach dem Kinderbuch <a href=\"http:\/\/www.gutenberg.org\/ebooks\/17396\" target=\"_blank\">&#8220;The Secret Garden&#8221;<\/a> von Frances Hodgson Burnett) von Kate Poe. Zugegeben, da ist noch nicht viel zu erkennen.<\/p>\n<p>Bisher sind das kleine, nette, gut transportable Teile; und ich stricke zwei davon sogar in Runden, weil ich n\u00e4mlich nicht prinzipiell etwas gegen Rundstricken habe. \ud83d\ude09 F\u00fcr Schal und Handschuhe werden kommenden Dienstag die letzten Teile der Anleitung ver\u00f6ffentlicht; mit dem Tuch werde ich noch eine ganze Weile l\u00e4nger besch\u00e4ftigt sein.<\/p>\n","protected":false},"excerpt":{"rendered":"<p>Eigentlich h\u00e4tte ich gewisse &#8220;Pflichtstrickereien&#8221; zu erledigen, beispielsweise neue Socken f\u00fcr ein Familienmitglied. Das Garn hat es sich selbst ausgesucht, Sockengarn f\u00fcr je ein Paar in Mittelblau und Beige-Oliv aus meinem Fundus f\u00fcr alle F\u00e4lle liegt hier bereit. Stattdessen beteilige ich mich derzeit an nicht weniger als drei Mystery-Knitalongs. Das ist mir noch nie passiert; &hellip; <a href=\"https:\/\/www.strickforum.de\/blog\/vermeidungstaktik\/\" class=\"more-link\"><span class=\"screen-reader-text\">\u201eVermeidungstaktik\u201c <\/span>weiterlesen<\/a><\/p>\n","protected":false},"author":3,"featured_media":0,"comment_status":"open","ping_status":"open","sticky":false,"template":"","format":"standard","meta":{"_seopress_robots_primary_cat":"","_seopress_titles_title":"","_seopress_titles_desc":"","_seopress_robots_index":"","_crdt_document":"","jetpack_post_was_ever_published":false,"_jetpack_newsletter_access":"","_jetpack_dont_email_post_to_subs":false,"_jetpack_newsletter_tier_id":0,"_jetpack_memberships_contains_paywalled_content":false,"_jetpack_memberships_contains_paid_content":false,"footnotes":"","jetpack_publicize_message":"","jetpack_publicize_feature_enabled":true,"jetpack_social_post_already_shared":false,"jetpack_social_options":{"image_generator_settings":{"template":"highway","default_image_id":0,"font":"","enabled":false},"version":2}},"categories":[6],"tags":[],"class_list":["post-1801","post","type-post","status-publish","format-standard","hentry","category-6"],"jetpack_publicize_connections":[],"jetpack_featured_media_url":"","jetpack_sharing_enabled":true,"jetpack_shortlink":"https:\/\/wp.me\/p7JbSI-t3","jetpack-related-posts":[{"id":44,"url":"https:\/\/www.strickforum.de\/blog\/kleinkram\/","url_meta":{"origin":1801,"position":0},"title":"&#8220;Kleinkram&#8221;","author":"Admin","date":"21. Juli 2005","format":false,"excerpt":"Eigentlich stricke ich mit der Maschine am liebsten gro\u00dfe Teile. Da merkt man, wie flott es vorangeht. Um fummelige Sachen wie z.B. Fingerhandschuhe mache ich gern einen Bogen, obwohl ich auch die mittlerweile einigerma\u00dfen hinbekomme, wenn ich mich konzentriere. An solchen Kleinigkeiten wie Babysch\u00fchchen hingegen habe ich mich noch nie\u2026","rel":"","context":"In &quot;Stricken&quot;","block_context":{"text":"Stricken","link":"https:\/\/www.strickforum.de\/blog\/category\/3\/"},"img":{"alt_text":"","src":"","width":0,"height":0},"classes":[]},{"id":1659,"url":"https:\/\/www.strickforum.de\/blog\/neue-socken\/","url_meta":{"origin":1801,"position":1},"title":"Neue Socken","author":"Admin","date":"3. November 2013","format":false,"excerpt":"Socken stricke ich mit der Strickmaschine in Schlichtausf\u00fchrung, und zwar entweder wenn welche gebraucht werden oder als kleines Geschenk f\u00fcr liebe Nichtstricker. F\u00fcr diese Zwecke habe ich immer eine gewisse Menge an Sockengarn in gedeckten Farben (bzw. passend zu den Hosenbeinen der Haushaltsmitglieder) vorr\u00e4tig sowie ein kleines Kontingent in Bunt\u2026","rel":"","context":"In &quot;Stricken&quot;","block_context":{"text":"Stricken","link":"https:\/\/www.strickforum.de\/blog\/category\/3\/"},"img":{"alt_text":"","src":"","width":0,"height":0},"classes":[]},{"id":29,"url":"https:\/\/www.strickforum.de\/blog\/sockenbaumwolle-ist-knapp\/","url_meta":{"origin":1801,"position":2},"title":"Sockenbaumwolle ist knapp","author":"Admin","date":"13. Juni 2005","format":false,"excerpt":"Vor kurzem versuchte ich, bei Fischer Wolle baumwollhaltiges Sockengarn zu bestellen, m\u00f6glichst in Beige oder Natur. Es war schlechterdings nicht m\u00f6glich, alles offenbar ausverkauft. Zum Trost erhielt ich jetzt per Post aus Babenhausen eine aktuelle Farbkarte mit Preisliste. Sehr sch\u00f6n, jetzt kann ich mir in Ruhe \u00fcberlegen, welche Farben vielleicht\u2026","rel":"","context":"In &quot;Stricken&quot;","block_context":{"text":"Stricken","link":"https:\/\/www.strickforum.de\/blog\/category\/3\/"},"img":{"alt_text":"","src":"","width":0,"height":0},"classes":[]},{"id":1858,"url":"https:\/\/www.strickforum.de\/blog\/die-verstrickte-dienstagsfrage-522014\/","url_meta":{"origin":1801,"position":3},"title":"Die verstrickte Dienstagsfrage 52\/2014","author":"Admin","date":"23. Dezember 2014","format":false,"excerpt":"Heute m\u00f6chte das neugierige Wollschaf gerne wissen, ob Ihr Hamster oder Puristen seid. Hast Du einen Wollvorrat oder kaufst Du nur projektbezogen? Sch\u00f6pfst Du gerne aus dem vollen oder belasten Dich gr\u00f6\u00dfere Vorr\u00e4te eher? Das Wollschaf w\u00fcnscht Euch allen wundersch\u00f6ne Feiertage! Ich geh\u00f6re eindeutig zur Familie der Hamster. Und das\u2026","rel":"","context":"In &quot;Stricken&quot;","block_context":{"text":"Stricken","link":"https:\/\/www.strickforum.de\/blog\/category\/3\/"},"img":{"alt_text":"","src":"","width":0,"height":0},"classes":[]},{"id":314,"url":"https:\/\/www.strickforum.de\/blog\/selbstmusterndes-sockengarn-self-patterning-sock-yarn\/","url_meta":{"origin":1801,"position":4},"title":"Selbstmusterndes Sockengarn &#8211; self-patterning sock yarn","author":"Admin","date":"24. November 2007","format":false,"excerpt":"F\u00fcr den Eigenbedarf stricke ich Socken praktisch nur in gedeckten Farben und passend zur jeweiligen Hose. Wenn ich aber welche verschenke, nehme ich lieber buntes und auch selbstmusterndes Garn. Schlie\u00dflich sollen die Socken gute Laune verbreiten. So strickte ich also aus einem Kn\u00e4uel Schoeller + Stahl \u201cFortissima Colori Socka Color\u201d\u2026","rel":"","context":"In &quot;Stricken&quot;","block_context":{"text":"Stricken","link":"https:\/\/www.strickforum.de\/blog\/category\/3\/"},"img":{"alt_text":"selbstmusternde Socken, self-patterned socks","src":"https:\/\/i0.wp.com\/www.strickforum.de\/blog\/media\/1\/20071124-mexico_country_socken.jpg?resize=350%2C200","width":350,"height":200},"classes":[]},{"id":1668,"url":"https:\/\/www.strickforum.de\/blog\/die-verstrickte-dienstagsfrage-462013\/","url_meta":{"origin":1801,"position":5},"title":"Die verstrickte Dienstagsfrage 46\/2013","author":"Admin","date":"12. November 2013","format":false,"excerpt":"Diese Woche stellt das Wollschaf eine Frage aus dem Archiv vom 15.11.2005: Hast Du f\u00fcr Dich die ultimative Socke gefunden? Und strickst Du sie immer nach dem Schema F? Das hei\u00dft \u2013 nach welcher Tabelle, mit welcher Ferse, mit welcher Spitze? Immer das gleiche oder variierst Du? Ich stricke Socken\u2026","rel":"","context":"In &quot;Stricken&quot;","block_context":{"text":"Stricken","link":"https:\/\/www.strickforum.de\/blog\/category\/3\/"},"img":{"alt_text":"","src":"","width":0,"height":0},"classes":[]}],"_links":{"self":[{"href":"https:\/\/www.strickforum.de\/blog\/wp-json\/wp\/v2\/posts\/1801","targetHints":{"allow":["GET"]}}],"collection":[{"href":"https:\/\/www.strickforum.de\/blog\/wp-json\/wp\/v2\/posts"}],"about":[{"href":"https:\/\/www.strickforum.de\/blog\/wp-json\/wp\/v2\/types\/post"}],"author":[{"embeddable":true,"href":"https:\/\/www.strickforum.de\/blog\/wp-json\/wp\/v2\/users\/3"}],"replies":[{"embeddable":true,"href":"https:\/\/www.strickforum.de\/blog\/wp-json\/wp\/v2\/comments?post=1801"}],"version-history":[{"count":0,"href":"https:\/\/www.strickforum.de\/blog\/wp-json\/wp\/v2\/posts\/1801\/revisions"}],"wp:attachment":[{"href":"https:\/\/www.strickforum.de\/blog\/wp-json\/wp\/v2\/media?parent=1801"}],"wp:term":[{"taxonomy":"category","embeddable":true,"href":"https:\/\/www.strickforum.de\/blog\/wp-json\/wp\/v2\/categories?post=1801"},{"taxonomy":"post_tag","embeddable":true,"href":"https:\/\/www.strickforum.de\/blog\/wp-json\/wp\/v2\/tags?post=1801"}],"curies":[{"name":"wp","href":"https:\/\/api.w.org\/{rel}","templated":true}]}}