{"id":200,"date":"2006-10-30T08:52:54","date_gmt":"2006-10-30T07:52:54","guid":{"rendered":"http:\/\/www.strickforum.de\/blog\/?p=200"},"modified":"2006-10-30T08:52:54","modified_gmt":"2006-10-30T07:52:54","slug":"beweise-beweise","status":"publish","type":"post","link":"https:\/\/www.strickforum.de\/blog\/beweise-beweise\/","title":{"rendered":"Beweise, Beweise"},"content":{"rendered":"<p>forderte das Iberische Sch\u00e4fchen, und hier ist endlich einer.<\/p>\n<p><img data-recalc-dims=\"1\" src=\"https:\/\/i0.wp.com\/www.strickforum.de\/blog\/media\/1\/20061030-azalee02.jpg?resize=400%2C368\" width=\"400\"  height=\"368\"  alt='Azalee, 28.10.2006'  \/><\/p>\n<p>Die Azalee lebt noch, bl\u00fcht noch und ist auch sonst guter Dinge. (Das Bild ist vom 28.10.2006.) Einen \u00dcbertopf-Schoner hat sie nicht. \ud83d\ude42<\/p>\n","protected":false},"excerpt":{"rendered":"<p>forderte das Iberische Sch\u00e4fchen, und hier ist endlich einer. Die Azalee lebt noch, bl\u00fcht noch und ist auch sonst guter Dinge. (Das Bild ist vom 28.10.2006.) Einen \u00dcbertopf-Schoner hat sie nicht. \ud83d\ude42<\/p>\n","protected":false},"author":3,"featured_media":0,"comment_status":"open","ping_status":"open","sticky":false,"template":"","format":"standard","meta":{"_seopress_robots_primary_cat":"","_seopress_titles_title":"","_seopress_titles_desc":"","_seopress_robots_index":"","_crdt_document":"","jetpack_post_was_ever_published":false,"_jetpack_newsletter_access":"","_jetpack_dont_email_post_to_subs":false,"_jetpack_newsletter_tier_id":0,"_jetpack_memberships_contains_paywalled_content":false,"_jetpack_memberships_contains_paid_content":false,"footnotes":"","jetpack_publicize_message":"","jetpack_publicize_feature_enabled":true,"jetpack_social_post_already_shared":false,"jetpack_social_options":{"image_generator_settings":{"template":"highway","default_image_id":0,"font":"","enabled":false},"version":2}},"categories":[5],"tags":[],"class_list":["post-200","post","type-post","status-publish","format-standard","hentry","category-5"],"jetpack_publicize_connections":[],"jetpack_featured_media_url":"","jetpack_sharing_enabled":true,"jetpack_shortlink":"https:\/\/wp.me\/p7JbSI-3e","jetpack-related-posts":[{"id":212,"url":"https:\/\/www.strickforum.de\/blog\/blutezeit\/","url_meta":{"origin":200,"position":0},"title":"Bl\u00fctezeit","author":"Admin","date":"10. Januar 2007","format":false,"excerpt":"Hier f\u00fcr alle interessierten Kreise, besonders aber f\u00fcr das iberische Sch\u00e4fchen, ein Bild der Azalee, aufgenommen vergangenen Sonntag. Ja, sie lebt noch, was bei meinen Talent zur Pflanzenpflege ein echtes Wunder ist, und noch erstaunlicher finde ich, da\u00df sie immer noch bl\u00fcht. Liebes Sch\u00e4fchen, Du wirst diese Tatsache hoffentlich denen\u2026","rel":"","context":"In &quot;Allgemeines&quot;","block_context":{"text":"Allgemeines","link":"https:\/\/www.strickforum.de\/blog\/category\/1\/"},"img":{"alt_text":"Azalee im Januar \/ azalea in January","src":"https:\/\/i0.wp.com\/www.strickforum.de\/blog\/media\/1\/20070110-azalee_0701.jpg?resize=350%2C200","width":350,"height":200},"classes":[]},{"id":191,"url":"https:\/\/www.strickforum.de\/blog\/beweisfoto\/","url_meta":{"origin":200,"position":1},"title":"Beweisfoto","author":"Admin","date":"21. September 2006","format":false,"excerpt":"Bekanntlich habe ich ja nicht gerade einen gr\u00fcnen Daumen. Aber um die Kollegen zu beruhigen, die am Wohlergehen dieser Azalee interessiert sind: Sie w\u00e4chst, bl\u00fcht und gedeiht wie bl\u00f6d. :-) Vermutlich weil ich in der letzten Zeit soviel unterwegs war, da\u00df sie von mir kaum etwas gesehen hat. Picture of\u2026","rel":"","context":"In &quot;Allgemeines&quot;","block_context":{"text":"Allgemeines","link":"https:\/\/www.strickforum.de\/blog\/category\/1\/"},"img":{"alt_text":"Azalee mit verschiedenfarbigen Bl\u00fcten \/ Azalea, varying colours","src":"https:\/\/i0.wp.com\/www.strickforum.de\/blog\/media\/1\/20060921-azalee.jpg?resize=350%2C200","width":350,"height":200},"classes":[]},{"id":154,"url":"https:\/\/www.strickforum.de\/blog\/putztausend\/","url_meta":{"origin":200,"position":2},"title":"Putztausend!","author":"Admin","date":"25. Mai 2006","format":false,"excerpt":"Keine Ahnung, ob mein frankophoner Kollege V. hier mitliest, vermutlich eher nicht, aber das iberische Sch\u00e4fchen, das zu meiner Stammleserschaft z\u00e4hlt, wird ihn sicherlich auf diesen Beitrag aufmerksam machen. ;-) Also: In Sachen Glas-Teekanne mit braun belegter T\u00fclle helfen eine d\u00fcnne Flaschenb\u00fcrste aus dem Drogeriemarkt und etwas Zitronensaft. Ja, Zitronensaft\u2026","rel":"","context":"In &quot;Allgemeines&quot;","block_context":{"text":"Allgemeines","link":"https:\/\/www.strickforum.de\/blog\/category\/1\/"},"img":{"alt_text":"","src":"","width":0,"height":0},"classes":[]},{"id":1559,"url":"https:\/\/www.strickforum.de\/blog\/die-rose\/","url_meta":{"origin":200,"position":3},"title":"Die Rose","author":"Admin","date":"13. Mai 2013","format":false,"excerpt":"Ich habe keinen Garten, und Gartenarbeit ist auch nicht mein Ding. Aber seit vorgestern bin ich mehr oder weniger stolze Besitzerin einer einzelnen Pflanze Rosa Centifolia Muscosa, und gestern hat sie ein windgesch\u00fctztes Pl\u00e4tzchen am Haus bekommen. Es ist eine Alte Rose, die Sorte geht angeblich zur\u00fcck bis auf das\u2026","rel":"","context":"In &quot;Allgemeines&quot;","block_context":{"text":"Allgemeines","link":"https:\/\/www.strickforum.de\/blog\/category\/1\/"},"img":{"alt_text":"","src":"","width":0,"height":0},"classes":[]},{"id":570,"url":"https:\/\/www.strickforum.de\/blog\/die-verstrickte-dienstagsfrage-the-wool-sheeps-question-482008\/","url_meta":{"origin":200,"position":4},"title":"Die verstrickte Dienstagsfrage &#8211; the Wool Sheep&#8217;s question 48\/2008","author":"Admin","date":"25. November 2008","format":false,"excerpt":"Das Wollschaf fragt: Jinx hat nach Leichen im Keller gefragt. Die Frage fand das Wollschaf so prima, dass es sie, mit ihrer Erlaubnis, auch einmal hier stellen m\u00f6chte. Also la\u00dft es das Sch\u00e4fchen wissen, was war, nach eurer heutigen Meinung der absolute Fehlkauf und lagert noch ganz tief vergraben unter\u2026","rel":"","context":"In &quot;Stricken&quot;","block_context":{"text":"Stricken","link":"https:\/\/www.strickforum.de\/blog\/category\/3\/"},"img":{"alt_text":"Argyll Laser Print","src":"https:\/\/i0.wp.com\/www.strickforum.de\/blog\/media\/1\/20081125-argyll_laserprint.jpg?resize=350%2C200","width":350,"height":200},"classes":[]},{"id":308,"url":"https:\/\/www.strickforum.de\/blog\/socken-socks\/","url_meta":{"origin":200,"position":5},"title":"Socken &#8211; socks","author":"Admin","date":"9. November 2007","format":false,"excerpt":"Falls jemand glaubt, ich m\u00f6ge keine Socken oder k\u00f6nnte keine stricken, hier ist der Gegenbeweis. Ich habe reichlich selbstgestrickte Socken. :-) Allerdings sind sie f\u00fcr mich simple Gebrauchsgegenst\u00e4nde, f\u00fcr die ich nicht mehr Zeit und Aufmerksamkeit aufwende als n\u00f6tig. In case anybody should think I do not like socks or\u2026","rel":"","context":"In &quot;Stricken&quot;","block_context":{"text":"Stricken","link":"https:\/\/www.strickforum.de\/blog\/category\/3\/"},"img":{"alt_text":"Sockenschublade, sock drawer","src":"https:\/\/i0.wp.com\/www.strickforum.de\/blog\/media\/1\/20071109-sock_drawer.jpg?resize=350%2C200","width":350,"height":200},"classes":[]}],"_links":{"self":[{"href":"https:\/\/www.strickforum.de\/blog\/wp-json\/wp\/v2\/posts\/200","targetHints":{"allow":["GET"]}}],"collection":[{"href":"https:\/\/www.strickforum.de\/blog\/wp-json\/wp\/v2\/posts"}],"about":[{"href":"https:\/\/www.strickforum.de\/blog\/wp-json\/wp\/v2\/types\/post"}],"author":[{"embeddable":true,"href":"https:\/\/www.strickforum.de\/blog\/wp-json\/wp\/v2\/users\/3"}],"replies":[{"embeddable":true,"href":"https:\/\/www.strickforum.de\/blog\/wp-json\/wp\/v2\/comments?post=200"}],"version-history":[{"count":0,"href":"https:\/\/www.strickforum.de\/blog\/wp-json\/wp\/v2\/posts\/200\/revisions"}],"wp:attachment":[{"href":"https:\/\/www.strickforum.de\/blog\/wp-json\/wp\/v2\/media?parent=200"}],"wp:term":[{"taxonomy":"category","embeddable":true,"href":"https:\/\/www.strickforum.de\/blog\/wp-json\/wp\/v2\/categories?post=200"},{"taxonomy":"post_tag","embeddable":true,"href":"https:\/\/www.strickforum.de\/blog\/wp-json\/wp\/v2\/tags?post=200"}],"curies":[{"name":"wp","href":"https:\/\/api.w.org\/{rel}","templated":true}]}}