{"id":207,"date":"2006-12-19T21:22:02","date_gmt":"2006-12-19T20:22:02","guid":{"rendered":"http:\/\/www.strickforum.de\/blog\/?p=207"},"modified":"2006-12-19T21:22:02","modified_gmt":"2006-12-19T20:22:02","slug":"die-letzten-socken-des-jahres","status":"publish","type":"post","link":"https:\/\/www.strickforum.de\/blog\/die-letzten-socken-des-jahres\/","title":{"rendered":"Die letzten Socken des Jahres"},"content":{"rendered":"<p>entstanden heute f\u00fcr eine Bekannte, die etwas Aufmunterung gebrauchen kann. Ich hatte den Auftrag erhalten, ein Paar sch\u00f6n bunte Socken zu stricken. Richtig buntes Sockengarn habe ich allerdings gar nicht vorr\u00e4tig, weil die, f\u00fcr die ich stricke (mich selbst inbegriffen), normalerweise nur gedeckte Farben haben m\u00f6chten. Also mu\u00dfte ich Garn kaufen. Im ersten Wollgesch\u00e4ft, das ich betrat, war das braungestreifte Garn (Austermann &#8220;Step&#8221; mit Aloe vera und Jojoba\u00f6l) noch das farbigste. Es erschien mir dann aber doch etwas trist, deshalb kaufte ich in einem anderen Gesch\u00e4ft ein Kn\u00e4uel Schoeller + Stahl &#8220;Fortissima Color Socka Colori&#8221;.<br \/>\nZuhause setzte ich mich an die Strickmaschine und verstrickte zuerst das Austermann-Garn. Das ist so wundervoll weich, da\u00df sogar die Strickmaschine vor Wohlbehagen zu schnurren schien. Im Vergleich dazu f\u00fchlte sich &#8220;Fortissima Socka&#8221; geradezu rauh an. Au\u00dferdem mu\u00dfte ich bei diesem Kn\u00e4uel etwa zehn Gramm abwickeln, bis ich wieder den passenden Rapport-Abschnitt f\u00fcr die zweite Socke hatte.<br \/>\nDie Empf\u00e4ngerin wird jedenfalls beide Paare erhalten, eins f\u00fcr die Augen und eins f\u00fcr die Haptik. \ud83d\ude42<\/p>\n<p><img data-recalc-dims=\"1\" src=\"https:\/\/i0.wp.com\/www.strickforum.de\/blog\/media\/1\/20061219-last_socks.jpg?resize=400%2C339\" width=\"400\"  height=\"339\"  alt='letzte Socken des Jahres \/ this year's last socks'  \/><\/p>\n<div class=\"content-title\">\n<h3>This year&#8217;s last socks<\/h3>\n<\/div>\n<p>were made today for an acquaintance who needs to be cheered-up. I was asked to knit a pair of nice colourful socks for her. Unfortunately, I do not have any really colourful sock yarn in my stash because those that I knit for (myself included) prefer muted sock colours. So I had to buy some yarn.<br \/>\nThe most vividly coloured yarn at the first wool shop I entered was the brownish stripey one (Austermann &#8220;Step&#8221; with aloe vera and yoyoba oil). It seemed a bit dull to me, so I went to another shop and bought a ball of Schoeller + Stahl &#8220;Fortissima Color Socka Colori&#8221;.<br \/>\nAt home, I sat down at the knitting machine and first made socks from the Austermann yarn. This yarn is so wonderfully soft that even the knitting machine seemed to purr with delight. In comparison, &#8220;Fortissima Socka&#8221; felt quite harsh. And I had to wind off 10 grammes to get to the right spot to start the second sock.<br \/>\nNevertheless, the recipient will get both pairs, one to look at and one to feel. <\/p>\n","protected":false},"excerpt":{"rendered":"<p>entstanden heute f\u00fcr eine Bekannte, die etwas Aufmunterung gebrauchen kann. Ich hatte den Auftrag erhalten, ein Paar sch\u00f6n bunte Socken zu stricken. Richtig buntes Sockengarn habe ich allerdings gar nicht vorr\u00e4tig, weil die, f\u00fcr die ich stricke (mich selbst inbegriffen), normalerweise nur gedeckte Farben haben m\u00f6chten. Also mu\u00dfte ich Garn kaufen. Im ersten Wollgesch\u00e4ft, das &hellip; <a href=\"https:\/\/www.strickforum.de\/blog\/die-letzten-socken-des-jahres\/\" class=\"more-link\"><span class=\"screen-reader-text\">\u201eDie letzten Socken des Jahres\u201c <\/span>weiterlesen<\/a><\/p>\n","protected":false},"author":3,"featured_media":0,"comment_status":"open","ping_status":"open","sticky":false,"template":"","format":"standard","meta":{"_seopress_robots_primary_cat":"","_seopress_titles_title":"","_seopress_titles_desc":"","_seopress_robots_index":"","_crdt_document":"","jetpack_post_was_ever_published":false,"_jetpack_newsletter_access":"","_jetpack_dont_email_post_to_subs":false,"_jetpack_newsletter_tier_id":0,"_jetpack_memberships_contains_paywalled_content":false,"_jetpack_memberships_contains_paid_content":false,"footnotes":"","jetpack_publicize_message":"","jetpack_publicize_feature_enabled":true,"jetpack_social_post_already_shared":false,"jetpack_social_options":{"image_generator_settings":{"template":"highway","default_image_id":0,"font":"","enabled":false},"version":2}},"categories":[6],"tags":[],"class_list":["post-207","post","type-post","status-publish","format-standard","hentry","category-6"],"jetpack_publicize_connections":[],"jetpack_featured_media_url":"","jetpack_sharing_enabled":true,"jetpack_shortlink":"https:\/\/wp.me\/p7JbSI-3l","jetpack-related-posts":[{"id":229,"url":"https:\/\/www.strickforum.de\/blog\/da-ist-er\/","url_meta":{"origin":207,"position":0},"title":"Da ist er","author":"Admin","date":"24. M\u00e4rz 2007","format":false,"excerpt":"Fertig gestrickt, zusammengen\u00e4ht, gewaschen und bereits getragen ist meine Interpretation des Modells 9 aus dem Sabrina-Februarheft. Anstelle des Originalgarns (Austermann \u201cBambou Soft\u201d) nahm ich Noro Cash Iroha. Die Leibteile sind von Hand gestrickt, die \u00c4rmel auf dem Grobstricker. In meiner Version habe sie eine richtige Armkugel und sind auch etwas\u2026","rel":"","context":"In &quot;Stricken&quot;","block_context":{"text":"Stricken","link":"https:\/\/www.strickforum.de\/blog\/category\/3\/"},"img":{"alt_text":"Sabrina Februar 2007, Modell 9, fertig","src":"https:\/\/i0.wp.com\/www.strickforum.de\/blog\/media\/1\/20070324-sabrina_0702_09_fertig.jpg?resize=350%2C200","width":350,"height":200},"classes":[]},{"id":2898,"url":"https:\/\/www.strickforum.de\/blog\/wips-zuwenig-genau-richtig-zuviel\/","url_meta":{"origin":207,"position":1},"title":"WIPs: Zuwenig? Genau richtig? Zuviel?","author":"Admin","date":"15. Januar 2020","format":false,"excerpt":"Es ist zwar schon relativ sp\u00e4t, aber da ich lange nichts von mir h\u00f6ren bzw. lesen lie\u00df, w\u00fcnsche ich meinen Leserinnen und Lesern erst einmal ein sch\u00f6nes und erfolgreiches neues Jahr. Gute Vors\u00e4tze f\u00fcr 2020 habe ich \u00fcbrigens keine; in meinem Alter sollte man unrealistischen Tr\u00e4umen nicht mehr nachjagen. Stattdessen\u2026","rel":"","context":"In &quot;Stricken&quot;","block_context":{"text":"Stricken","link":"https:\/\/www.strickforum.de\/blog\/category\/3\/"},"img":{"alt_text":"","src":"https:\/\/i0.wp.com\/www.strickforum.de\/blog\/wp-content\/uploads\/2020\/01\/delicate-dreiecktuch.jpg?resize=350%2C200&ssl=1","width":350,"height":200,"srcset":"https:\/\/i0.wp.com\/www.strickforum.de\/blog\/wp-content\/uploads\/2020\/01\/delicate-dreiecktuch.jpg?resize=350%2C200&ssl=1 1x, https:\/\/i0.wp.com\/www.strickforum.de\/blog\/wp-content\/uploads\/2020\/01\/delicate-dreiecktuch.jpg?resize=525%2C300&ssl=1 1.5x, https:\/\/i0.wp.com\/www.strickforum.de\/blog\/wp-content\/uploads\/2020\/01\/delicate-dreiecktuch.jpg?resize=700%2C400&ssl=1 2x"},"classes":[]},{"id":2444,"url":"https:\/\/www.strickforum.de\/blog\/tag-der-wolle\/","url_meta":{"origin":207,"position":2},"title":"Tag der Wolle","author":"Admin","date":"2. September 2017","format":false,"excerpt":"Es gibt alle m\u00f6glichen Gedenktage: M\u00e4nnern, Frauen, Kindern und Eltern gewidmet, f\u00fcr Hunde und Katzen, gegen etwas (Armut, Menschenhandel, Korruption) oder f\u00fcr etwas (Gewaltlosigkeit, Freundschaft, H\u00e4ndewaschen).\u00a0So war es wahrscheinlich nur eine Frage der Zeit, bis der OZ-Verlag anl\u00e4sslich des 30j\u00e4hrigen Jubil\u00e4ums der Strickzeitschrift \"Sabrina\" einen Tag der Wolle ausrief. Geladen\u2026","rel":"","context":"In &quot;Stricken&quot;","block_context":{"text":"Stricken","link":"https:\/\/www.strickforum.de\/blog\/category\/3\/"},"img":{"alt_text":"","src":"https:\/\/i0.wp.com\/www.strickforum.de\/blog\/wp-content\/uploads\/2017\/09\/austermann.jpg?resize=350%2C200","width":350,"height":200,"srcset":"https:\/\/i0.wp.com\/www.strickforum.de\/blog\/wp-content\/uploads\/2017\/09\/austermann.jpg?resize=350%2C200 1x, https:\/\/i0.wp.com\/www.strickforum.de\/blog\/wp-content\/uploads\/2017\/09\/austermann.jpg?resize=525%2C300 1.5x, https:\/\/i0.wp.com\/www.strickforum.de\/blog\/wp-content\/uploads\/2017\/09\/austermann.jpg?resize=700%2C400 2x"},"classes":[]},{"id":2567,"url":"https:\/\/www.strickforum.de\/blog\/tag-der-wolle-2018\/","url_meta":{"origin":207,"position":3},"title":"Tag der Wolle 2018","author":"Admin","date":"17. September 2018","format":false,"excerpt":"(In diesem Beitrag finden sich Firmenbezeichnungen und Links, die man als Werbung ansehen kann.) Letzten Samstag war es so weit, Angela von https:\/\/bestrickendes.de und ich brachen auf nach Freiburg zum diesj\u00e4hrigen Tag der Wolle, der wieder vom OZ-Verlag organisiert wurde. Wegen einer Autobahnsperrung gestaltete sich die Anreise langwieriger als geplant,\u2026","rel":"","context":"In &quot;Stricken&quot;","block_context":{"text":"Stricken","link":"https:\/\/www.strickforum.de\/blog\/category\/3\/"},"img":{"alt_text":"Garne von Knitting Fever","src":"https:\/\/i0.wp.com\/www.strickforum.de\/blog\/wp-content\/uploads\/2018\/09\/tdw_knittingfever.jpg?resize=350%2C200","width":350,"height":200,"srcset":"https:\/\/i0.wp.com\/www.strickforum.de\/blog\/wp-content\/uploads\/2018\/09\/tdw_knittingfever.jpg?resize=350%2C200 1x, https:\/\/i0.wp.com\/www.strickforum.de\/blog\/wp-content\/uploads\/2018\/09\/tdw_knittingfever.jpg?resize=525%2C300 1.5x, https:\/\/i0.wp.com\/www.strickforum.de\/blog\/wp-content\/uploads\/2018\/09\/tdw_knittingfever.jpg?resize=700%2C400 2x"},"classes":[]},{"id":1659,"url":"https:\/\/www.strickforum.de\/blog\/neue-socken\/","url_meta":{"origin":207,"position":4},"title":"Neue Socken","author":"Admin","date":"3. November 2013","format":false,"excerpt":"Socken stricke ich mit der Strickmaschine in Schlichtausf\u00fchrung, und zwar entweder wenn welche gebraucht werden oder als kleines Geschenk f\u00fcr liebe Nichtstricker. F\u00fcr diese Zwecke habe ich immer eine gewisse Menge an Sockengarn in gedeckten Farben (bzw. passend zu den Hosenbeinen der Haushaltsmitglieder) vorr\u00e4tig sowie ein kleines Kontingent in Bunt\u2026","rel":"","context":"In &quot;Stricken&quot;","block_context":{"text":"Stricken","link":"https:\/\/www.strickforum.de\/blog\/category\/3\/"},"img":{"alt_text":"","src":"","width":0,"height":0},"classes":[]},{"id":901,"url":"https:\/\/www.strickforum.de\/blog\/ja-ich-stricke-noch-still-knitting\/","url_meta":{"origin":207,"position":5},"title":"Ja, ich stricke noch &#8211; Still knitting","author":"Admin","date":"6. M\u00e4rz 2010","format":false,"excerpt":"Infolge anderer Verpflichtungen wird bei mir derzeit nichts fertig. Nicht einmal an der Strickmaschine, obwohl das eigentliche Stricken damit ja deutlich schneller geht als von Hand. In Arbeit ist zur Zeit am Grobstricker ein Pullover mit Doppelbett-Vorlegemuster. Man strickt \u00fcber alle Nadeln am hinteren Nadelbett und jede 4. Nadel am\u2026","rel":"","context":"In &quot;Stricken&quot;","block_context":{"text":"Stricken","link":"https:\/\/www.strickforum.de\/blog\/category\/3\/"},"img":{"alt_text":"Vorlegemuster - slip stitch pattern","src":"https:\/\/i0.wp.com\/www.strickforum.de\/blog\/media\/1\/20100306-microlana-fine_slipstitch.jpg?resize=350%2C200","width":350,"height":200},"classes":[]}],"_links":{"self":[{"href":"https:\/\/www.strickforum.de\/blog\/wp-json\/wp\/v2\/posts\/207","targetHints":{"allow":["GET"]}}],"collection":[{"href":"https:\/\/www.strickforum.de\/blog\/wp-json\/wp\/v2\/posts"}],"about":[{"href":"https:\/\/www.strickforum.de\/blog\/wp-json\/wp\/v2\/types\/post"}],"author":[{"embeddable":true,"href":"https:\/\/www.strickforum.de\/blog\/wp-json\/wp\/v2\/users\/3"}],"replies":[{"embeddable":true,"href":"https:\/\/www.strickforum.de\/blog\/wp-json\/wp\/v2\/comments?post=207"}],"version-history":[{"count":0,"href":"https:\/\/www.strickforum.de\/blog\/wp-json\/wp\/v2\/posts\/207\/revisions"}],"wp:attachment":[{"href":"https:\/\/www.strickforum.de\/blog\/wp-json\/wp\/v2\/media?parent=207"}],"wp:term":[{"taxonomy":"category","embeddable":true,"href":"https:\/\/www.strickforum.de\/blog\/wp-json\/wp\/v2\/categories?post=207"},{"taxonomy":"post_tag","embeddable":true,"href":"https:\/\/www.strickforum.de\/blog\/wp-json\/wp\/v2\/tags?post=207"}],"curies":[{"name":"wp","href":"https:\/\/api.w.org\/{rel}","templated":true}]}}