{"id":217,"date":"2007-01-22T20:32:18","date_gmt":"2007-01-22T19:32:18","guid":{"rendered":"http:\/\/www.strickforum.de\/blog\/?p=217"},"modified":"2007-01-22T20:32:18","modified_gmt":"2007-01-22T19:32:18","slug":"strickprobe-mit-meriseda","status":"publish","type":"post","link":"https:\/\/www.strickforum.de\/blog\/strickprobe-mit-meriseda\/","title":{"rendered":"Strickprobe mit &#8220;Meriseda&#8221;"},"content":{"rendered":"<p>Gestern habe ich die lilafarbene &#8220;Meriseda&#8221; von der <a href=\"http:\/\/myblog.de\/wollerey\">Wollerey<\/a> getestet. Das Garn l\u00e4uft erstaunlich gut auf dem Feinstricker. Mit MW 9 kam ich auf ungef\u00e4hr 26-27 Maschen pro 10 cm. Das Gestrick fa\u00dft sich sehr angenehm an, es eignet sich bestimmt gut f\u00fcr einen leichten Pulli oder \u00e4hnliches f\u00fcr die \u00dcbergangszeit. Durch die F\u00e4rbung wirkt das Maschenbild sehr lebendig.<br \/>\nUm das Garn auch wirklich zu nutzen, habe ich einen Zopfmuster-Pulli f\u00fcr unsere Freundin Barbie gestrickt, auf der Strickmaschine nat\u00fcrlich. Und damit sie gut angezogen in de Fr\u00fchling gehen kann, gab&#8217;s noch einen kleinen Glockenrock aus Sockengarn dazu, quer gestrickt mit verk\u00fcrzten Reihen. (Ja, es ist das gleiche Garn wie das vom Kaffeebecherschoner.)<br \/>\nWenn Ihr m\u00f6chtet (und wenn ich die Zeit finde), schreibe ich mal Anleitungen f\u00fcr beide Teile.<\/p>\n<table>\n<tr>\n<td><img data-recalc-dims=\"1\" src=\"https:\/\/i0.wp.com\/www.strickforum.de\/blog\/media\/1\/20070122-meriseda_barbie01.jpg?resize=186%2C327\" width=\"186\"  height=\"327\"  alt='Barbie in Meriseda )%><\/td>\n<td><%image(20070122-meriseda_barbie02.jpg'  \/><\/td>\n<\/tr>\n<\/table>\n<div class=\"content-title\">\n<h3>Test knitting &#8220;Meriseda&#8221;<\/h3>\n<\/div>\n<p>Yesterday I tested the purple &#8220;Meriseda&#8221; yarn from <a href=\"http:\/\/myblog.de\/wollerey\">Wollerey<\/a>. The yarn knits amazingly well on the standard gauge knitting machine. Tension 9 yielded about 26-27 stitches per 10 cms. The knitting has a lovely hand and seems well suited for, say a shell or light garment for spring or autumn. The hand dyeing makes it look very lively.<br \/>\nTo make good use of the sample, I knitted a cabled-patterned shell for our little friend Barbie, on the knitting machine of course. And to have her really well dressed, a sideways knit flared skirt was added, made of sock yarn. (Yes, it&#8217;s the same yarn as for the coffee mug protector.)<br \/>\nIf you want (and if I can find the time) I&#8217;ll try to provide instructions for both pieces.<\/p>\n","protected":false},"excerpt":{"rendered":"<p>Gestern habe ich die lilafarbene &#8220;Meriseda&#8221; von der Wollerey getestet. Das Garn l\u00e4uft erstaunlich gut auf dem Feinstricker. Mit MW 9 kam ich auf ungef\u00e4hr 26-27 Maschen pro 10 cm. Das Gestrick fa\u00dft sich sehr angenehm an, es eignet sich bestimmt gut f\u00fcr einen leichten Pulli oder \u00e4hnliches f\u00fcr die \u00dcbergangszeit. Durch die F\u00e4rbung wirkt &hellip; <a href=\"https:\/\/www.strickforum.de\/blog\/strickprobe-mit-meriseda\/\" class=\"more-link\"><span class=\"screen-reader-text\">\u201eStrickprobe mit &#8220;Meriseda&#8221;\u201c <\/span>weiterlesen<\/a><\/p>\n","protected":false},"author":3,"featured_media":0,"comment_status":"open","ping_status":"open","sticky":false,"template":"","format":"standard","meta":{"_seopress_robots_primary_cat":"","_seopress_titles_title":"","_seopress_titles_desc":"","_seopress_robots_index":"","_crdt_document":"","jetpack_post_was_ever_published":false,"_jetpack_newsletter_access":"","_jetpack_dont_email_post_to_subs":false,"_jetpack_newsletter_tier_id":0,"_jetpack_memberships_contains_paywalled_content":false,"_jetpack_memberships_contains_paid_content":false,"footnotes":"","jetpack_publicize_message":"","jetpack_publicize_feature_enabled":true,"jetpack_social_post_already_shared":false,"jetpack_social_options":{"image_generator_settings":{"template":"highway","default_image_id":0,"font":"","enabled":false},"version":2}},"categories":[6],"tags":[],"class_list":["post-217","post","type-post","status-publish","format-standard","hentry","category-6"],"jetpack_publicize_connections":[],"jetpack_featured_media_url":"","jetpack_sharing_enabled":true,"jetpack_shortlink":"https:\/\/wp.me\/p7JbSI-3v","jetpack-related-posts":[{"id":1965,"url":"https:\/\/www.strickforum.de\/blog\/pulli-mit-kragen\/","url_meta":{"origin":217,"position":0},"title":"Pulli mit Kragen","author":"Admin","date":"2. Januar 2016","format":false,"excerpt":"In den vergangenen Jahren waren meistens Socken mein letztes und erstes Gestrick um den Jahreswechsel herum. Ende 2015 k\u00e4mpfte ich zur Abwechslung mit einem \u00e4rmellosen Pulli. Mir schwebte etwas mit w\u00e4rmendem Kragen vor, das man \u00fcber lang\u00e4rmeligen, aber weit ausgeschnittenen T-Shirts tragen kann, von denen ich mehrere besitze. Ausgangspunkt meiner\u2026","rel":"","context":"In &quot;Stricken&quot;","block_context":{"text":"Stricken","link":"https:\/\/www.strickforum.de\/blog\/category\/3\/"},"img":{"alt_text":"","src":"","width":0,"height":0},"classes":[]},{"id":1756,"url":"https:\/\/www.strickforum.de\/blog\/verena-modell-4-marilu\/","url_meta":{"origin":217,"position":1},"title":"Verena-Modell #4 Marilu","author":"Admin","date":"19. April 2014","format":false,"excerpt":"Ende M\u00e4rz beschloss ich, etwas aus der Fr\u00fchjahrs-Verena zu stricken, damit das Geld f\u00fcr die Zeitschrift nicht umsonst ausgegeben ist. Und damit es nicht zu langweilig wird, sollte es ein etwas ausgefallenes Modell sein. So kam ich auf Marilu. Die erste Herausforderung bestand darin, in meinem Vorrat ein Garn zu\u2026","rel":"","context":"In &quot;Stricken&quot;","block_context":{"text":"Stricken","link":"https:\/\/www.strickforum.de\/blog\/category\/3\/"},"img":{"alt_text":"","src":"","width":0,"height":0},"classes":[]},{"id":19,"url":"https:\/\/www.strickforum.de\/blog\/strickdesign\/","url_meta":{"origin":217,"position":2},"title":"Strickdesign","author":"Admin","date":"2. Mai 2005","format":false,"excerpt":"Das Thema Strickdesign hat mich seit Beginn meiner aktiven Strickzeit besch\u00e4ftigt, weil ich mich kaum jemals genau an Anleitungen gehalten habe. Entweder gefielen mir die Farben eines Modells nicht, oder es war nicht in meiner Gr\u00f6\u00dfe beschrieben, oder das verwendete Marken-Garn war f\u00fcr mich zu teuer, so da\u00df ich preiswerte\u2026","rel":"","context":"In &quot;Stricken&quot;","block_context":{"text":"Stricken","link":"https:\/\/www.strickforum.de\/blog\/category\/3\/"},"img":{"alt_text":"","src":"","width":0,"height":0},"classes":[]},{"id":84,"url":"https:\/\/www.strickforum.de\/blog\/gute-nachrichten-fur-die-rentenkasse\/","url_meta":{"origin":217,"position":3},"title":"Gute Nachrichten f\u00fcr die Rentenkasse","author":"Admin","date":"12. November 2005","format":false,"excerpt":"Gestern traf ich mich mit einer Bekannten, die ich \u00fcbers Internet kennengelernt habe. Wir haben dasselbe Hobby. Sie ist ebenfalls begeisterte Strickerin, allerdings hat sie zur Zeit etwas anders gelagerte Interessen. Sie erwartet n\u00e4mlich im April ein Baby. Und damit das Kleine nicht nur von den Gro\u00dfm\u00fcttern bestrickt werden mu\u00df\u2026","rel":"","context":"In &quot;Stricken&quot;","block_context":{"text":"Stricken","link":"https:\/\/www.strickforum.de\/blog\/category\/3\/"},"img":{"alt_text":"Babyschuhe aus Sockengarn mit I-cord-Bindeb\u00e4ndern","src":"https:\/\/i0.wp.com\/www.strickforum.de\/blog\/media\/1\/20051110-babyschuhe_nh.jpg?resize=350%2C200","width":350,"height":200},"classes":[]},{"id":1750,"url":"https:\/\/www.strickforum.de\/blog\/dickes-garn\/","url_meta":{"origin":217,"position":4},"title":"Dickes Garn","author":"Admin","date":"12. April 2014","format":false,"excerpt":"Es geht auf den Sommer zu, und h\u00f6chst unpassend zur Jahreszeit sind drei der vier Projekte, an denen ich gerade werkele, aus dicken Garnen. Als Entschuldigung f\u00fchre ich an, dass das eine ein Modell aus dem Verena-Fr\u00fchjahrsheft ist, n\u00e4mlich das Modell #4 Marilu. Es f\u00e4llt, wie schon andere meiner Projekte\u2026","rel":"","context":"In &quot;Stricken&quot;","block_context":{"text":"Stricken","link":"https:\/\/www.strickforum.de\/blog\/category\/3\/"},"img":{"alt_text":"","src":"","width":0,"height":0},"classes":[]},{"id":2208,"url":"https:\/\/www.strickforum.de\/blog\/abschiedsfoto-quasi\/","url_meta":{"origin":217,"position":5},"title":"Abschiedsfoto, quasi","author":"Admin","date":"13. August 2016","format":false,"excerpt":"K\u00fcrzlich erstand ich preiswert zwei Kn\u00e4uel Noro Silk Garden in der Farbe 387, einem (f\u00fcr mich jedenfalls) sch\u00f6nen Braun-Gr\u00fcn-Mix. Zuf\u00e4llig hat sich eine sehr liebe Dame aus meiner n\u00e4chsten Umgebung im Schlussverkauf eine zartgr\u00fcne Jacke gekauft. Deshalb bot es sich an, besagte zwei Kn\u00e4uel zu einem Schal passend zur Jacke\u2026","rel":"","context":"In &quot;Stricken&quot;","block_context":{"text":"Stricken","link":"https:\/\/www.strickforum.de\/blog\/category\/3\/"},"img":{"alt_text":"Wave of color, Anfang modifiziert","src":"https:\/\/i0.wp.com\/www.strickforum.de\/blog\/wp-content\/uploads\/2016\/08\/wave-of-color-abbruch-600x539.jpg?resize=350%2C200","width":350,"height":200,"srcset":"https:\/\/i0.wp.com\/www.strickforum.de\/blog\/wp-content\/uploads\/2016\/08\/wave-of-color-abbruch-600x539.jpg?resize=350%2C200 1x, https:\/\/i0.wp.com\/www.strickforum.de\/blog\/wp-content\/uploads\/2016\/08\/wave-of-color-abbruch-600x539.jpg?resize=525%2C300 1.5x"},"classes":[]}],"_links":{"self":[{"href":"https:\/\/www.strickforum.de\/blog\/wp-json\/wp\/v2\/posts\/217","targetHints":{"allow":["GET"]}}],"collection":[{"href":"https:\/\/www.strickforum.de\/blog\/wp-json\/wp\/v2\/posts"}],"about":[{"href":"https:\/\/www.strickforum.de\/blog\/wp-json\/wp\/v2\/types\/post"}],"author":[{"embeddable":true,"href":"https:\/\/www.strickforum.de\/blog\/wp-json\/wp\/v2\/users\/3"}],"replies":[{"embeddable":true,"href":"https:\/\/www.strickforum.de\/blog\/wp-json\/wp\/v2\/comments?post=217"}],"version-history":[{"count":0,"href":"https:\/\/www.strickforum.de\/blog\/wp-json\/wp\/v2\/posts\/217\/revisions"}],"wp:attachment":[{"href":"https:\/\/www.strickforum.de\/blog\/wp-json\/wp\/v2\/media?parent=217"}],"wp:term":[{"taxonomy":"category","embeddable":true,"href":"https:\/\/www.strickforum.de\/blog\/wp-json\/wp\/v2\/categories?post=217"},{"taxonomy":"post_tag","embeddable":true,"href":"https:\/\/www.strickforum.de\/blog\/wp-json\/wp\/v2\/tags?post=217"}],"curies":[{"name":"wp","href":"https:\/\/api.w.org\/{rel}","templated":true}]}}