{"id":218,"date":"2007-01-28T21:57:39","date_gmt":"2007-01-28T20:57:39","guid":{"rendered":"http:\/\/www.strickforum.de\/blog\/?p=218"},"modified":"2007-01-28T21:57:39","modified_gmt":"2007-01-28T20:57:39","slug":"jetzt-geht-es-los","status":"publish","type":"post","link":"https:\/\/www.strickforum.de\/blog\/jetzt-geht-es-los\/","title":{"rendered":"Jetzt geht es los!"},"content":{"rendered":"<p>Den Merasilk-Strang habe ich vor drei Tagen zum Kn\u00e4uel gewickelt; und seit heute stricke ich damit. Ich verrate aber noch nicht, was es wird. \ud83d\ude09 Nur soviel: Ich habe zuvor mit einem Rest Sockenwolle als &#8220;\u00dcbungsgarn&#8221; dreimal neu angefangen und herumprobiert, bis ich einigerma\u00dfen sicher war, da\u00df Technik und Muster so funktionieren, wie ich es mir vorgestellt hatte. Erst dann traute ich mich an das sch\u00f6ne gr\u00fcnmelierte Merasilk-Garn heran.<\/p>\n<p>Den Strang &#8220;Schurpur&#8221; habe ich mittlerweile auch verstrickt. Das ist ein wunderbares mittelstarkes Garn, sch\u00f6n weich und bestens f\u00fcr Strukturmuster geeignet, finde ich. F\u00fcr den Feinstricker w\u00e4re es wohl schon fast zu dick, au\u00dfer man verstrickt es z.B. mit dem KG mit gro\u00dfer Maschenweite.<\/p>\n<div class=\"content-title\">\n<h3>Here we go!<\/h3>\n<\/div>\n<p>Three days ago, I wound the &#8220;Merasilk&#8221; hank to a ball; and from today I&#8217;m knitting it. But I won&#8217;t tell you what it&#8217;s going to become. \ud83d\ude09 Just that much: I&#8217;ve started three times over again with an oddment of sock wool acting as practising yarn, until I felt that technique and pattern would work as I had imagined. Only then did I dare to use the lovely green &#8220;Merasilk&#8221; yarn.<\/p>\n<p>The sample hank &#8220;Schurpur&#8221; has been knit up these days, too. It is a wonderful DK yarn, very soft and (I think) perfectly suited for knit\/purl patterns. It may be a tad too thick for the standard knitting machine, except when using the garter carriage and working on the largest possible tension.<\/p>\n","protected":false},"excerpt":{"rendered":"<p>Den Merasilk-Strang habe ich vor drei Tagen zum Kn\u00e4uel gewickelt; und seit heute stricke ich damit. Ich verrate aber noch nicht, was es wird. \ud83d\ude09 Nur soviel: Ich habe zuvor mit einem Rest Sockenwolle als &#8220;\u00dcbungsgarn&#8221; dreimal neu angefangen und herumprobiert, bis ich einigerma\u00dfen sicher war, da\u00df Technik und Muster so funktionieren, wie ich es &hellip; <a href=\"https:\/\/www.strickforum.de\/blog\/jetzt-geht-es-los\/\" class=\"more-link\"><span class=\"screen-reader-text\">\u201eJetzt geht es los!\u201c <\/span>weiterlesen<\/a><\/p>\n","protected":false},"author":3,"featured_media":0,"comment_status":"open","ping_status":"open","sticky":false,"template":"","format":"standard","meta":{"_seopress_robots_primary_cat":"","_seopress_titles_title":"","_seopress_titles_desc":"","_seopress_robots_index":"","_crdt_document":"","jetpack_post_was_ever_published":false,"_jetpack_newsletter_access":"","_jetpack_dont_email_post_to_subs":false,"_jetpack_newsletter_tier_id":0,"_jetpack_memberships_contains_paywalled_content":false,"_jetpack_memberships_contains_paid_content":false,"footnotes":"","jetpack_publicize_message":"","jetpack_publicize_feature_enabled":true,"jetpack_social_post_already_shared":false,"jetpack_social_options":{"image_generator_settings":{"template":"highway","default_image_id":0,"font":"","enabled":false},"version":2}},"categories":[6],"tags":[],"class_list":["post-218","post","type-post","status-publish","format-standard","hentry","category-6"],"jetpack_publicize_connections":[],"jetpack_featured_media_url":"","jetpack_sharing_enabled":true,"jetpack_shortlink":"https:\/\/wp.me\/p7JbSI-3w","jetpack-related-posts":[{"id":224,"url":"https:\/\/www.strickforum.de\/blog\/proudly-presenting\/","url_meta":{"origin":218,"position":0},"title":"Proudly presenting","author":"Admin","date":"25. Februar 2007","format":false,"excerpt":"Die Merasilk-Wolle, die ich bei der Verlosung der Wollerey Anfang des Jahres gewonnen habe, ist nun verstrickt. Ich habe etwas daraus gemacht, von dem ich schon immer getr\u00e4umt habe, an das ich mich aber lange Zeit nicht herantraute: Einen M\u00f6bius-Schal mit Pfauenschweifmuster. Nach zwei Strickproben mit einem Garnrest wusste ich,\u2026","rel":"","context":"In &quot;Stricken&quot;","block_context":{"text":"Stricken","link":"https:\/\/www.strickforum.de\/blog\/category\/3\/"},"img":{"alt_text":"Merasilk Moebius Kapuzenschal","src":"https:\/\/i0.wp.com\/www.strickforum.de\/blog\/media\/1\/20070225-merasilk_moebius.jpg?resize=350%2C200","width":350,"height":200},"classes":[]},{"id":213,"url":"https:\/\/www.strickforum.de\/blog\/uberraschung-2\/","url_meta":{"origin":218,"position":1},"title":"\u00dcberraschung","author":"Admin","date":"15. Januar 2007","format":false,"excerpt":"Als ich gestern abend von einer Reise zur\u00fcckkam, lag im Briefkasten ein blauer Abholzettel f\u00fcr einen Brief, den die Post nicht hatte zustellen k\u00f6nnen. Und heute durfte ich am Postamt eine geheimnisvolle Schachtel abholen. Darin befand sich, liebevoll verpackt, ein noch geheimnisvollerer Inhalt. Und als ich dann auspackte, fand ich\u2026","rel":"","context":"In &quot;Allgemeines&quot;","block_context":{"text":"Allgemeines","link":"https:\/\/www.strickforum.de\/blog\/category\/1\/"},"img":{"alt_text":"Wollerey)%><\/td><td><%image(20070115-wollerey02.jpg","src":"https:\/\/i0.wp.com\/www.strickforum.de\/blog\/media\/1\/20070115-wollerey01.jpg?resize=350%2C200","width":350,"height":200},"classes":[]},{"id":211,"url":"https:\/\/www.strickforum.de\/blog\/ich-fass-es-nicht\/","url_meta":{"origin":218,"position":2},"title":"Ich fass es nicht!","author":"Admin","date":"7. Januar 2007","format":false,"excerpt":"Das Neue Jahr f\u00e4ngt gro\u00dfartig an; da habe ich doch tats\u00e4chlich beim Gewinnspiel der \u201cWollerey\u201d gewonnen. :-) Mein Sternzeichen mu\u00df Gl\u00fcckskeks sein! Ich bin schon sehr gespannt darauf, wie sich die \u201cMerasilk\u201d anf\u00fchlt und verarbeiten l\u00e4\u00dft. Die Farben sind schon mal gro\u00dfe Klasse, besonders gut gefallen mir die Gr\u00fcnt\u00f6ne und\u2026","rel":"","context":"In &quot;Allgemeines&quot;","block_context":{"text":"Allgemeines","link":"https:\/\/www.strickforum.de\/blog\/category\/1\/"},"img":{"alt_text":"","src":"","width":0,"height":0},"classes":[]},{"id":1799,"url":"https:\/\/www.strickforum.de\/blog\/die-verstrickte-dienstagsfrage-292014\/","url_meta":{"origin":218,"position":3},"title":"Die verstrickte Dienstagsfrage 29\/2014","author":"Admin","date":"15. Juli 2014","format":false,"excerpt":"Diese Woche fragt Dani uns und das Wollschaf: In letzter Zeit f\u00e4llt mir vor allem bei Ravelry immer mehr auf, dass bei der Vearbeitung von handgef\u00e4rbter Wolle die Farbunterschiede nicht mehr \u201cverstrickt\u201d werden. Soll hei\u00dfen, es wird mehr oder weniger bewusst ein streifiges Kleidungsstr\u00fcck produziert, weil Str\u00e4nge einzeln nacheinander und\u2026","rel":"","context":"In &quot;Stricken&quot;","block_context":{"text":"Stricken","link":"https:\/\/www.strickforum.de\/blog\/category\/3\/"},"img":{"alt_text":"","src":"","width":0,"height":0},"classes":[]},{"id":1192,"url":"https:\/\/www.strickforum.de\/blog\/die-verstrickte-dienstagsfrage-242011\/","url_meta":{"origin":218,"position":4},"title":"Die verstrickte Dienstagsfrage 24\/2011","author":"Admin","date":"14. Juni 2011","format":false,"excerpt":"Das Wollschaf fragt diesmal: Bei mir spielt es bei der Kaufentscheidung f\u00fcr oder gegen ein Garn durchaus eine Rolle, ob das Garn als Kn\u00e4uel oder nur als Strang zur Verf\u00fcgung steht. Ich kaufe nur dann Str\u00e4nge, wenn es sich nicht vermeiden l\u00e4sst (und auch das immer weniger, lieber verzichte ich\u2026","rel":"","context":"In &quot;Stricken&quot;","block_context":{"text":"Stricken","link":"https:\/\/www.strickforum.de\/blog\/category\/3\/"},"img":{"alt_text":"","src":"","width":0,"height":0},"classes":[]},{"id":26,"url":"https:\/\/www.strickforum.de\/blog\/ich-bin-so-tapfer\/","url_meta":{"origin":218,"position":5},"title":"Ich bin so tapfer!","author":"Admin","date":"6. Juni 2005","format":false,"excerpt":"Heute abend habe ich die verbliebenen F\u00e4den und N\u00e4hte des \u201ckleinen Grauen(s)\u201d aufgefieselt, einen \u00c4rmel komplett aufgeribbelt und eine neue Maschenprobe gestrickt. Mit der urspr\u00fcnglichen Maschenweite und im selben Muster. Morgen, nachdem die Maschenprobe etwas Ruhezeit hatte, werde ich mal nachmessen, ob sich etwas ver\u00e4ndert hat. Das B\u00e4ndchengarn ist definitiv\u2026","rel":"","context":"In &quot;Stricken&quot;","block_context":{"text":"Stricken","link":"https:\/\/www.strickforum.de\/blog\/category\/3\/"},"img":{"alt_text":"","src":"","width":0,"height":0},"classes":[]}],"_links":{"self":[{"href":"https:\/\/www.strickforum.de\/blog\/wp-json\/wp\/v2\/posts\/218","targetHints":{"allow":["GET"]}}],"collection":[{"href":"https:\/\/www.strickforum.de\/blog\/wp-json\/wp\/v2\/posts"}],"about":[{"href":"https:\/\/www.strickforum.de\/blog\/wp-json\/wp\/v2\/types\/post"}],"author":[{"embeddable":true,"href":"https:\/\/www.strickforum.de\/blog\/wp-json\/wp\/v2\/users\/3"}],"replies":[{"embeddable":true,"href":"https:\/\/www.strickforum.de\/blog\/wp-json\/wp\/v2\/comments?post=218"}],"version-history":[{"count":0,"href":"https:\/\/www.strickforum.de\/blog\/wp-json\/wp\/v2\/posts\/218\/revisions"}],"wp:attachment":[{"href":"https:\/\/www.strickforum.de\/blog\/wp-json\/wp\/v2\/media?parent=218"}],"wp:term":[{"taxonomy":"category","embeddable":true,"href":"https:\/\/www.strickforum.de\/blog\/wp-json\/wp\/v2\/categories?post=218"},{"taxonomy":"post_tag","embeddable":true,"href":"https:\/\/www.strickforum.de\/blog\/wp-json\/wp\/v2\/tags?post=218"}],"curies":[{"name":"wp","href":"https:\/\/api.w.org\/{rel}","templated":true}]}}