{"id":219,"date":"2007-02-01T22:09:13","date_gmt":"2007-02-01T21:09:13","guid":{"rendered":"http:\/\/www.strickforum.de\/blog\/?p=219"},"modified":"2007-02-01T22:09:13","modified_gmt":"2007-02-01T21:09:13","slug":"fruhling-voraus","status":"publish","type":"post","link":"https:\/\/www.strickforum.de\/blog\/fruhling-voraus\/","title":{"rendered":"Fr\u00fchling voraus"},"content":{"rendered":"<p>Die Schneegl\u00f6ckchen fangen an zu bl\u00fchen, und im Supermarkt werden Radieschen- und Bohnensaat verkauft. Ich hoffe, wir haben den Winter bald \u00fcberstanden, bevor er so richtig durchgestartet ist.<\/p>\n<p><img data-recalc-dims=\"1\" src=\"https:\/\/i0.wp.com\/www.strickforum.de\/blog\/media\/1\/20070201-schneeglock.jpg?resize=400%2C312\" width=\"400\"  height=\"312\"  alt='Schneegl\u00f6ckchen \/ Snowdrop'  \/><\/p>\n<div class=\"content-title\">\n<h3>Spring ahead<\/h3>\n<\/div>\n<p>The snowdrops are starting to bloom and the supermarket sells radish and bean seeds. I hope we&#8217;ll soon have overcome the winter before it has really started.<\/p>\n","protected":false},"excerpt":{"rendered":"<p>Die Schneegl\u00f6ckchen fangen an zu bl\u00fchen, und im Supermarkt werden Radieschen- und Bohnensaat verkauft. Ich hoffe, wir haben den Winter bald \u00fcberstanden, bevor er so richtig durchgestartet ist. Spring ahead The snowdrops are starting to bloom and the supermarket sells radish and bean seeds. I hope we&#8217;ll soon have overcome the winter before it has &hellip; <a href=\"https:\/\/www.strickforum.de\/blog\/fruhling-voraus\/\" class=\"more-link\"><span class=\"screen-reader-text\">\u201eFr\u00fchling voraus\u201c <\/span>weiterlesen<\/a><\/p>\n","protected":false},"author":3,"featured_media":0,"comment_status":"open","ping_status":"open","sticky":false,"template":"","format":"standard","meta":{"_seopress_robots_primary_cat":"","_seopress_titles_title":"","_seopress_titles_desc":"","_seopress_robots_index":"","_crdt_document":"","jetpack_post_was_ever_published":false,"_jetpack_newsletter_access":"","_jetpack_dont_email_post_to_subs":false,"_jetpack_newsletter_tier_id":0,"_jetpack_memberships_contains_paywalled_content":false,"_jetpack_memberships_contains_paid_content":false,"footnotes":"","jetpack_publicize_message":"","jetpack_publicize_feature_enabled":true,"jetpack_social_post_already_shared":false,"jetpack_social_options":{"image_generator_settings":{"template":"highway","default_image_id":0,"font":"","enabled":false},"version":2}},"categories":[5],"tags":[],"class_list":["post-219","post","type-post","status-publish","format-standard","hentry","category-5"],"jetpack_publicize_connections":[],"jetpack_featured_media_url":"","jetpack_sharing_enabled":true,"jetpack_shortlink":"https:\/\/wp.me\/p7JbSI-3x","jetpack-related-posts":[{"id":653,"url":"https:\/\/www.strickforum.de\/blog\/na-endlich-finally\/","url_meta":{"origin":219,"position":0},"title":"Na endlich! &#8211; Finally!","author":"Admin","date":"26. Februar 2009","format":false,"excerpt":"Die Schneegl\u00f6ckchen sind aufgewacht. The snowdrops have awoken.","rel":"","context":"In &quot;Allgemeines&quot;","block_context":{"text":"Allgemeines","link":"https:\/\/www.strickforum.de\/blog\/category\/1\/"},"img":{"alt_text":"Schneegl\u00f6ckchen - snowdrops","src":"https:\/\/i0.wp.com\/www.strickforum.de\/blog\/media\/1\/20090226-schneegl.jpg?resize=350%2C200","width":350,"height":200},"classes":[]},{"id":723,"url":"https:\/\/www.strickforum.de\/blog\/mangelwirtschaft-scarcity\/","url_meta":{"origin":219,"position":1},"title":"Mangelwirtschaft &#8211; scarcity","author":"Admin","date":"22. Mai 2009","format":false,"excerpt":"Im K\u00fchlregal des Supermarktes sah ich heute gesch\u00e4tzte 500 verschiedene Sorten Joghurt: schlicht, mit Fr\u00fcchten, mit Schokolade, mit N\u00fcssen, mit zusammengepappten Kuchenabf\u00e4llen, billig, kostspielig, f\u00fcr Kinder, f\u00fcr Senioren (wo bleibt die Variet\u00e4t f\u00fcrs premiumproduktgef\u00fctterte Haustier?), zum Trinken, zum L\u00f6ffeln, schnittfest, biologisch oder auch praktisch ganz ohne Fett. Cr\u00e8me double hingegen\u2026","rel":"","context":"In &quot;Kulinarisches&quot;","block_context":{"text":"Kulinarisches","link":"https:\/\/www.strickforum.de\/blog\/category\/7\/"},"img":{"alt_text":"","src":"","width":0,"height":0},"classes":[]},{"id":212,"url":"https:\/\/www.strickforum.de\/blog\/blutezeit\/","url_meta":{"origin":219,"position":2},"title":"Bl\u00fctezeit","author":"Admin","date":"10. Januar 2007","format":false,"excerpt":"Hier f\u00fcr alle interessierten Kreise, besonders aber f\u00fcr das iberische Sch\u00e4fchen, ein Bild der Azalee, aufgenommen vergangenen Sonntag. Ja, sie lebt noch, was bei meinen Talent zur Pflanzenpflege ein echtes Wunder ist, und noch erstaunlicher finde ich, da\u00df sie immer noch bl\u00fcht. Liebes Sch\u00e4fchen, Du wirst diese Tatsache hoffentlich denen\u2026","rel":"","context":"In &quot;Allgemeines&quot;","block_context":{"text":"Allgemeines","link":"https:\/\/www.strickforum.de\/blog\/category\/1\/"},"img":{"alt_text":"Azalee im Januar \/ azalea in January","src":"https:\/\/i0.wp.com\/www.strickforum.de\/blog\/media\/1\/20070110-azalee_0701.jpg?resize=350%2C200","width":350,"height":200},"classes":[]},{"id":773,"url":"https:\/\/www.strickforum.de\/blog\/die-spaghetti-sind-serviert-pasta-is-served\/","url_meta":{"origin":219,"position":3},"title":"Die Spaghetti sind serviert &#8211; Pasta is served","author":"Admin","date":"15. August 2009","format":false,"excerpt":"Das Ann\u00e4hen der letzten Bl\u00fcmchen ging flott, und das Zusammenn\u00e4hen der Kordeln war ebenfalls schneller erledigt als gedacht. Sechs kleine N\u00e4htchen erfordern nicht viel Zeit. Jetzt ist der Spaghetti-Schal also fertig und wird demn\u00e4chst an seine zuk\u00fcnftige Besitzerin versandt, ein M\u00e4dchen, das in diesem Herbst in die Schule kommt. Die\u2026","rel":"","context":"In &quot;Stricken&quot;","block_context":{"text":"Stricken","link":"https:\/\/www.strickforum.de\/blog\/category\/3\/"},"img":{"alt_text":"Spaghetti Scarf","src":"https:\/\/i0.wp.com\/www.strickforum.de\/blog\/media\/1\/20090815-spaghetti-scarf.jpg?resize=350%2C200","width":350,"height":200},"classes":[]},{"id":1371,"url":"https:\/\/www.strickforum.de\/blog\/pullover-in-norwegertechnik-sweater-in-fair-isle-technique\/","url_meta":{"origin":219,"position":4},"title":"Pullover in Norwegertechnik &#8211; Sweater in fair isle technique","author":"Admin","date":"9. Mai 2012","format":false,"excerpt":"So manches Strickmaschinenprojekt dauert bei mir l\u00e4nger als ein gleichartiges Handstrickprojekt bei anderen Strickerinnen. Bei diesem Pullover habe ich diese Erfahrung auch wieder gemacht. Allein das Vern\u00e4hen der immerhin etwa 80 F\u00e4den zog sich \u00fcber mehrere Abende. Ich h\u00e4tte wenigstens einige davon einweben sollen, aber das fiel mir leider erst\u2026","rel":"","context":"In &quot;Stricken&quot;","block_context":{"text":"Stricken","link":"https:\/\/www.strickforum.de\/blog\/category\/3\/"},"img":{"alt_text":"","src":"","width":0,"height":0},"classes":[]},{"id":1109,"url":"https:\/\/www.strickforum.de\/blog\/bitte-je-eines-von-jeder-sorte\/","url_meta":{"origin":219,"position":5},"title":"Bitte je eines von jeder Sorte","author":"Admin","date":"22. Januar 2011","format":false,"excerpt":"...sagte ich in der Konditorei meines Vertrauens. Was dort angeboten wird, schmeckt unvergleichlich besser als selbst die teureren Marken aus dem Supermarkt. Und mit dieser feinen Auswahl, sachgerecht aufbewahrt, ist man ein paar Tage gut versorgt, wenn der Winter-Blues zuschl\u00e4gt.","rel":"","context":"In &quot;Allgemeines&quot;","block_context":{"text":"Allgemeines","link":"https:\/\/www.strickforum.de\/blog\/category\/1\/"},"img":{"alt_text":"Pralinen-Auswahl","src":"https:\/\/i0.wp.com\/www.strickforum.de\/blog\/media\/1\/20110122-pralinen.jpg?resize=350%2C200","width":350,"height":200},"classes":[]}],"_links":{"self":[{"href":"https:\/\/www.strickforum.de\/blog\/wp-json\/wp\/v2\/posts\/219","targetHints":{"allow":["GET"]}}],"collection":[{"href":"https:\/\/www.strickforum.de\/blog\/wp-json\/wp\/v2\/posts"}],"about":[{"href":"https:\/\/www.strickforum.de\/blog\/wp-json\/wp\/v2\/types\/post"}],"author":[{"embeddable":true,"href":"https:\/\/www.strickforum.de\/blog\/wp-json\/wp\/v2\/users\/3"}],"replies":[{"embeddable":true,"href":"https:\/\/www.strickforum.de\/blog\/wp-json\/wp\/v2\/comments?post=219"}],"version-history":[{"count":0,"href":"https:\/\/www.strickforum.de\/blog\/wp-json\/wp\/v2\/posts\/219\/revisions"}],"wp:attachment":[{"href":"https:\/\/www.strickforum.de\/blog\/wp-json\/wp\/v2\/media?parent=219"}],"wp:term":[{"taxonomy":"category","embeddable":true,"href":"https:\/\/www.strickforum.de\/blog\/wp-json\/wp\/v2\/categories?post=219"},{"taxonomy":"post_tag","embeddable":true,"href":"https:\/\/www.strickforum.de\/blog\/wp-json\/wp\/v2\/tags?post=219"}],"curies":[{"name":"wp","href":"https:\/\/api.w.org\/{rel}","templated":true}]}}