{"id":220,"date":"2007-02-04T13:53:41","date_gmt":"2007-02-04T12:53:41","guid":{"rendered":"http:\/\/www.strickforum.de\/blog\/?p=220"},"modified":"2007-02-04T13:53:41","modified_gmt":"2007-02-04T12:53:41","slug":"sockenresteverbrauch","status":"publish","type":"post","link":"https:\/\/www.strickforum.de\/blog\/sockenresteverbrauch\/","title":{"rendered":"Sockenresteverbrauch"},"content":{"rendered":"<p>Nein, ich bin mir nicht sicher, ob mir das wirklich gef\u00e4llt. Aber es ist immerhin eine effiziente Art, 4fach-Sockenwollreste diverser Herkunft in Braunt\u00f6nen zu verarbeiten. Gestrickt habe ich in Intarsientechnik mit dem Feinstricker. Geplant ist erst einmal ein Pullunder. S\u00e4mtliche B\u00fcndchen und Blenden werden mit einer etwas dickeren Qualit\u00e4t (Stahlsche Wolle Robusta 4fach, LL 155 m\/50 g) gestrickt. Wahrscheinlich reicht die Menge, die ich davon habe, notfalls auch noch f\u00fcr glatt rechts gestrickte \u00c4rmel. Mal sehen, wie es sich entwickelt.<\/p>\n<p><img data-recalc-dims=\"1\" src=\"https:\/\/i0.wp.com\/www.strickforum.de\/blog\/media\/1\/20070204-sockenreste.jpg?resize=400%2C477\" width=\"400\"  height=\"477\"  alt='Pullunderteil aus Sockengarnresten \/ vest front made from sock yarn oddments'  \/><\/p>\n<div class=\"content-title\">\n<h3>Using up sock yarn oddments<\/h3>\n<\/div>\n<p>No, I&#8217;m not sure if I really like this. But it&#8217;s an efficient way to use up 4ply sock yarn oddments of sundry origins. I&#8217;ve knit in intarsia technique on the standard gauge machine. It will be be a vest so far. All welts and bands are going to be made from a slightly thicker yarn (Stahlsche Wolle Robusta 4ply, about 172 yrds per 50 g). The amount that I have of it might be enough for a pair of sleeves in plain knitting. We&#8217;ll see how it works.<\/p>\n","protected":false},"excerpt":{"rendered":"<p>Nein, ich bin mir nicht sicher, ob mir das wirklich gef\u00e4llt. Aber es ist immerhin eine effiziente Art, 4fach-Sockenwollreste diverser Herkunft in Braunt\u00f6nen zu verarbeiten. Gestrickt habe ich in Intarsientechnik mit dem Feinstricker. Geplant ist erst einmal ein Pullunder. S\u00e4mtliche B\u00fcndchen und Blenden werden mit einer etwas dickeren Qualit\u00e4t (Stahlsche Wolle Robusta 4fach, LL 155 &hellip; <a href=\"https:\/\/www.strickforum.de\/blog\/sockenresteverbrauch\/\" class=\"more-link\"><span class=\"screen-reader-text\">\u201eSockenresteverbrauch\u201c <\/span>weiterlesen<\/a><\/p>\n","protected":false},"author":3,"featured_media":0,"comment_status":"open","ping_status":"open","sticky":false,"template":"","format":"standard","meta":{"_seopress_robots_primary_cat":"","_seopress_titles_title":"","_seopress_titles_desc":"","_seopress_robots_index":"","_crdt_document":"","jetpack_post_was_ever_published":false,"_jetpack_newsletter_access":"","_jetpack_dont_email_post_to_subs":false,"_jetpack_newsletter_tier_id":0,"_jetpack_memberships_contains_paywalled_content":false,"_jetpack_memberships_contains_paid_content":false,"footnotes":"","jetpack_publicize_message":"","jetpack_publicize_feature_enabled":true,"jetpack_social_post_already_shared":false,"jetpack_social_options":{"image_generator_settings":{"template":"highway","default_image_id":0,"font":"","enabled":false},"version":2}},"categories":[6],"tags":[],"class_list":["post-220","post","type-post","status-publish","format-standard","hentry","category-6"],"jetpack_publicize_connections":[],"jetpack_featured_media_url":"","jetpack_sharing_enabled":true,"jetpack_shortlink":"https:\/\/wp.me\/p7JbSI-3y","jetpack-related-posts":[{"id":193,"url":"https:\/\/www.strickforum.de\/blog\/fur-den-nachwuchs\/","url_meta":{"origin":220,"position":0},"title":"F\u00fcr den Nachwuchs","author":"Admin","date":"25. September 2006","format":false,"excerpt":"Aus Resten von Regia 4fach Sockengarn entstanden diese kleinen Babys\u00f6ckchen. Die Tr\u00e4gerin ist knapp sechs Monate alt. :-) F\u00fcr so kleine F\u00fc\u00dfchen gibt es eigentlich keine richtigen Anleitungen, deshalb strickt man am besten ein Probes\u00f6ckchen (das geht ja schnell) und \u00e4ndert die Maschen- und Reihenzahlen nach Bedarf. Diese S\u00f6ckchen habe\u2026","rel":"","context":"In &quot;Stricken&quot;","block_context":{"text":"Stricken","link":"https:\/\/www.strickforum.de\/blog\/category\/3\/"},"img":{"alt_text":"Babys\u00f6ckchen, baby socks","src":"https:\/\/i0.wp.com\/www.strickforum.de\/blog\/media\/1\/20060925-babysoeckchen.jpg?resize=350%2C200","width":350,"height":200},"classes":[]},{"id":223,"url":"https:\/\/www.strickforum.de\/blog\/immer-wieder-niedlich\/","url_meta":{"origin":220,"position":1},"title":"Immer wieder niedlich","author":"Admin","date":"23. Februar 2007","format":false,"excerpt":"Eine Kollegin wird im Mai Mutter, und deshalb habe ich mal wieder Babyschuhe nach meiner eigenen Anleitung auf der Strickmaschine gestrickt. Da ich nicht wu\u00dfte, wie weit ich mit meinem Sockengarnrest kommen w\u00fcrde, habe ich das Muster etwas abge\u00e4ndert: Anstelle von 16 Reihen glatt rechts vor der M\u00e4usez\u00e4hnchenkante strickte ich\u2026","rel":"","context":"In &quot;Stricken&quot;","block_context":{"text":"Stricken","link":"https:\/\/www.strickforum.de\/blog\/category\/3\/"},"img":{"alt_text":"Babyschuhe \/ baby booties","src":"https:\/\/i0.wp.com\/www.strickforum.de\/blog\/media\/1\/20070223-babyschuhe_mf.jpg?resize=350%2C200","width":350,"height":200},"classes":[]},{"id":390,"url":"https:\/\/www.strickforum.de\/blog\/zweifarbig-two-coloured\/","url_meta":{"origin":220,"position":2},"title":"Zweifarbig &#8211; two-coloured","author":"Admin","date":"14. Mai 2008","format":false,"excerpt":"Weshalb bin ich nicht fr\u00fcher darauf gekommen? Wenn ein Sockengarnrest nicht mehr ganz f\u00fcr ein Paar Babyschuhe reicht, kann man prima eine Kontrastfarbe hinzunehmen, um z.B. die vorderen Teile der Schuhe und die Bindeb\u00e4nder damit zu stricken. So bin ich hier vorgegangen. Der Hauptteil ist in Dunkelblau mit farbigen Sprenkeln\u2026","rel":"","context":"In &quot;Stricken&quot;","block_context":{"text":"Stricken","link":"https:\/\/www.strickforum.de\/blog\/category\/3\/"},"img":{"alt_text":"Babyschuhe, baby booties","src":"https:\/\/i0.wp.com\/www.strickforum.de\/blog\/media\/1\/20080514-babybooties_2col.jpg?resize=350%2C200","width":350,"height":200},"classes":[]},{"id":2891,"url":"https:\/\/www.strickforum.de\/blog\/mein-erster-raglan-von-oben\/","url_meta":{"origin":220,"position":3},"title":"Mein erster Raglan von oben&#8230;","author":"Admin","date":"9. Dezember 2019","format":false,"excerpt":"beziehungsweise der erste von diversen angefangenen, der tats\u00e4chlich fertiggestellt wurde. Der weitaus gr\u00f6\u00dfte Teil meiner RVO-Versuche wurde fr\u00fcher oder sp\u00e4ter geribbelt. Eine Jacke hat noch Aussicht auf Vollendung, aber die soll heute nicht das Thema sein. Wie kam es zu diesem unerwarteten Erfolg? K\u00fcrzlich bat mich eine gute Bekannte, doch\u2026","rel":"","context":"In &quot;Stricken&quot;","block_context":{"text":"Stricken","link":"https:\/\/www.strickforum.de\/blog\/category\/3\/"},"img":{"alt_text":"Leibteil","src":"https:\/\/i0.wp.com\/www.strickforum.de\/blog\/wp-content\/uploads\/2019\/12\/8ply-baby-rvo_body.jpg?resize=350%2C200&ssl=1","width":350,"height":200,"srcset":"https:\/\/i0.wp.com\/www.strickforum.de\/blog\/wp-content\/uploads\/2019\/12\/8ply-baby-rvo_body.jpg?resize=350%2C200&ssl=1 1x, https:\/\/i0.wp.com\/www.strickforum.de\/blog\/wp-content\/uploads\/2019\/12\/8ply-baby-rvo_body.jpg?resize=525%2C300&ssl=1 1.5x, https:\/\/i0.wp.com\/www.strickforum.de\/blog\/wp-content\/uploads\/2019\/12\/8ply-baby-rvo_body.jpg?resize=700%2C400&ssl=1 2x"},"classes":[]},{"id":315,"url":"https:\/\/www.strickforum.de\/blog\/socken-verstarken-reinforcing-socks\/","url_meta":{"origin":220,"position":4},"title":"Socken verst\u00e4rken &#8211; Reinforcing socks","author":"Admin","date":"26. November 2007","format":false,"excerpt":"So manche aufstrebende Sockenstrickerin erkundigt sich vorsorglich, wo und wie sie ihre wertvollen Produkte am besten verst\u00e4rken kann. Ich habe schon hunderte von Socken gestrickt (allerdings praktisch immer nach demselben Schema und mit der Strickmaschine) und kann dazu nur sagen: Es kommt drauf an, wer sie tr\u00e4gt. Am besten analysiert\u2026","rel":"","context":"In &quot;Stricken&quot;","block_context":{"text":"Stricken","link":"https:\/\/www.strickforum.de\/blog\/category\/3\/"},"img":{"alt_text":"verst\u00e4rkte Ferse, reinforced heel","src":"https:\/\/i0.wp.com\/www.strickforum.de\/blog\/media\/1\/20071126-verstaerkt_ferse.jpg?resize=350%2C200","width":350,"height":200},"classes":[]},{"id":1668,"url":"https:\/\/www.strickforum.de\/blog\/die-verstrickte-dienstagsfrage-462013\/","url_meta":{"origin":220,"position":5},"title":"Die verstrickte Dienstagsfrage 46\/2013","author":"Admin","date":"12. November 2013","format":false,"excerpt":"Diese Woche stellt das Wollschaf eine Frage aus dem Archiv vom 15.11.2005: Hast Du f\u00fcr Dich die ultimative Socke gefunden? Und strickst Du sie immer nach dem Schema F? Das hei\u00dft \u2013 nach welcher Tabelle, mit welcher Ferse, mit welcher Spitze? Immer das gleiche oder variierst Du? Ich stricke Socken\u2026","rel":"","context":"In &quot;Stricken&quot;","block_context":{"text":"Stricken","link":"https:\/\/www.strickforum.de\/blog\/category\/3\/"},"img":{"alt_text":"","src":"","width":0,"height":0},"classes":[]}],"_links":{"self":[{"href":"https:\/\/www.strickforum.de\/blog\/wp-json\/wp\/v2\/posts\/220","targetHints":{"allow":["GET"]}}],"collection":[{"href":"https:\/\/www.strickforum.de\/blog\/wp-json\/wp\/v2\/posts"}],"about":[{"href":"https:\/\/www.strickforum.de\/blog\/wp-json\/wp\/v2\/types\/post"}],"author":[{"embeddable":true,"href":"https:\/\/www.strickforum.de\/blog\/wp-json\/wp\/v2\/users\/3"}],"replies":[{"embeddable":true,"href":"https:\/\/www.strickforum.de\/blog\/wp-json\/wp\/v2\/comments?post=220"}],"version-history":[{"count":0,"href":"https:\/\/www.strickforum.de\/blog\/wp-json\/wp\/v2\/posts\/220\/revisions"}],"wp:attachment":[{"href":"https:\/\/www.strickforum.de\/blog\/wp-json\/wp\/v2\/media?parent=220"}],"wp:term":[{"taxonomy":"category","embeddable":true,"href":"https:\/\/www.strickforum.de\/blog\/wp-json\/wp\/v2\/categories?post=220"},{"taxonomy":"post_tag","embeddable":true,"href":"https:\/\/www.strickforum.de\/blog\/wp-json\/wp\/v2\/tags?post=220"}],"curies":[{"name":"wp","href":"https:\/\/api.w.org\/{rel}","templated":true}]}}