{"id":2328,"date":"2017-03-09T10:00:29","date_gmt":"2017-03-09T09:00:29","guid":{"rendered":"http:\/\/www.strickforum.de\/blog\/?p=2328"},"modified":"2017-03-08T20:50:01","modified_gmt":"2017-03-08T19:50:01","slug":"newfoundland-mitts-mit-prym-ergonomics","status":"publish","type":"post","link":"https:\/\/www.strickforum.de\/blog\/newfoundland-mitts-mit-prym-ergonomics\/","title":{"rendered":"Newfoundland Mitts mit Prym Ergonomics"},"content":{"rendered":"<p>Letzten Monat berichtete ich, dass ich mit dem Ergonomics Nadelspiel, das mir zum Testen zur Verf\u00fcgung gestellt worden war, die Newfoundland Mitts angefangen hatte. Gestern wurden sie fertig. Das ist perfektes Timing, falls wir dieses Fr\u00fchjahr doch noch einen Schneesturm bekommen sollten. \ud83d\ude09 <!--more--><\/p>\n<p>Die Handschuhe sind gut gelungen. Ich habe die Anleitung ein wenig abgewandelt. Die B\u00fcndchen sind relativ lang, weil ich kalte Handgelenke nicht leiden kann. Die Daumenmaschen habe ich mit zwei Reihen Kontrastfaden abgestrickt, das hat den Vorteil, dass die Maschen einfacher aufzunehmen sind. Die Handschuhspitze besteht nicht aus zusammengezogenen Maschen, sondern die letzten zw\u00f6lf Maschen n\u00e4hte ich mit Maschenstich gegeneinander. Das sieht sehr ordentlich aus und ist keine gro\u00dfe M\u00fche. F\u00fcr den Daumen habe ich insgesamt je 18 Maschen aufgenommen und in der 7. Runde auf 15 Maschen reduziert. Nach 20 Runden strickte ich dann immer zwei Maschen zusammen, bis nur noch vier Maschen \u00fcbrig waren, und die wurden dann zusammengezogen.<\/p>\n<p><img data-recalc-dims=\"1\" loading=\"lazy\" decoding=\"async\" data-attachment-id=\"2327\" data-permalink=\"https:\/\/www.strickforum.de\/blog\/prym-ergonomics-nadeln\/newfoundlandmitts\/\" data-orig-file=\"https:\/\/i0.wp.com\/www.strickforum.de\/blog\/wp-content\/uploads\/2017\/02\/newfoundlandmitts.jpg?fit=700%2C539&amp;ssl=1\" data-orig-size=\"700,539\" data-comments-opened=\"1\" data-image-meta=\"{&quot;aperture&quot;:&quot;3.1&quot;,&quot;credit&quot;:&quot;&quot;,&quot;camera&quot;:&quot;Canon PowerShot SX220 HS&quot;,&quot;caption&quot;:&quot;&quot;,&quot;created_timestamp&quot;:&quot;1488978591&quot;,&quot;copyright&quot;:&quot;&quot;,&quot;focal_length&quot;:&quot;5&quot;,&quot;iso&quot;:&quot;250&quot;,&quot;shutter_speed&quot;:&quot;0.0333333333333&quot;,&quot;title&quot;:&quot;&quot;,&quot;orientation&quot;:&quot;1&quot;}\" data-image-title=\"newfoundlandmitts\" data-image-description=\"\" data-image-caption=\"\" data-large-file=\"https:\/\/i0.wp.com\/www.strickforum.de\/blog\/wp-content\/uploads\/2017\/02\/newfoundlandmitts.jpg?fit=700%2C539&amp;ssl=1\" src=\"https:\/\/i0.wp.com\/www.strickforum.de\/blog\/wp-content\/uploads\/2017\/02\/newfoundlandmitts.jpg?resize=700%2C539\" alt=\"Newfoundland Mitts\" width=\"700\" height=\"539\" class=\"alignnone size-full wp-image-2327\" srcset=\"https:\/\/i0.wp.com\/www.strickforum.de\/blog\/wp-content\/uploads\/2017\/02\/newfoundlandmitts.jpg?w=700&amp;ssl=1 700w, https:\/\/i0.wp.com\/www.strickforum.de\/blog\/wp-content\/uploads\/2017\/02\/newfoundlandmitts.jpg?resize=600%2C462&amp;ssl=1 600w\" sizes=\"auto, (max-width: 709px) 85vw, (max-width: 909px) 67vw, (max-width: 984px) 61vw, (max-width: 1362px) 45vw, 600px\" \/><\/p>\n<p>Das Paar Handschuhe wiegt 80 g. Verbraucht habe ich etwas mehr als 50 g Posh &#8222;Elinor Sport&#8220;, 23 g Schoppel Edition 3 und zirka 6 g Ito Sensai, die letzten beiden Qualit\u00e4ten zusammen verarbeitet. Meine Reste d\u00fcrften noch f\u00fcr ein zweites Paar reichen, wenn ich die B\u00fcndchen etwas k\u00fcrzer stricke, z.B. nur 24 statt 30 Reihen. <\/p>\n<p>Wie man auf dem Bild sieht, hat das Nadelspiel ziemlich gelitten. Ich verwendete nur vier der f\u00fcnf Nadeln, weil sich die Maschenzahl gut auf drei Nadeln verteilen lie\u00df. Die Nadeln wurden beim Gebrauch sehr schnell ziemlich krumm, und der blaue Aufdruck ist zu einem gro\u00dfen Teil verschwunden. Man kann das recht gut im Vergleich mit der unbenutzten Nadel (oben im Bild) sehen. <\/p>\n<p>Das Stricken fand ich au\u00dferordentlich m\u00fchsam, weil die Nadeln zumindest in dieser St\u00e4rke f\u00fcr meinen Geschmack viel zu biegsam sind. Ich werde sicherlich kein Freund davon. Mit der Rundstricknadel, die ich ja schon im Herbst getestet hatte, kam ich wesentlich besser zurecht. Die war allerdings auch dicker und vermutlich deshalb weniger nachgiebig. <\/p>\n","protected":false},"excerpt":{"rendered":"<p>Letzten Monat berichtete ich, dass ich mit dem Ergonomics Nadelspiel, das mir zum Testen zur Verf\u00fcgung gestellt worden war, die Newfoundland Mitts angefangen hatte. Gestern wurden sie fertig. Das ist perfektes Timing, falls wir dieses Fr\u00fchjahr doch noch einen Schneesturm bekommen sollten. \ud83d\ude09<\/p>\n","protected":false},"author":3,"featured_media":0,"comment_status":"open","ping_status":"open","sticky":false,"template":"","format":"standard","meta":{"_seopress_robots_primary_cat":"","_seopress_titles_title":"","_seopress_titles_desc":"","_seopress_robots_index":"","_crdt_document":"","jetpack_post_was_ever_published":false,"_jetpack_newsletter_access":"","_jetpack_dont_email_post_to_subs":false,"_jetpack_newsletter_tier_id":0,"_jetpack_memberships_contains_paywalled_content":false,"_jetpack_memberships_contains_paid_content":false,"footnotes":"","jetpack_publicize_message":"","jetpack_publicize_feature_enabled":true,"jetpack_social_post_already_shared":true,"jetpack_social_options":{"image_generator_settings":{"template":"highway","default_image_id":0,"font":"","enabled":false},"version":2}},"categories":[6],"tags":[165,166],"class_list":["post-2328","post","type-post","status-publish","format-standard","hentry","category-6","tag-faeustlinge","tag-prym-ergonomics"],"jetpack_publicize_connections":[],"jetpack_featured_media_url":"","jetpack_sharing_enabled":true,"jetpack_shortlink":"https:\/\/wp.me\/p7JbSI-By","jetpack-related-posts":[{"id":2311,"url":"https:\/\/www.strickforum.de\/blog\/prym-ergonomics-nadeln\/","url_meta":{"origin":2328,"position":0},"title":"Prym Ergonomics Nadeln","author":"Admin","date":"8. Februar 2017","format":false,"excerpt":"Vielen Dank an Barbara, Connie und Anna f\u00fcr Eure Kommentare bei meinem vorigen Eintrag ; hier kommt eine Erg\u00e4nzung zu meinen Erfahrungen mit den neuen Nadeln. Dass ich mit der Prym Ergonomics Rundstricknadel gut zurechtkomme, hatte ich bereits letztes Jahr festgestellt. Zun\u00e4chst hatte ich sie beim Bloggertreffen ausprobiert. Sie eignet\u2026","rel":"","context":"In &quot;Stricken&quot;","block_context":{"text":"Stricken","link":"https:\/\/www.strickforum.de\/blog\/category\/3\/"},"img":{"alt_text":"","src":"https:\/\/i0.wp.com\/www.strickforum.de\/blog\/wp-content\/uploads\/2017\/02\/ergonomics-faeustling-600x477.jpg?resize=350%2C200","width":350,"height":200,"srcset":"https:\/\/i0.wp.com\/www.strickforum.de\/blog\/wp-content\/uploads\/2017\/02\/ergonomics-faeustling-600x477.jpg?resize=350%2C200 1x, https:\/\/i0.wp.com\/www.strickforum.de\/blog\/wp-content\/uploads\/2017\/02\/ergonomics-faeustling-600x477.jpg?resize=525%2C300 1.5x"},"classes":[]},{"id":2252,"url":"https:\/\/www.strickforum.de\/blog\/wolle-zum-anfassen-und-stricken-3-0\/","url_meta":{"origin":2328,"position":1},"title":"Wolle zum Anfassen und Stricken 3.0","author":"Admin","date":"30. September 2016","format":false,"excerpt":"Gestern fand in den R\u00e4umen von Makerist\u00a0in Berlin ein Strickblogger-Treffen statt, zu dem au\u00dfer Makerist der OZ-Verlag und die Firma Prym eingeladen hatten. Und ja, ich war auch unter den Eingeladenen und m\u00f6chte mich an dieser Stelle ganz herzlich f\u00fcr den sch\u00f6nen Abend bedanken, der mir die Gelegenheit gab, viele\u2026","rel":"","context":"In &quot;Stricken&quot;","block_context":{"text":"Stricken","link":"https:\/\/www.strickforum.de\/blog\/category\/3\/"},"img":{"alt_text":"sbt01","src":"https:\/\/i0.wp.com\/www.strickforum.de\/blog\/wp-content\/uploads\/2016\/09\/sbt01-600x399.jpg?resize=350%2C200","width":350,"height":200,"srcset":"https:\/\/i0.wp.com\/www.strickforum.de\/blog\/wp-content\/uploads\/2016\/09\/sbt01-600x399.jpg?resize=350%2C200 1x, https:\/\/i0.wp.com\/www.strickforum.de\/blog\/wp-content\/uploads\/2016\/09\/sbt01-600x399.jpg?resize=525%2C300 1.5x"},"classes":[]},{"id":3100,"url":"https:\/\/www.strickforum.de\/blog\/die-kann-dann-wohl-weg\/","url_meta":{"origin":2328,"position":2},"title":"Die kann dann wohl weg","author":"Admin","date":"15. September 2020","format":false,"excerpt":"Es war Ende September 2016, dass ich bei einer Veranstaltung des OZ-Verlags eine Prym Ergonomics Rundstricknadel in der St\u00e4rke 5 mm zum Ausprobieren bekam. F\u00fcr alles au\u00dfer Zopf- und Lochmuster erwies sie sich als gut geeignet. Als vergangenen Donnerstag gegen halb sieben Uhr morgens sowohl der Tag als auch ich\u2026","rel":"","context":"In &quot;Stricken&quot;","block_context":{"text":"Stricken","link":"https:\/\/www.strickforum.de\/blog\/category\/3\/"},"img":{"alt_text":"","src":"https:\/\/i0.wp.com\/www.strickforum.de\/blog\/wp-content\/uploads\/2020\/09\/ergonomics-problem.jpg?resize=350%2C200&ssl=1","width":350,"height":200,"srcset":"https:\/\/i0.wp.com\/www.strickforum.de\/blog\/wp-content\/uploads\/2020\/09\/ergonomics-problem.jpg?resize=350%2C200&ssl=1 1x, https:\/\/i0.wp.com\/www.strickforum.de\/blog\/wp-content\/uploads\/2020\/09\/ergonomics-problem.jpg?resize=525%2C300&ssl=1 1.5x, https:\/\/i0.wp.com\/www.strickforum.de\/blog\/wp-content\/uploads\/2020\/09\/ergonomics-problem.jpg?resize=700%2C400&ssl=1 2x"},"classes":[]},{"id":2837,"url":"https:\/\/www.strickforum.de\/blog\/prym-haekelnadelset-zu-gewinnen\/","url_meta":{"origin":2328,"position":3},"title":"Prym H\u00e4kelnadelset zu gewinnen","author":"Admin","date":"4. Oktober 2019","format":false,"excerpt":"(Dieser Beitrag enth\u00e4lt Werbung.) Heute habe ich f\u00fcr euch eine besondere \u00dcberraschung: Ich darf ein \"prym ergonomics\" H\u00e4kelnadelset verlosen! Es wurde mir anl\u00e4sslich des \"Tags der Wolle\" von der Firma Prym zur Verf\u00fcgung gestellt. Das Set enth\u00e4lt f\u00fcnf farbkodierte Nadeln von St\u00e4rke 3,5 bis 6,0. Sie bestehen aus Kunststoff und\u2026","rel":"","context":"In &quot;Stricken&quot;","block_context":{"text":"Stricken","link":"https:\/\/www.strickforum.de\/blog\/category\/3\/"},"img":{"alt_text":"","src":"https:\/\/i0.wp.com\/www.strickforum.de\/blog\/wp-content\/uploads\/2019\/10\/prym-nadelset.jpg?resize=350%2C200&ssl=1","width":350,"height":200,"srcset":"https:\/\/i0.wp.com\/www.strickforum.de\/blog\/wp-content\/uploads\/2019\/10\/prym-nadelset.jpg?resize=350%2C200&ssl=1 1x, https:\/\/i0.wp.com\/www.strickforum.de\/blog\/wp-content\/uploads\/2019\/10\/prym-nadelset.jpg?resize=525%2C300&ssl=1 1.5x, https:\/\/i0.wp.com\/www.strickforum.de\/blog\/wp-content\/uploads\/2019\/10\/prym-nadelset.jpg?resize=700%2C400&ssl=1 2x"},"classes":[]},{"id":1904,"url":"https:\/\/www.strickforum.de\/blog\/lacy-leaves\/","url_meta":{"origin":2328,"position":4},"title":"Lacy Leaves","author":"Admin","date":"12. April 2015","format":false,"excerpt":"Vor einigen Wochen hatte ich wieder einmal Lust, etwas mit Perlen zu stricken. Meine Wahl fiel auf einen Entwurf von Donna Druchunas f\u00fcr elegante fingerlose Handschuhe, die Lacy Leaves Mitts. Aus meinem reichhaltigen Fundus an Garn entschied ich mich f\u00fcr die feine Alpaka-Seiden-Mischung \u201cPeruseda3\u201d von der Wollerey; ein Garn, das\u2026","rel":"","context":"In &quot;Stricken&quot;","block_context":{"text":"Stricken","link":"https:\/\/www.strickforum.de\/blog\/category\/3\/"},"img":{"alt_text":"","src":"","width":0,"height":0},"classes":[]},{"id":1457,"url":"https:\/\/www.strickforum.de\/blog\/ich-habs-versucht-ehrlich\/","url_meta":{"origin":2328,"position":5},"title":"Ich hab&#8217;s versucht, ehrlich!","author":"Admin","date":"4. November 2012","format":false,"excerpt":"Als ich k\u00fcrzlich eine einfache M\u00fctze aus Sockenwolle f\u00fcr ein Kollegenkind gestrickt hatte, waren noch etwa 50 Gramm Garn \u00fcbrig geblieben. Perfekt f\u00fcr ein Paar passende F\u00e4ustlinge, dachte ich, und machte mich ans Werk. Nat\u00fcrlich hatte ich keine Ahnung, welche Gr\u00f6\u00dfe das Kind ben\u00f6tigen w\u00fcrde, deshalb zog ich den \u201cGenialen\u2026","rel":"","context":"In &quot;Stricken&quot;","block_context":{"text":"Stricken","link":"https:\/\/www.strickforum.de\/blog\/category\/3\/"},"img":{"alt_text":"","src":"","width":0,"height":0},"classes":[]}],"_links":{"self":[{"href":"https:\/\/www.strickforum.de\/blog\/wp-json\/wp\/v2\/posts\/2328","targetHints":{"allow":["GET"]}}],"collection":[{"href":"https:\/\/www.strickforum.de\/blog\/wp-json\/wp\/v2\/posts"}],"about":[{"href":"https:\/\/www.strickforum.de\/blog\/wp-json\/wp\/v2\/types\/post"}],"author":[{"embeddable":true,"href":"https:\/\/www.strickforum.de\/blog\/wp-json\/wp\/v2\/users\/3"}],"replies":[{"embeddable":true,"href":"https:\/\/www.strickforum.de\/blog\/wp-json\/wp\/v2\/comments?post=2328"}],"version-history":[{"count":5,"href":"https:\/\/www.strickforum.de\/blog\/wp-json\/wp\/v2\/posts\/2328\/revisions"}],"predecessor-version":[{"id":2334,"href":"https:\/\/www.strickforum.de\/blog\/wp-json\/wp\/v2\/posts\/2328\/revisions\/2334"}],"wp:attachment":[{"href":"https:\/\/www.strickforum.de\/blog\/wp-json\/wp\/v2\/media?parent=2328"}],"wp:term":[{"taxonomy":"category","embeddable":true,"href":"https:\/\/www.strickforum.de\/blog\/wp-json\/wp\/v2\/categories?post=2328"},{"taxonomy":"post_tag","embeddable":true,"href":"https:\/\/www.strickforum.de\/blog\/wp-json\/wp\/v2\/tags?post=2328"}],"curies":[{"name":"wp","href":"https:\/\/api.w.org\/{rel}","templated":true}]}}