{"id":2621,"date":"2018-11-26T13:16:38","date_gmt":"2018-11-26T12:16:38","guid":{"rendered":"https:\/\/www.strickforum.de\/blog\/?p=2621"},"modified":"2018-11-26T13:17:32","modified_gmt":"2018-11-26T12:17:32","slug":"du-hast-zu-viele","status":"publish","type":"post","link":"https:\/\/www.strickforum.de\/blog\/du-hast-zu-viele\/","title":{"rendered":"Du hast zu viele&#8230;"},"content":{"rendered":"<p>und zwar wirklich viel zu viele Strickb\u00fccher, wenn&#8230;   <!--more--><\/p>\n<p><img data-recalc-dims=\"1\" loading=\"lazy\" decoding=\"async\" data-attachment-id=\"2620\" data-permalink=\"https:\/\/www.strickforum.de\/blog\/du-hast-zu-viele\/regal-strickbuecher\/\" data-orig-file=\"https:\/\/i0.wp.com\/www.strickforum.de\/blog\/wp-content\/uploads\/2018\/11\/regal-strickbuecher.jpg?fit=700%2C938&amp;ssl=1\" data-orig-size=\"700,938\" data-comments-opened=\"1\" data-image-meta=\"{&quot;aperture&quot;:&quot;3.1&quot;,&quot;credit&quot;:&quot;&quot;,&quot;camera&quot;:&quot;Canon PowerShot SX220 HS&quot;,&quot;caption&quot;:&quot;&quot;,&quot;created_timestamp&quot;:&quot;1543229024&quot;,&quot;copyright&quot;:&quot;&quot;,&quot;focal_length&quot;:&quot;5&quot;,&quot;iso&quot;:&quot;1600&quot;,&quot;shutter_speed&quot;:&quot;0.04&quot;,&quot;title&quot;:&quot;&quot;,&quot;orientation&quot;:&quot;1&quot;}\" data-image-title=\"regal-strickbuecher\" data-image-description=\"\" data-image-caption=\"\" data-large-file=\"https:\/\/i0.wp.com\/www.strickforum.de\/blog\/wp-content\/uploads\/2018\/11\/regal-strickbuecher.jpg?fit=700%2C938&amp;ssl=1\" src=\"https:\/\/i0.wp.com\/www.strickforum.de\/blog\/wp-content\/uploads\/2018\/11\/regal-strickbuecher.jpg?resize=700%2C938&#038;ssl=1\" alt=\"Regal, quasi geplatzt\" width=\"700\" height=\"938\" class=\"alignnone size-full wp-image-2620\" srcset=\"https:\/\/i0.wp.com\/www.strickforum.de\/blog\/wp-content\/uploads\/2018\/11\/regal-strickbuecher.jpg?w=700&amp;ssl=1 700w, https:\/\/i0.wp.com\/www.strickforum.de\/blog\/wp-content\/uploads\/2018\/11\/regal-strickbuecher.jpg?resize=448%2C600&amp;ssl=1 448w\" sizes=\"auto, (max-width: 709px) 85vw, (max-width: 909px) 67vw, (max-width: 984px) 61vw, (max-width: 1362px) 45vw, 600px\" \/><\/p>\n<p>genau, wenn dein Strickbuch-Regal dir unmissverst\u00e4ndlich klar macht, dass es die ihm auferlegten Belastungen nicht l\u00e4nger hinzunehmen gewillt ist.<\/p>\n<p>Es sind drei Teile, und das erste krachte neulich abends in zwei Etappen zusammen. Ich bin mir nicht sicher, ob zuerst die R\u00fcckwand aus ihrer F\u00fchrung rutschte, weil die B\u00fccher die Seitenwangen auseinanderdr\u00fcckten, oder ob die Halterungen f\u00fcr die Bretter aufgrund des schieren Gewichts herausbrachen. Da ist jedenfalls nichts mehr zu retten. Die auf den beiden oberen Brettern befindlichen B\u00fccher habe ich notgedrungen auf dem Fu\u00dfboden gestapelt, damit nicht noch mehr zusammenbricht. Das mittlere Regalteil ist etwas schmaler und deshalb nicht ganz so stark belastet. Das dritte Teil enth\u00e4lt etwas weniger B\u00fccher, aber ich traue dem Frieden nicht.<\/p>\n<p>Zur Entlastung (sic!) beziehungsweise Entschuldigung der Regale sei erw\u00e4hnt, dass es sich hier um preiswerte Exemplare aus dem M\u00f6belmarkt handelt. Ich war davon ausgegangen, dass eine nicht allzu gro\u00dfe Anzahl (so zirka 600-700) B\u00fccher darauf durchaus dauerhaft untergebracht werden k\u00f6nnte. Das war dann wohl nix. <\/p>\n<p>Nat\u00fcrlich gibt es auch Regale in stabilerer Ausf\u00fchrung. Ausreichend dimensioniert, um meine Strickb\u00fccher auf zwei Metern Flur unterzubringen, d\u00fcrfte so etwas ungef\u00e4hr das Sechs- bis Siebenfache dessen kosten, was ich in diese Billig-Bruch-Ausf\u00fchrung investiert habe. Mir widerstrebt es, so viel Geld f\u00fcr einen brauchbaren Ersatz auszugeben. Die B\u00fccher auf mehr Regale zu verteilen ist aus Platzgr\u00fcnden leider nicht m\u00f6glich. Wie ich hier weiter verfahre, wei\u00df ich noch nicht. <\/p>\n","protected":false},"excerpt":{"rendered":"<p>und zwar wirklich viel zu viele Strickb\u00fccher, wenn&#8230;<\/p>\n","protected":false},"author":3,"featured_media":0,"comment_status":"open","ping_status":"open","sticky":false,"template":"","format":"standard","meta":{"_seopress_robots_primary_cat":"","_seopress_titles_title":"","_seopress_titles_desc":"","_seopress_robots_index":"","_crdt_document":"","jetpack_post_was_ever_published":false,"_jetpack_newsletter_access":"","_jetpack_dont_email_post_to_subs":false,"_jetpack_newsletter_tier_id":0,"_jetpack_memberships_contains_paywalled_content":false,"_jetpack_memberships_contains_paid_content":false,"footnotes":"","jetpack_publicize_message":"","jetpack_publicize_feature_enabled":true,"jetpack_social_post_already_shared":true,"jetpack_social_options":{"image_generator_settings":{"template":"highway","default_image_id":0,"font":"","enabled":false},"version":2}},"categories":[5],"tags":[],"class_list":["post-2621","post","type-post","status-publish","format-standard","hentry","category-5"],"jetpack_publicize_connections":[],"jetpack_featured_media_url":"","jetpack_sharing_enabled":true,"jetpack_shortlink":"https:\/\/wp.me\/p7JbSI-Gh","jetpack-related-posts":[{"id":962,"url":"https:\/\/www.strickforum.de\/blog\/die-verstrickte-dienstagsfrage-232010\/","url_meta":{"origin":2621,"position":0},"title":"Die verstrickte Dienstagsfrage 23\/2010","author":"Admin","date":"8. Juni 2010","format":false,"excerpt":"Das Wollschaf fragt diesmal: Lest ihr englische Strickb\u00fccher? Welche? Herzlichen Dank an Tabemi f\u00fcr die heutige Frage! Ja, ich lese tats\u00e4chlich englische Strickb\u00fccher, haupts\u00e4chlich weil es zu den speziellen Themen, die mich interessieren, nichts auf Deutsch gibt (bzw. gab, denn meine Sammlung nahm ihren Anfang vor mehr als zwanzig Jahren).\u2026","rel":"","context":"In &quot;Stricken&quot;","block_context":{"text":"Stricken","link":"https:\/\/www.strickforum.de\/blog\/category\/3\/"},"img":{"alt_text":"Regal 1","src":"https:\/\/i0.wp.com\/www.strickforum.de\/blog\/media\/1\/20100608-regal1.jpg?resize=350%2C200","width":350,"height":200},"classes":[]},{"id":100,"url":"https:\/\/www.strickforum.de\/blog\/strickbucher\/","url_meta":{"origin":2621,"position":1},"title":"Strickb\u00fccher","author":"Admin","date":"4. Januar 2006","format":false,"excerpt":"K\u00fcrzlich fragte mich jemand, welche meiner vielen Strickb\u00fccher ich besonders empfehlen k\u00f6nnte. Das ist schwierig zu beantworten, es kommt n\u00e4mlich darauf an, welcher \u201cZielgruppe\u201d ich sie empfehlen soll. Die Strickanf\u00e4ngerin ist meiner Ansicht nach bestens versorgt mit einer aktuellen Strickzeitschrift (je nach Altersklasse w\u00fcrde ich die \u201cRebecca\u201d f\u00fcr die j\u00fcngeren\u2026","rel":"","context":"In &quot;Buchkritiken&quot;","block_context":{"text":"Buchkritiken","link":"https:\/\/www.strickforum.de\/blog\/category\/8\/"},"img":{"alt_text":"","src":"","width":0,"height":0},"classes":[]},{"id":2510,"url":"https:\/\/www.strickforum.de\/blog\/ein-neues-strickbuch\/","url_meta":{"origin":2621,"position":2},"title":"Ein neues Strickbuch","author":"Admin","date":"20. Mai 2018","format":false,"excerpt":"Obwohl meine Strick-Bibliothek schon sehr umfangreich ist, sto\u00dfe ich immer mal wieder auf das eine oder andere Buch, das vielversprechend erscheint und gekauft werden will. K\u00fcrzlich ging es mir so mit \"Unheimlich. Sch\u00f6n. Gestrickt.\" von der d\u00e4nischen Designerin Annette Danielsen.\u00a0 Annette Danielsen z\u00e4hlt nicht gerade zu meinen Lieblings-Designern. Ihre Entw\u00fcrfe\u2026","rel":"","context":"In &quot;Buchkritiken&quot;","block_context":{"text":"Buchkritiken","link":"https:\/\/www.strickforum.de\/blog\/category\/8\/"},"img":{"alt_text":"","src":"https:\/\/i0.wp.com\/www.strickforum.de\/blog\/wp-content\/uploads\/2018\/05\/usg-gruenschmuck-design.jpg?resize=350%2C200","width":350,"height":200},"classes":[]},{"id":405,"url":"https:\/\/www.strickforum.de\/blog\/verschwunden-missing\/","url_meta":{"origin":2621,"position":3},"title":"Verschwunden &#8211; Missing","author":"Admin","date":"2. Juni 2008","format":false,"excerpt":"Ich wei\u00df ganz genau, dass irgendwo in diesem Haushalt noch 150 g Noro Silk Garden in Farbe 87 (die regenbogenbunte) herumliegen. Aber ich finde die Kn\u00e4uel ums Verrecken nicht wieder. In den Bettk\u00e4sten sind sie nicht; in dem Regal, in dem die Cash-Iroha-Reste liegen, sind sie nicht, im Schrank unter\u2026","rel":"","context":"In &quot;Stricken&quot;","block_context":{"text":"Stricken","link":"https:\/\/www.strickforum.de\/blog\/category\/3\/"},"img":{"alt_text":"","src":"","width":0,"height":0},"classes":[]},{"id":1054,"url":"https:\/\/www.strickforum.de\/blog\/die-verstrickte-dienstagsfrage-452010\/","url_meta":{"origin":2621,"position":4},"title":"Die verstrickte Dienstagsfrage 45\/2010","author":"Admin","date":"9. November 2010","format":false,"excerpt":"Das Wollschaf fragt heute: Welche Strickb\u00fccher stehen \u00fcberwiegend in eurem Schrank? Hier eine Entscheidungshilfe, evtl. f\u00fcr eine Rangfolge: a) Musterb\u00fccher f\u00fcr die eigenen Designs b) Technik- und Grundlagenb\u00fccher wie von Katharina Buss, Hanna Jaacks, Nicky Epstein, etc.. c) Sockenanleitungen d) Designerb\u00fccher wie Starmore, Fassett, Schulz, etc. e) Magazine und Hefte\u2026","rel":"","context":"In &quot;Stricken&quot;","block_context":{"text":"Stricken","link":"https:\/\/www.strickforum.de\/blog\/category\/3\/"},"img":{"alt_text":"","src":"","width":0,"height":0},"classes":[]},{"id":747,"url":"https:\/\/www.strickforum.de\/blog\/die-verstrickte-dienstagsfrage-282009\/","url_meta":{"origin":2621,"position":5},"title":"Die verstrickte Dienstagsfrage 28\/2009","author":"Admin","date":"7. Juli 2009","format":false,"excerpt":"Das Wollschaf fragt: Wie stellst Du Dir das ideale Strickbuch vor? Mal abgesehen davon, da\u00df einem m\u00f6glichst viele Modelle gefallen sollten: Was ist Dir noch wichtig? W\u00e4rst Du bereit, f\u00fcr eine h\u00f6here Qualit\u00e4t (Einband, Papier, Format etc.) auch einen h\u00f6heren Preis zu bezahlen? Herzlichen Dank an Tina f\u00fcr die heutige\u2026","rel":"","context":"In &quot;Allgemeines&quot;","block_context":{"text":"Allgemeines","link":"https:\/\/www.strickforum.de\/blog\/category\/1\/"},"img":{"alt_text":"","src":"","width":0,"height":0},"classes":[]}],"_links":{"self":[{"href":"https:\/\/www.strickforum.de\/blog\/wp-json\/wp\/v2\/posts\/2621","targetHints":{"allow":["GET"]}}],"collection":[{"href":"https:\/\/www.strickforum.de\/blog\/wp-json\/wp\/v2\/posts"}],"about":[{"href":"https:\/\/www.strickforum.de\/blog\/wp-json\/wp\/v2\/types\/post"}],"author":[{"embeddable":true,"href":"https:\/\/www.strickforum.de\/blog\/wp-json\/wp\/v2\/users\/3"}],"replies":[{"embeddable":true,"href":"https:\/\/www.strickforum.de\/blog\/wp-json\/wp\/v2\/comments?post=2621"}],"version-history":[{"count":2,"href":"https:\/\/www.strickforum.de\/blog\/wp-json\/wp\/v2\/posts\/2621\/revisions"}],"predecessor-version":[{"id":2623,"href":"https:\/\/www.strickforum.de\/blog\/wp-json\/wp\/v2\/posts\/2621\/revisions\/2623"}],"wp:attachment":[{"href":"https:\/\/www.strickforum.de\/blog\/wp-json\/wp\/v2\/media?parent=2621"}],"wp:term":[{"taxonomy":"category","embeddable":true,"href":"https:\/\/www.strickforum.de\/blog\/wp-json\/wp\/v2\/categories?post=2621"},{"taxonomy":"post_tag","embeddable":true,"href":"https:\/\/www.strickforum.de\/blog\/wp-json\/wp\/v2\/tags?post=2621"}],"curies":[{"name":"wp","href":"https:\/\/api.w.org\/{rel}","templated":true}]}}