{"id":2754,"date":"2019-06-11T21:55:06","date_gmt":"2019-06-11T19:55:06","guid":{"rendered":"https:\/\/www.strickforum.de\/blog\/?p=2754"},"modified":"2019-06-11T21:55:06","modified_gmt":"2019-06-11T19:55:06","slug":"die-verstrickte-dienstagsfrage-21-2019","status":"publish","type":"post","link":"https:\/\/www.strickforum.de\/blog\/die-verstrickte-dienstagsfrage-21-2019\/","title":{"rendered":"Die verstrickte Dienstagsfrage 21\/2019"},"content":{"rendered":"<p>Vorgestern habe ich festgestellt, dass es (wohl schon seit einiger Zeit) wieder Dienstagsfragen beim &#8222;Wollkistchen&#8220; gibt. Nun versuche ich, die <a href=\"https:\/\/wollkistchen.home.blog\/2019\/06\/11\/die-verstrickte-dienstagsfrage-21-2019\/\" target=\"_blank\" rel=\"noopener noreferrer\">aktuelle von heute<\/a> zu beantworten, die, wie mein Blog mir verr\u00e4t, auch schon am <a href=\"https:\/\/www.strickforum.de\/blog\/murmeltier-ah-wollschaf-tag\/\" target=\"_blank\" rel=\"noopener noreferrer\">30. Oktober 2007<\/a> gestellt wurde. <!--more--><\/p>\n<p><strong>Das Internet ist voll von wundersch\u00f6nen und noch dazu kostenlosen Anleitungen zum Thema Stricken\/H\u00e4keln und t\u00e4glich kommen weitere Funde dazu. Ravelry ist da tats\u00e4chlich eine schier unersch\u00f6pfliche Quelle, aber auch \u00fcber Facebook und andere Plattformen sammelt sich einiges an.<\/strong><\/p>\n<p><strong>Wo sammelt ihr diese tollen Ideen? Kommen sie in den Ordner Favoriten mit der Gefahr, beim n\u00e4chsten PC-Crash ins virtuelle Nichts zu verschwinden? Druckt ihr alles aus und versinkt so in Unmengen an Papier? Brennt ihr alles auf CD?<\/strong><\/p>\n<p>Meine virtuelle Bibliothek umfasst mittlerweile Hunderte von Anleitungen. Der Favoriten-Ordner des Browsers ist f\u00fcr so viele umfangreiche Daten kein guter Platz. Deshalb landen meine digitale Anleitungen auf einer externen Festplatte, und zwar ziemlich ordentlich sortiert nach Kategorien oder, falls das nicht gut machbar ist (z.B. bei einem e-book mit verschiedenartigen Anleitungen) auch nach der Quelle. Sofern ich sie via Ravelry beziehe, habe ich sie dort auch in meiner Library.<\/p>\n<p>Nicht erst seit dem Zusammenbruch meines Strickb\u00fccherregals kaufe ich B\u00fccher gern als PDF, wenn sie dann preiswerter sind. Sie nehmen auf diese Weise nicht nur weniger Platz ein, sondern die Inhalte sind auch einfacher zu durchsuchen, wenn man nach etwas Bestimmtem fahndet, aber die exakte Quelle nicht mehr wei\u00df. Die Ravelry-Suche nutze ich aus diesem Grund ebenfalls gern.<\/p>\n<p>Ausgedruckt wird h\u00f6chstens, was gerade in Arbeit ist. Dazu reduziere ich die Seiten auf das absolut Notwendige und fasse auch gern Texte zusammen. Umfangreiche Diagramme lade ich mir gern aufs iPad und nutze sie mit Goodreader. Damit kann man sie n\u00e4mlich nicht nur auf ein augenfreundliches Ma\u00df vergr\u00f6\u00dfern, sondern auch Linien ziehen und Reihe f\u00fcr Reihe verschieben sowie Lesezeichen anbringen. Das spart Papier und ist komfortabler, als ein ausgedrucktes Diagramm mit der Lupe nachzuverfolgen.<\/p>\n","protected":false},"excerpt":{"rendered":"<p>Vorgestern habe ich festgestellt, dass es (wohl schon seit einiger Zeit) wieder Dienstagsfragen beim &#8222;Wollkistchen&#8220; gibt. Nun versuche ich, die aktuelle von heute zu beantworten, die, wie mein Blog mir verr\u00e4t, auch schon am 30. Oktober 2007 gestellt wurde.<\/p>\n","protected":false},"author":3,"featured_media":0,"comment_status":"open","ping_status":"open","sticky":false,"template":"","format":"standard","meta":{"_seopress_robots_primary_cat":"","_seopress_titles_title":"","_seopress_titles_desc":"","_seopress_robots_index":"","_crdt_document":"","jetpack_post_was_ever_published":false,"_jetpack_newsletter_access":"","_jetpack_dont_email_post_to_subs":false,"_jetpack_newsletter_tier_id":0,"_jetpack_memberships_contains_paywalled_content":false,"_jetpack_memberships_contains_paid_content":false,"footnotes":"","jetpack_publicize_message":"","jetpack_publicize_feature_enabled":true,"jetpack_social_post_already_shared":true,"jetpack_social_options":{"image_generator_settings":{"template":"highway","default_image_id":0,"font":"","enabled":false},"version":2}},"categories":[6],"tags":[],"class_list":["post-2754","post","type-post","status-publish","format-standard","hentry","category-6"],"jetpack_publicize_connections":[],"jetpack_featured_media_url":"","jetpack_sharing_enabled":true,"jetpack_shortlink":"https:\/\/wp.me\/p7JbSI-Iq","jetpack-related-posts":[{"id":770,"url":"https:\/\/www.strickforum.de\/blog\/die-verstrickte-dienstagsfrage-woche-33\/","url_meta":{"origin":2754,"position":0},"title":"Die verstrickte Dienstagsfrage Woche 33","author":"Admin","date":"11. August 2009","format":false,"excerpt":"Das Wollschaf fragt: Habt Ihr schon einmal die Anleitung f\u00fcr ein Kleidungsst\u00fcck (im Gegensatz zu einem Tuch oder Schal, bei dem es auf die Passform nicht ankommt) v\u00f6llig selbst\u00e4ndig berechnet? Hat das Teil dann auch gepasst? Wie zufrieden wart Ihr mit dem Strickergebnis? Herzlichen Dank an Kerstin (upps, das bin\u2026","rel":"","context":"In &quot;Stricken&quot;","block_context":{"text":"Stricken","link":"https:\/\/www.strickforum.de\/blog\/category\/3\/"},"img":{"alt_text":"","src":"","width":0,"height":0},"classes":[]},{"id":1479,"url":"https:\/\/www.strickforum.de\/blog\/die-verstrickte-dienstagsfrage-492012\/","url_meta":{"origin":2754,"position":1},"title":"Die verstrickte Dienstagsfrage 49\/2012","author":"Admin","date":"4. Dezember 2012","format":false,"excerpt":"Diese Woche stellt das Wollschaf eine Frage von mir: Ist es Dir schon mal passiert, dass Du ein Teil fertig hattest und dann beim besten Willen nicht wusstest, was Du als n\u00e4chstes anschlagen solltest? Das kann einem ja passieren, weil einem wirklich nichts einf\u00e4llt, oder auch, weil man zu viele\u2026","rel":"","context":"In &quot;Stricken&quot;","block_context":{"text":"Stricken","link":"https:\/\/www.strickforum.de\/blog\/category\/3\/"},"img":{"alt_text":"","src":"","width":0,"height":0},"classes":[]},{"id":1187,"url":"https:\/\/www.strickforum.de\/blog\/die-verstrickte-dienstagsfrage-232011\/","url_meta":{"origin":2754,"position":2},"title":"Die verstrickte Dienstagsfrage 23\/2011","author":"Admin","date":"7. Juni 2011","format":false,"excerpt":"Das Wollschaf fragt diese Woche: Wir alle stricken derzeit anscheinend im Akkord vor allem Socken, T\u00fccher, Decken in den verschiedensten Mustern und Techniken. Pullover und Jacken kommen auch dazu, vieles davon in Patchworkstrick. Was mich brennend interessiert, wo ich mich aber nicht so recht ran wage, sind Pullis mit verk\u00fcrzten\u2026","rel":"","context":"In &quot;Stricken&quot;","block_context":{"text":"Stricken","link":"https:\/\/www.strickforum.de\/blog\/category\/3\/"},"img":{"alt_text":"","src":"","width":0,"height":0},"classes":[]},{"id":474,"url":"https:\/\/www.strickforum.de\/blog\/die-verstrickte-dienstagsfrage-the-wool-sheeps-question-322008\/","url_meta":{"origin":2754,"position":3},"title":"Die verstrickte Dienstagsfrage &#8211; the Wool Sheep&#8217;s question 32\/2008","author":"Admin","date":"5. August 2008","format":false,"excerpt":"Beim Wollschaf wird gefragt: huhu liebes wollschaf........ich bin ja noch nicht sooo lange unter den Sockenstrickern.......mich w\u00fcrde mal interessieren.... ...an alle Wollef\u00e4rber...wonach sucht ihr die Namen f\u00fcr euren Strang aus ?.....ist erst der Name da....dann die Farbidee....oder erst der Strang...und dann der Name ?..... ich w\u00fcrde mich freuen...wenn das einen\u2026","rel":"","context":"In &quot;Stricken&quot;","block_context":{"text":"Stricken","link":"https:\/\/www.strickforum.de\/blog\/category\/3\/"},"img":{"alt_text":"","src":"","width":0,"height":0},"classes":[]},{"id":1695,"url":"https:\/\/www.strickforum.de\/blog\/die-verstrickte-dienstagsfrage-522013\/","url_meta":{"origin":2754,"position":4},"title":"Die verstrickte Dienstagsfrage 52\/2013","author":"Admin","date":"27. Dezember 2013","format":false,"excerpt":"Das Wollschaf war leider etwas unp\u00e4sslich und entschuldigt sich f\u00fcr die versp\u00e4tete Dienstagsfrage von dieser Woche! Lasst ihr eure Nadeln \/ euer Strickzeug ueber die Weihnachtsfeiertage ruhen? Oder sind vielleicht die Feiertage (und die Zeit zwischen den Jahren) gerade die Zeit, in der ihr viel strickt? Vielen Dank an Connie\u2026","rel":"","context":"In &quot;Allgemeines&quot;","block_context":{"text":"Allgemeines","link":"https:\/\/www.strickforum.de\/blog\/category\/1\/"},"img":{"alt_text":"","src":"","width":0,"height":0},"classes":[]},{"id":2762,"url":"https:\/\/www.strickforum.de\/blog\/die-verstrickte-dienstagsfrage-22-2019\/","url_meta":{"origin":2754,"position":5},"title":"Die verstrickte Dienstagsfrage 22\/2019","author":"Admin","date":"18. Juni 2019","format":false,"excerpt":"Die \"diesw\u00f6chige\" Frage beim Wollkistchen lautet: Wo und wann strickt ihr? Begleitet euch das Strickzeug immer oder nur zu besonderen Gelegenheiten? Strickt ihr schon morgens auf dem Weg zur Arbeit oder nur abends, z. B. Zuhause auf dem Sofa vor dem Fernseher? Habt ihr spezielle Projekte f\u00fcr die verschiedenen \u201eStrickzeiten\u201c\u2026","rel":"","context":"In &quot;Stricken&quot;","block_context":{"text":"Stricken","link":"https:\/\/www.strickforum.de\/blog\/category\/3\/"},"img":{"alt_text":"","src":"","width":0,"height":0},"classes":[]}],"_links":{"self":[{"href":"https:\/\/www.strickforum.de\/blog\/wp-json\/wp\/v2\/posts\/2754","targetHints":{"allow":["GET"]}}],"collection":[{"href":"https:\/\/www.strickforum.de\/blog\/wp-json\/wp\/v2\/posts"}],"about":[{"href":"https:\/\/www.strickforum.de\/blog\/wp-json\/wp\/v2\/types\/post"}],"author":[{"embeddable":true,"href":"https:\/\/www.strickforum.de\/blog\/wp-json\/wp\/v2\/users\/3"}],"replies":[{"embeddable":true,"href":"https:\/\/www.strickforum.de\/blog\/wp-json\/wp\/v2\/comments?post=2754"}],"version-history":[{"count":2,"href":"https:\/\/www.strickforum.de\/blog\/wp-json\/wp\/v2\/posts\/2754\/revisions"}],"predecessor-version":[{"id":2756,"href":"https:\/\/www.strickforum.de\/blog\/wp-json\/wp\/v2\/posts\/2754\/revisions\/2756"}],"wp:attachment":[{"href":"https:\/\/www.strickforum.de\/blog\/wp-json\/wp\/v2\/media?parent=2754"}],"wp:term":[{"taxonomy":"category","embeddable":true,"href":"https:\/\/www.strickforum.de\/blog\/wp-json\/wp\/v2\/categories?post=2754"},{"taxonomy":"post_tag","embeddable":true,"href":"https:\/\/www.strickforum.de\/blog\/wp-json\/wp\/v2\/tags?post=2754"}],"curies":[{"name":"wp","href":"https:\/\/api.w.org\/{rel}","templated":true}]}}