{"id":2773,"date":"2019-06-28T14:13:51","date_gmt":"2019-06-28T12:13:51","guid":{"rendered":"https:\/\/www.strickforum.de\/blog\/?p=2773"},"modified":"2019-06-28T14:13:51","modified_gmt":"2019-06-28T12:13:51","slug":"ich-liebe-garnreste","status":"publish","type":"post","link":"https:\/\/www.strickforum.de\/blog\/ich-liebe-garnreste\/","title":{"rendered":"Ich liebe Garnreste"},"content":{"rendered":"\n<p class=\"wp-block-paragraph\">Vor allem Strick-Anf\u00e4nger wollen am liebsten nur eine genau passende Menge Garn f\u00fcr ihre Wunsch-Projekte kaufen oder suchen nach einer Anleitung, die exakt so viel Garn von genau der Qualit\u00e4t erfordert, wie sie sie haben. Es soll m\u00f6glichst nichts \u00fcbrig bleiben. <\/p>\n\n\n\n<!--more-->\n\n\n\n<p class=\"wp-block-paragraph\">Oft habe ich solche Anfragen in diversen Foren gelesen und mich \u00fcber die seltsame Angst vor Resten gewundert. Reste und kleine Mengen sind n\u00e4mlich wundervoll. Man kann sie ohne schlechtes Gewissen verwenden, um ein neues Muster oder eine unbekannte Technik auszuprobieren. Je nachdem eignen sie sich bestens f\u00fcr kleine Projekte wie (fingerlose) Handschuhe oder M\u00fctzen, mit denen man spontan auftretende Strick-Gel\u00fcste befriedigen kann. Das funktioniert ohne Marsch zum Wollgesch\u00e4ft oder Warten auf eine Lieferung aus dem Internet. F\u00fcr ein langes Wochenende und\/oder abseits jeglicher Einkaufsm\u00f6glichkeiten sind derlei Resteprojekte die perfekte L\u00f6sung. <\/p>\n\n\n\n<p class=\"wp-block-paragraph\">Neulich stie\u00df ich auf eine weitere M\u00f6glichkeit. Bei Ravelry fand ich ein einfaches Dreiecktuch namens <a href=\"https:\/\/www.ravelry.com\/patterns\/library\/random-ridge\">&#8222;Random Ridge&#8220;<\/a>  . Es fasizinierte mich so sehr, dass ich mir die Anleitung kaufte. <\/p>\n\n\n\n<p class=\"wp-block-paragraph\">Man soll es aus einem &#8222;Mad Ball&#8220; stricken, einer Zusammenstellung von verschiedenartigen Garnen, die zu einem beachtlichen Preis (60 US$ f\u00fcr 200 g) bei <a href=\"https:\/\/island-yarn.com\/products\/island-yarn-mad-ball\" target=\"_blank\" rel=\"noreferrer noopener\" aria-label=\"Island Yarn (\u00f6ffnet in neuem Tab)\">Island Yarn<\/a> in den USA erh\u00e4ltlich ist. Das kann ich auch, dachte ich, und suchte Reste und Einzelkn\u00e4ule in Gr\u00fcn oder mit Anteilen dieser Farbe zusammen. Dass es sich dabei haupts\u00e4chlich um d\u00fcnne Garne handelt, ist kein Hindernis, im Gegenteil. Zwei d\u00fcnne Garne zusammen genommen ergeben eine gute St\u00e4rke und sehen verstrickt zudem interessanter aus als ein einzelnes mittelstarkes Garn. <\/p>\n\n\n\n<figure class=\"wp-block-image size-large\"><img data-recalc-dims=\"1\" loading=\"lazy\" decoding=\"async\" width=\"700\" height=\"525\" data-attachment-id=\"2774\" data-permalink=\"https:\/\/www.strickforum.de\/blog\/random-ridge_2\/\" data-orig-file=\"https:\/\/i0.wp.com\/www.strickforum.de\/blog\/wp-content\/uploads\/2019\/06\/random-ridge_2.jpg?fit=700%2C525&amp;ssl=1\" data-orig-size=\"700,525\" data-comments-opened=\"1\" data-image-meta=\"{&quot;aperture&quot;:&quot;3.1&quot;,&quot;credit&quot;:&quot;&quot;,&quot;camera&quot;:&quot;Canon PowerShot SX220 HS&quot;,&quot;caption&quot;:&quot;&quot;,&quot;created_timestamp&quot;:&quot;1561718422&quot;,&quot;copyright&quot;:&quot;&quot;,&quot;focal_length&quot;:&quot;5&quot;,&quot;iso&quot;:&quot;1250&quot;,&quot;shutter_speed&quot;:&quot;0.0333333333333&quot;,&quot;title&quot;:&quot;&quot;,&quot;orientation&quot;:&quot;1&quot;}\" data-image-title=\"random-ridge_2\" data-image-description=\"\" data-image-caption=\"\" data-large-file=\"https:\/\/i0.wp.com\/www.strickforum.de\/blog\/wp-content\/uploads\/2019\/06\/random-ridge_2.jpg?fit=700%2C525&amp;ssl=1\" src=\"https:\/\/i0.wp.com\/www.strickforum.de\/blog\/wp-content\/uploads\/2019\/06\/random-ridge_2.jpg?resize=700%2C525&#038;ssl=1\" alt=\"Tuch &quot;Random Ridge&quot; in Arbeit\" class=\"wp-image-2774\" srcset=\"https:\/\/i0.wp.com\/www.strickforum.de\/blog\/wp-content\/uploads\/2019\/06\/random-ridge_2.jpg?w=700&amp;ssl=1 700w, https:\/\/i0.wp.com\/www.strickforum.de\/blog\/wp-content\/uploads\/2019\/06\/random-ridge_2.jpg?resize=600%2C450&amp;ssl=1 600w\" sizes=\"auto, (max-width: 709px) 85vw, (max-width: 909px) 67vw, (max-width: 984px) 61vw, (max-width: 1362px) 45vw, 600px\" \/><\/figure>\n\n\n\n<p class=\"wp-block-paragraph\">Und so begann ich frohen Mutes mein eigenes Reste-Random-Ridge. Damit es beim Stricken nicht so langweilig ist, kommen da, wo es passt, einfache Musterstreifen hinein. Inzwischen bin ich beim vierten Rest-Streifen und einer H\u00f6he von etwa 55 cm; 90 cm sind mein Ziel.  <\/p>\n\n\n\n<p class=\"wp-block-paragraph\">Mir gef\u00e4llt das Ergebnis gut, und das Stricken macht gro\u00dfen Spa\u00df. Zwar mangelt es meiner Zusammenstellung am Farbverlauf, und so ganz harmonisch ist sie auch nicht. Aber daf\u00fcr f\u00fchre ich diverse Reste einer sinnvollen Verwendung zu und spare auch noch viel Geld. <\/p>\n","protected":false},"excerpt":{"rendered":"<p>Vor allem Strick-Anf\u00e4nger wollen am liebsten nur eine genau passende Menge Garn f\u00fcr ihre Wunsch-Projekte kaufen oder suchen nach einer Anleitung, die exakt so viel Garn von genau der Qualit\u00e4t erfordert, wie sie sie haben. Es soll m\u00f6glichst nichts \u00fcbrig bleiben.<\/p>\n","protected":false},"author":3,"featured_media":0,"comment_status":"open","ping_status":"open","sticky":false,"template":"","format":"standard","meta":{"_seopress_robots_primary_cat":"","_seopress_titles_title":"","_seopress_titles_desc":"","_seopress_robots_index":"","_crdt_document":"","jetpack_post_was_ever_published":false,"_jetpack_newsletter_access":"","_jetpack_dont_email_post_to_subs":false,"_jetpack_newsletter_tier_id":0,"_jetpack_memberships_contains_paywalled_content":false,"_jetpack_memberships_contains_paid_content":false,"footnotes":"","jetpack_publicize_message":"","jetpack_publicize_feature_enabled":true,"jetpack_social_post_already_shared":true,"jetpack_social_options":{"image_generator_settings":{"template":"highway","default_image_id":0,"font":"","enabled":false},"version":2}},"categories":[6],"tags":[],"class_list":["post-2773","post","type-post","status-publish","format-standard","hentry","category-6"],"jetpack_publicize_connections":[],"jetpack_featured_media_url":"","jetpack_sharing_enabled":true,"jetpack_shortlink":"https:\/\/wp.me\/p7JbSI-IJ","jetpack-related-posts":[{"id":1850,"url":"https:\/\/www.strickforum.de\/blog\/die-verstrickte-dienstagsfrage-452014\/","url_meta":{"origin":2773,"position":0},"title":"Die verstrickte Dienstagsfrage 45\/2014","author":"Admin","date":"11. November 2014","format":false,"excerpt":"Diese Woche fragt das Wollschaf: Mit welcher Wolle habt ihr Stricken gelernt oder wiederentdeckt? Welche Wolle verstrickt ihr am liebsten? Hat es sich ver\u00e4ndert, mit welcher Wolle ihr gerne strickt oder gibt es Garne, die ihr fr\u00fcher in rauen Mengen verarbeitet habt und nun k\u00f6nnt ihr nix mehr damit anfangen?\u2026","rel":"","context":"In &quot;Stricken&quot;","block_context":{"text":"Stricken","link":"https:\/\/www.strickforum.de\/blog\/category\/3\/"},"img":{"alt_text":"","src":"","width":0,"height":0},"classes":[]},{"id":1442,"url":"https:\/\/www.strickforum.de\/blog\/die-verstrickte-dienstagsfrage-412012\/","url_meta":{"origin":2773,"position":1},"title":"Die verstrickte Dienstagsfrage 41\/2012","author":"Admin","date":"9. Oktober 2012","format":false,"excerpt":"Diese Woche hat das Wollschaf eine Frage von mir ausgew\u00e4hlt: Ich lese immer wieder von Restedecken, Monstersocken und \u00e4hnlichem. Manche Strickerinnen schaffen es anscheinend, auch den letzten Meter Garn noch irgendwie sinnvoll zu verwerten. Wie weit gehst Du da? Welche Mengen verarbeitest Du noch zu irgendetwas? Ab wann (wieviel Gramm,\u2026","rel":"","context":"In &quot;Stricken&quot;","block_context":{"text":"Stricken","link":"https:\/\/www.strickforum.de\/blog\/category\/3\/"},"img":{"alt_text":"","src":"","width":0,"height":0},"classes":[]},{"id":1058,"url":"https:\/\/www.strickforum.de\/blog\/die-verstrickte-dienstagsfrage-462010\/","url_meta":{"origin":2773,"position":2},"title":"Die verstrickte Dienstagsfrage 46\/2010","author":"Admin","date":"16. November 2010","format":false,"excerpt":"Das Wollschaf fragt heute: Wo ist die Grenze zwischen \u201cgerne stricken\u201d und richtig \u201cstricks\u00fcchtig sein\u201d? Wo ordnest Du Dich ein? Gehst Du K\u00e4ufe eher n\u00fcchtern an und kaufst genau f\u00fcr Dein Projekt ein oder kannst Du Dich in einem Wollgesch\u00e4ft \u201cnicht beherrschen\u201d und kaufst eher wahllos ein. Hast Du ein\u2026","rel":"","context":"In &quot;Stricken&quot;","block_context":{"text":"Stricken","link":"https:\/\/www.strickforum.de\/blog\/category\/3\/"},"img":{"alt_text":"","src":"","width":0,"height":0},"classes":[]},{"id":1090,"url":"https:\/\/www.strickforum.de\/blog\/die-verstrickte-dienstagsfrage-522010\/","url_meta":{"origin":2773,"position":3},"title":"Die verstrickte Dienstagsfrage 52\/2010","author":"Admin","date":"28. Dezember 2010","format":false,"excerpt":"Das Wollschaf fragt diesmal: Die Jahreswende ist die Zeit der Statistiken und der Inventur, also Hand aufs Herz: Wie gro\u00df ist Dein Stash? Vielen Dank an Martina f\u00fcr die heutige Frage! Das Wollschaf w\u00fcnscht allen einen angenehmen Jahreswechsel! Das ist aber eine sehr indiskrete Frage. Fast so indiskret, als w\u00fcrde\u2026","rel":"","context":"In &quot;Stricken&quot;","block_context":{"text":"Stricken","link":"https:\/\/www.strickforum.de\/blog\/category\/3\/"},"img":{"alt_text":"","src":"","width":0,"height":0},"classes":[]},{"id":805,"url":"https:\/\/www.strickforum.de\/blog\/die-verstrickte-dienstagsfrage-412009\/","url_meta":{"origin":2773,"position":4},"title":"Die verstrickte Dienstagsfrage 41\/2009","author":"Admin","date":"6. Oktober 2009","format":false,"excerpt":"Das Wollschaf fragt: Wie haltet Ihr es mit Euren Garnresten? Versucht Ihr, alles bis aufs letzte Gramm zu verstricken? Was macht Ihr mit den letzten kleinen Resten, werft Ihr die weg? Unterhalb von welcher Grammzahl wird ggf. weggeworfen? Oder verarbeitet Ihr auch Kleinstmengen in einem Resteprojekt, und wenn ja, was\u2026","rel":"","context":"In &quot;Stricken&quot;","block_context":{"text":"Stricken","link":"https:\/\/www.strickforum.de\/blog\/category\/3\/"},"img":{"alt_text":"","src":"","width":0,"height":0},"classes":[]},{"id":1181,"url":"https:\/\/www.strickforum.de\/blog\/die-verstrickte-dienstagsfrage-222011\/","url_meta":{"origin":2773,"position":5},"title":"Die verstrickte Dienstagsfrage 22\/2011","author":"Admin","date":"31. Mai 2011","format":false,"excerpt":"Das Wollschaf fragt diese Woche: Was macht ihr mit Wollresten? Nein, ich meine nicht die Sockenwollreste, wo alles die gleiche Laufl\u00e4nge hat, sondern ein halbes Kn\u00e4uelchen hiervon, Zweieinhalb Kn\u00e4uel davon, 270g von was ganz anderem, 120g Effektgarn und alles in unterschiedlicher Nadelst\u00e4rke. Was halt in einem normalen StrickerInnenhaushalt so anf\u00e4llt.\u2026","rel":"","context":"In &quot;Stricken&quot;","block_context":{"text":"Stricken","link":"https:\/\/www.strickforum.de\/blog\/category\/3\/"},"img":{"alt_text":"","src":"","width":0,"height":0},"classes":[]}],"_links":{"self":[{"href":"https:\/\/www.strickforum.de\/blog\/wp-json\/wp\/v2\/posts\/2773","targetHints":{"allow":["GET"]}}],"collection":[{"href":"https:\/\/www.strickforum.de\/blog\/wp-json\/wp\/v2\/posts"}],"about":[{"href":"https:\/\/www.strickforum.de\/blog\/wp-json\/wp\/v2\/types\/post"}],"author":[{"embeddable":true,"href":"https:\/\/www.strickforum.de\/blog\/wp-json\/wp\/v2\/users\/3"}],"replies":[{"embeddable":true,"href":"https:\/\/www.strickforum.de\/blog\/wp-json\/wp\/v2\/comments?post=2773"}],"version-history":[{"count":1,"href":"https:\/\/www.strickforum.de\/blog\/wp-json\/wp\/v2\/posts\/2773\/revisions"}],"predecessor-version":[{"id":2775,"href":"https:\/\/www.strickforum.de\/blog\/wp-json\/wp\/v2\/posts\/2773\/revisions\/2775"}],"wp:attachment":[{"href":"https:\/\/www.strickforum.de\/blog\/wp-json\/wp\/v2\/media?parent=2773"}],"wp:term":[{"taxonomy":"category","embeddable":true,"href":"https:\/\/www.strickforum.de\/blog\/wp-json\/wp\/v2\/categories?post=2773"},{"taxonomy":"post_tag","embeddable":true,"href":"https:\/\/www.strickforum.de\/blog\/wp-json\/wp\/v2\/tags?post=2773"}],"curies":[{"name":"wp","href":"https:\/\/api.w.org\/{rel}","templated":true}]}}