{"id":3003,"date":"2020-05-14T11:49:47","date_gmt":"2020-05-14T09:49:47","guid":{"rendered":"https:\/\/www.strickforum.de\/blog\/?p=3003"},"modified":"2020-05-14T11:49:47","modified_gmt":"2020-05-14T09:49:47","slug":"resteverwertung-und-verteilte-abnahmen","status":"publish","type":"post","link":"https:\/\/www.strickforum.de\/blog\/resteverwertung-und-verteilte-abnahmen\/","title":{"rendered":"Resteverwertung und verteilte Abnahmen"},"content":{"rendered":"\n<p class=\"wp-block-paragraph\">Als sparsame Strickerin halte ich immer mal wieder Ausschau nach kostenlosen Anleitungen. So stie\u00df ich \u00fcber einige Umwege auf eine <a href=\"https:\/\/www.ravelry.com\/patterns\/library\/round-the-blend\" target=\"_blank\" rel=\"noreferrer noopener\">interessante M\u00fctze<\/a>, ein Design von Kathleen Sperling. <\/p>\n\n\n\n<!--more-->\n\n\n\n<p class=\"wp-block-paragraph\">Der einzige Nachteil: Diese Anleitung gibt es nur bei Twitter, und zwar br\u00f6ckchenweise, da es im vergangenen Sp\u00e4therbst ein &#8222;mystery twit-a-long&#8220; war. Nun habe ich keinen Twitter-Account; wenn ich mich n\u00e4mlich online \u00e4u\u00dfere, dann meistens wortreich, und daf\u00fcr ist Twitter ja eher nicht gedacht. Ich sehe auch nicht ein, mich wegen einer M\u00fctze dort zu registrieren. Zum Gl\u00fcck lie\u00dfen sich die Anleitungs-Br\u00f6ckchen aber der Reihe nach einsammeln. Ich kopierte sie f\u00fcr mich in eine Textdatei, die ich mir dann abspeicherte.<\/p>\n\n\n\n<p class=\"wp-block-paragraph\">Abgesehen davon, dass die Anleitung gratis ist, soll man sie auch noch aus drei verschiedenen Resten von Sockenwolle nachstricken. Ein Garnkauf er\u00fcbrigt sich also, denn die allermeisten Stricker*innen d\u00fcrften Sockenwollreste vorr\u00e4tig haben. Meine Empfehlung w\u00e4re, bei der Farbwahl Vorsicht walten zu lassen. Gerade die Projekte mit starken Farbkontrasten wirken auf mich eher unharmonisch.<\/p>\n\n\n\n<p class=\"wp-block-paragraph\">Das Besondere bei dieser Anleitung ist, dass die Reste doppelf\u00e4dig in verk\u00fcrzten Reihen verstrickt werden: Ein Sektor mit zwei F\u00e4den Farbe 1, der zweite mit einem Faden Farbe 1 und einem Faden Farbe 2, dann folgen zwei F\u00e4den Farbe 2, dann Farbe 2 und 3, und so weiter, indem man f\u00fcr jeden der sechs Sektoren einen der zwei F\u00e4den austauscht. <\/p>\n\n\n\n<figure class=\"wp-block-image size-large\"><img data-recalc-dims=\"1\" loading=\"lazy\" decoding=\"async\" width=\"700\" height=\"700\" data-attachment-id=\"3001\" data-permalink=\"https:\/\/www.strickforum.de\/blog\/round-the-blend_aussen\/\" data-orig-file=\"https:\/\/i0.wp.com\/www.strickforum.de\/blog\/wp-content\/uploads\/2020\/05\/round-the-blend_aussen.jpg?fit=700%2C700&amp;ssl=1\" data-orig-size=\"700,700\" data-comments-opened=\"1\" data-image-meta=\"{&quot;aperture&quot;:&quot;4&quot;,&quot;credit&quot;:&quot;&quot;,&quot;camera&quot;:&quot;Canon PowerShot SX220 HS&quot;,&quot;caption&quot;:&quot;&quot;,&quot;created_timestamp&quot;:&quot;1589288385&quot;,&quot;copyright&quot;:&quot;&quot;,&quot;focal_length&quot;:&quot;5&quot;,&quot;iso&quot;:&quot;400&quot;,&quot;shutter_speed&quot;:&quot;0.0025&quot;,&quot;title&quot;:&quot;&quot;,&quot;orientation&quot;:&quot;1&quot;}\" data-image-title=\"round-the-blend_aussen\" data-image-description=\"\" data-image-caption=\"\" data-large-file=\"https:\/\/i0.wp.com\/www.strickforum.de\/blog\/wp-content\/uploads\/2020\/05\/round-the-blend_aussen.jpg?fit=700%2C700&amp;ssl=1\" src=\"https:\/\/i0.wp.com\/www.strickforum.de\/blog\/wp-content\/uploads\/2020\/05\/round-the-blend_aussen.jpg?resize=700%2C700&#038;ssl=1\" alt=\"M\u00fctze, Au\u00dfenseite\" class=\"wp-image-3001\" srcset=\"https:\/\/i0.wp.com\/www.strickforum.de\/blog\/wp-content\/uploads\/2020\/05\/round-the-blend_aussen.jpg?w=700&amp;ssl=1 700w, https:\/\/i0.wp.com\/www.strickforum.de\/blog\/wp-content\/uploads\/2020\/05\/round-the-blend_aussen.jpg?resize=600%2C600&amp;ssl=1 600w, https:\/\/i0.wp.com\/www.strickforum.de\/blog\/wp-content\/uploads\/2020\/05\/round-the-blend_aussen.jpg?resize=150%2C150&amp;ssl=1 150w\" sizes=\"auto, (max-width: 709px) 85vw, (max-width: 909px) 67vw, (max-width: 984px) 61vw, (max-width: 1362px) 45vw, 600px\" \/><\/figure>\n\n\n\n<p class=\"wp-block-paragraph\">Nach dem Zusammenf\u00fcgen zu einem pfannkuchenartigen Gebilde nimmt man aus dem Rand Maschen auf und strickt ein Rippenb\u00fcndchen an. Und einige Stricker*innen scheinen mit eben diesem B\u00fcndchen Probleme gehabt zu haben. Die Angaben dazu sind auch recht anspruchsvoll: Wenn man aus sieben Reihen jeweils drei Maschen aufnehmen soll, kann das Ganze ungleichm\u00e4\u00dfig und\/oder l\u00f6chrig geraten. Ich entschied mich deshalb daf\u00fcr, zun\u00e4chst aus jeder zweiten Randmasche eine B\u00fcndchenmasche aufzunehmen und au\u00dferdem eine etwas kleinere Nadelst\u00e4rke zu verwenden. Nachdem ich einmal rundherum war, hatte ich 96 Maschen und keine L\u00fccken.<\/p>\n\n\n\n<figure class=\"wp-block-image size-large\"><img data-recalc-dims=\"1\" loading=\"lazy\" decoding=\"async\" width=\"700\" height=\"700\" data-attachment-id=\"3002\" data-permalink=\"https:\/\/www.strickforum.de\/blog\/round-the-blend_innen\/\" data-orig-file=\"https:\/\/i0.wp.com\/www.strickforum.de\/blog\/wp-content\/uploads\/2020\/05\/round-the-blend_innen.jpg?fit=700%2C700&amp;ssl=1\" data-orig-size=\"700,700\" data-comments-opened=\"1\" data-image-meta=\"{&quot;aperture&quot;:&quot;4&quot;,&quot;credit&quot;:&quot;&quot;,&quot;camera&quot;:&quot;Canon PowerShot SX220 HS&quot;,&quot;caption&quot;:&quot;&quot;,&quot;created_timestamp&quot;:&quot;1589288398&quot;,&quot;copyright&quot;:&quot;&quot;,&quot;focal_length&quot;:&quot;5&quot;,&quot;iso&quot;:&quot;320&quot;,&quot;shutter_speed&quot;:&quot;0.0025&quot;,&quot;title&quot;:&quot;&quot;,&quot;orientation&quot;:&quot;1&quot;}\" data-image-title=\"round-the-blend_innen\" data-image-description=\"\" data-image-caption=\"\" data-large-file=\"https:\/\/i0.wp.com\/www.strickforum.de\/blog\/wp-content\/uploads\/2020\/05\/round-the-blend_innen.jpg?fit=700%2C700&amp;ssl=1\" src=\"https:\/\/i0.wp.com\/www.strickforum.de\/blog\/wp-content\/uploads\/2020\/05\/round-the-blend_innen.jpg?resize=700%2C700&#038;ssl=1\" alt=\"M\u00fctze, Innenseite\" class=\"wp-image-3002\" srcset=\"https:\/\/i0.wp.com\/www.strickforum.de\/blog\/wp-content\/uploads\/2020\/05\/round-the-blend_innen.jpg?w=700&amp;ssl=1 700w, https:\/\/i0.wp.com\/www.strickforum.de\/blog\/wp-content\/uploads\/2020\/05\/round-the-blend_innen.jpg?resize=600%2C600&amp;ssl=1 600w, https:\/\/i0.wp.com\/www.strickforum.de\/blog\/wp-content\/uploads\/2020\/05\/round-the-blend_innen.jpg?resize=150%2C150&amp;ssl=1 150w\" sizes=\"auto, (max-width: 709px) 85vw, (max-width: 909px) 67vw, (max-width: 984px) 61vw, (max-width: 1362px) 45vw, 600px\" \/><\/figure>\n\n\n\n<p class=\"wp-block-paragraph\">Das B\u00fcndchen sollte \u00fcber nur 84 Maschen gestrickt werden, somit musste ich in der folgenden Runde 12 Maschen verteilt abnehmen. Gerade f\u00fcr Anf\u00e4nger ist so eine Aufgabe oft eine Herausforderung. Wie macht man das m\u00f6glichst gleichm\u00e4\u00dfig?<\/p>\n\n\n\n<p class=\"wp-block-paragraph\">Zun\u00e4chst muss man sich dar\u00fcber klar sein, dass derlei Abnahmen durch das Zusammenstricken von jeweils zwei Maschen zustande kommen. Um die Abnahmen gleichm\u00e4\u00dfig zu verteilen, berechnet man, in welchen Abst\u00e4nden zusammengestrickt wird. Nun kann man beispielsweise berechnen, dass 96 (vorhandene Maschen) geteilt durch 12 (abzunehmende Maschen) 8 ergibt. Aber was sagt einem das? Muss man 8 Maschen zwischen den Abnahmen stricken? Nein, bitte nicht!<\/p>\n\n\n\n<p class=\"wp-block-paragraph\">Man geht von der Ziel-Zahl aus, d.h. von den 84 Maschen, die man am Ende der Runde haben will. Von diesen 84 Maschen sollen 12 durch Zusammenstricken entstehen, die \u00fcbrigen nur aus einer Masche. Wir teilen also 84 durch 12, das ergibt 7. Das bedeutet. dass jede siebte Masche eine &#8222;zusammengestrickte&#8220; Masche ist. Und das wiederum hei\u00dft, dass zwischen zwei Zusammenstrick-Maschen sechs ohne Zusammenstricken liegen. Mit anderen Worten, bitte abz\u00e4hlen: Sechs Maschen normal stricken, die siebte und achte zusammenstricken. Nach dieser Runde hat man exakt das gew\u00fcnschte Ergebnis, und alle achten Maschen sind abgenommen, indem sie jeweils mit der siebten zusammengestrickt wurden.<\/p>\n","protected":false},"excerpt":{"rendered":"<p>Als sparsame Strickerin halte ich immer mal wieder Ausschau nach kostenlosen Anleitungen. So stie\u00df ich \u00fcber einige Umwege auf eine interessante M\u00fctze, ein Design von Kathleen Sperling.<\/p>\n","protected":false},"author":3,"featured_media":0,"comment_status":"open","ping_status":"open","sticky":false,"template":"","format":"standard","meta":{"_seopress_titles_title":"","_seopress_titles_desc":"","_seopress_robots_index":"","_seopress_robots_follow":"","_seopress_robots_imageindex":"","_seopress_robots_snippet":"","_seopress_robots_primary_cat":"","_seopress_robots_breadcrumbs":"","_seopress_robots_freeze_modified_date":"","_seopress_robots_custom_modified_date":"","_seopress_robots_canonical":"","_seopress_social_fb_title":"","_seopress_social_fb_desc":"","_seopress_social_fb_img":"","_seopress_social_fb_img_attachment_id":0,"_seopress_social_fb_img_width":0,"_seopress_social_fb_img_height":0,"_seopress_social_twitter_title":"","_seopress_social_twitter_desc":"","_seopress_social_twitter_img":"","_seopress_social_twitter_img_attachment_id":0,"_seopress_social_twitter_img_width":0,"_seopress_social_twitter_img_height":0,"_seopress_redirections_value":"","_seopress_redirections_enabled":"","_seopress_redirections_enabled_regex":"","_seopress_redirections_logged_status":"","_seopress_redirections_param":"","_seopress_redirections_type":0,"_seopress_analysis_target_kw":"","_jetpack_newsletter_access":"","_jetpack_dont_email_post_to_subs":false,"_jetpack_newsletter_tier_id":0,"_jetpack_memberships_contains_paywalled_content":false,"_jetpack_feature_clip_id":0,"_jetpack_memberships_contains_paid_content":false,"footnotes":"","jetpack_publicize_message":"","jetpack_publicize_feature_enabled":true,"jetpack_social_post_already_shared":true,"jetpack_social_options":{"image_generator_settings":{"template":"highway","default_image_id":0,"font":"","enabled":false},"version":2},"jetpack_post_was_ever_published":false},"categories":[6],"tags":[],"class_list":["post-3003","post","type-post","status-publish","format-standard","hentry","category-6"],"jetpack_publicize_connections":[],"jetpack_sharing_enabled":true,"jetpack_shortlink":"https:\/\/wp.me\/p7JbSI-Mr","jetpack-related-posts":[{"id":1064,"url":"https:\/\/www.strickforum.de\/blog\/die-verstrickte-dienstagsfrage-472010\/","url_meta":{"origin":3003,"position":0},"title":"Die verstrickte Dienstagsfrage 47\/2010","author":"Admin","date":"23. November 2010","format":false,"excerpt":"Das Wollschaf fragt heute: Tragt Ihr im Winter M\u00fctzen oder andere Kopfbedeckungen? Selbstgeh\u00e4kelt? Selbstgestrickt? Gefilzt? Oder gekauft? Wenn Ihr selbstgemachte Kopfbedeckungen tragt \u2013 fertigt Ihr die nach Anleitung oder einfach aus dem Kopf, so wie Ihr denkt? Vielen Dank an Monika f\u00fcr die heutige Frage! Ja, ich trage M\u00fctzen, wenn's\u2026","rel":"","context":"In &quot;Stricken&quot;","block_context":{"text":"Stricken","link":"https:\/\/www.strickforum.de\/blog\/category\/3\/"},"img":{"alt_text":"","src":"","width":0,"height":0},"classes":[]},{"id":3156,"url":"https:\/\/www.strickforum.de\/blog\/die-eintagsmuetze\/","url_meta":{"origin":3003,"position":1},"title":"Die Eintagsm\u00fctze","author":"Admin","date":"30. Dezember 2020","format":false,"excerpt":"Es gibt Menschen, denen steht jede denkbare M\u00fctzenform. Leider gilt das nicht f\u00fcr mich. Ich bin zwar ein gro\u00dfer M\u00fctzen-Fan (besonders wenn die Au\u00dfentemperatur unter 5 Grad plus sinkt), aber nicht jede Variante ist f\u00fcr mich auch kleidsam. Deshalb freute es mich, dass ich neulich eine Anleitung fand, die vielversprechend\u2026","rel":"","context":"In &quot;Stricken&quot;","block_context":{"text":"Stricken","link":"https:\/\/www.strickforum.de\/blog\/category\/3\/"},"img":{"alt_text":"M\u00fctze \"Amanda\"","src":"https:\/\/i0.wp.com\/www.strickforum.de\/blog\/wp-content\/uploads\/2020\/12\/amanda-muetze.jpg?resize=350%2C200&ssl=1","width":350,"height":200,"srcset":"https:\/\/i0.wp.com\/www.strickforum.de\/blog\/wp-content\/uploads\/2020\/12\/amanda-muetze.jpg?resize=350%2C200&ssl=1 1x, https:\/\/i0.wp.com\/www.strickforum.de\/blog\/wp-content\/uploads\/2020\/12\/amanda-muetze.jpg?resize=525%2C300&ssl=1 1.5x, https:\/\/i0.wp.com\/www.strickforum.de\/blog\/wp-content\/uploads\/2020\/12\/amanda-muetze.jpg?resize=700%2C400&ssl=1 2x"},"classes":[]},{"id":3182,"url":"https:\/\/www.strickforum.de\/blog\/mein-grosser-plan\/","url_meta":{"origin":3003,"position":2},"title":"Mein gro\u00dfer Plan","author":"Admin","date":"7. Februar 2021","format":false,"excerpt":"Etwa einmal monatlich bekomme ich einen Newsletter von Woolly Wormhead. Sie entwirft M\u00fctzen in allen vorstellbaren Varianten, in Runden, quer in Reihen oder auch mal diagonal, sowie f\u00fcr die verschiedensten Garnst\u00e4rken. Ich besitze viele ihrer Anleitungen und habe im Laufe der Jahre bereits diverse Modelle von ihr nachgestrickt. In Zusammenhang\u2026","rel":"","context":"In &quot;Stricken&quot;","block_context":{"text":"Stricken","link":"https:\/\/www.strickforum.de\/blog\/category\/3\/"},"img":{"alt_text":"Comfort Slouch","src":"https:\/\/i0.wp.com\/www.strickforum.de\/blog\/wp-content\/uploads\/2021\/02\/comfort-slouch.jpg?resize=350%2C200&ssl=1","width":350,"height":200,"srcset":"https:\/\/i0.wp.com\/www.strickforum.de\/blog\/wp-content\/uploads\/2021\/02\/comfort-slouch.jpg?resize=350%2C200&ssl=1 1x, https:\/\/i0.wp.com\/www.strickforum.de\/blog\/wp-content\/uploads\/2021\/02\/comfort-slouch.jpg?resize=525%2C300&ssl=1 1.5x, https:\/\/i0.wp.com\/www.strickforum.de\/blog\/wp-content\/uploads\/2021\/02\/comfort-slouch.jpg?resize=700%2C400&ssl=1 2x"},"classes":[]},{"id":1321,"url":"https:\/\/www.strickforum.de\/blog\/swing-reste-mutze-swinging-oddment-hat\/","url_meta":{"origin":3003,"position":3},"title":"Swing-Reste-M\u00fctze &#8211; Swinging oddment hat","author":"Admin","date":"18. Februar 2012","format":false,"excerpt":"Vor zehn Tagen startete ich einen neuen Versuch mit dem Swing-Stricken. Diesmal wagte ich mich an Heidrun Liegmanns M\u00fctzen-Anleitung. Das Garn, das ich mir ausgesucht hatte, ist dicker als das in der Anleitung vorgesehene, und mein erster Versuch geriet viel zu gro\u00df. Beim zweiten Versuch, mit weniger Maschen und drei\u2026","rel":"","context":"In &quot;Stricken&quot;","block_context":{"text":"Stricken","link":"https:\/\/www.strickforum.de\/blog\/category\/3\/"},"img":{"alt_text":"","src":"","width":0,"height":0},"classes":[]},{"id":3533,"url":"https:\/\/www.strickforum.de\/blog\/wieder-eine-schnelle-muetze\/","url_meta":{"origin":3003,"position":4},"title":"Wieder eine schnelle M\u00fctze","author":"Admin","date":"20. Januar 2023","format":false,"excerpt":"M\u00fctzen habe ich 2021 ziemlich viele (f\u00fcr meine Verh\u00e4ltnisse jedenfalls) gestrickt. Die meisten gingen an eine gute Bekannte, eine Betreuerin. Die verteilt sie an Bed\u00fcrftige aus dem Kreis ihrer Klienten. Im vergangenen Jahr hatte es sich dann bei mir weitgehend ausgem\u00fctzt. Andere Strickprojekte waren f\u00fcr mich interessanter. Bis ich vor\u2026","rel":"","context":"In &quot;Stricken&quot;","block_context":{"text":"Stricken","link":"https:\/\/www.strickforum.de\/blog\/category\/3\/"},"img":{"alt_text":"","src":"https:\/\/i0.wp.com\/www.strickforum.de\/blog\/wp-content\/uploads\/2023\/01\/muetze_tweed-delight.jpg?resize=350%2C200&ssl=1","width":350,"height":200,"srcset":"https:\/\/i0.wp.com\/www.strickforum.de\/blog\/wp-content\/uploads\/2023\/01\/muetze_tweed-delight.jpg?resize=350%2C200&ssl=1 1x, https:\/\/i0.wp.com\/www.strickforum.de\/blog\/wp-content\/uploads\/2023\/01\/muetze_tweed-delight.jpg?resize=525%2C300&ssl=1 1.5x, https:\/\/i0.wp.com\/www.strickforum.de\/blog\/wp-content\/uploads\/2023\/01\/muetze_tweed-delight.jpg?resize=700%2C400&ssl=1 2x"},"classes":[]},{"id":3224,"url":"https:\/\/www.strickforum.de\/blog\/helical\/","url_meta":{"origin":3003,"position":5},"title":"Helical","author":"Admin","date":"11. April 2021","format":false,"excerpt":"Die H\u00e4lfte der M\u00fctzen-Challenge 2021 ist geschafft. Das Modell \"Helical\" wurde gestern fertig. Es passt mir recht gut. Allerdings bin ich mit einigen Aspekten der Anleitung bzw. der Optik nicht hundertprozentig gl\u00fccklich. Die Abnahmen erfolgen in vier Schritten nur in den letzten sieben Runden. Das ergibt viel Materialf\u00fclle im oberen\u2026","rel":"","context":"In &quot;Stricken&quot;","block_context":{"text":"Stricken","link":"https:\/\/www.strickforum.de\/blog\/category\/3\/"},"img":{"alt_text":"M\u00fctze Helical","src":"https:\/\/i0.wp.com\/www.strickforum.de\/blog\/wp-content\/uploads\/2021\/04\/helical_1000.jpg?resize=350%2C200&ssl=1","width":350,"height":200,"srcset":"https:\/\/i0.wp.com\/www.strickforum.de\/blog\/wp-content\/uploads\/2021\/04\/helical_1000.jpg?resize=350%2C200&ssl=1 1x, https:\/\/i0.wp.com\/www.strickforum.de\/blog\/wp-content\/uploads\/2021\/04\/helical_1000.jpg?resize=525%2C300&ssl=1 1.5x, https:\/\/i0.wp.com\/www.strickforum.de\/blog\/wp-content\/uploads\/2021\/04\/helical_1000.jpg?resize=700%2C400&ssl=1 2x"},"classes":[]}],"jetpack_featured_media_url":"","_links":{"self":[{"href":"https:\/\/www.strickforum.de\/blog\/wp-json\/wp\/v2\/posts\/3003","targetHints":{"allow":["GET"]}}],"collection":[{"href":"https:\/\/www.strickforum.de\/blog\/wp-json\/wp\/v2\/posts"}],"about":[{"href":"https:\/\/www.strickforum.de\/blog\/wp-json\/wp\/v2\/types\/post"}],"author":[{"embeddable":true,"href":"https:\/\/www.strickforum.de\/blog\/wp-json\/wp\/v2\/users\/3"}],"replies":[{"embeddable":true,"href":"https:\/\/www.strickforum.de\/blog\/wp-json\/wp\/v2\/comments?post=3003"}],"version-history":[{"count":3,"href":"https:\/\/www.strickforum.de\/blog\/wp-json\/wp\/v2\/posts\/3003\/revisions"}],"predecessor-version":[{"id":3006,"href":"https:\/\/www.strickforum.de\/blog\/wp-json\/wp\/v2\/posts\/3003\/revisions\/3006"}],"wp:attachment":[{"href":"https:\/\/www.strickforum.de\/blog\/wp-json\/wp\/v2\/media?parent=3003"}],"wp:term":[{"taxonomy":"category","embeddable":true,"href":"https:\/\/www.strickforum.de\/blog\/wp-json\/wp\/v2\/categories?post=3003"},{"taxonomy":"post_tag","embeddable":true,"href":"https:\/\/www.strickforum.de\/blog\/wp-json\/wp\/v2\/tags?post=3003"}],"curies":[{"name":"wp","href":"https:\/\/api.w.org\/{rel}","templated":true}]}}