{"id":3012,"date":"2020-05-17T11:57:33","date_gmt":"2020-05-17T09:57:33","guid":{"rendered":"https:\/\/www.strickforum.de\/blog\/?p=3012"},"modified":"2020-05-17T11:57:33","modified_gmt":"2020-05-17T09:57:33","slug":"mist-verstanden","status":"publish","type":"post","link":"https:\/\/www.strickforum.de\/blog\/mist-verstanden\/","title":{"rendered":"Mist verstanden"},"content":{"rendered":"\n<p class=\"wp-block-paragraph\">Seit dem vergangenen November werkele ich an der Jacke &#8222;Magico&#8220;, die ein Mystery-Knit-along von Birgit Freyer war. Vermutlich bin ich die letzte der Gefolgsleute. Aber vor wenigen Tagen, als ich die Maschen des ersten \u00c4rmels abkettete, w\u00e4hnte ich mich endlich kurz vor dem Ziel.<\/p>\n\n\n\n<!--more-->\n\n\n\n<p class=\"wp-block-paragraph\">Gestern nahm ich mir die Zeit, die Projekte der anderen Stricker*innen einmal anzuschauen und stellte fest, dass die Leibteile dort sich von meiner Version wesentlich unterschieden. Eine genauere Pr\u00fcfung der Anleitung ergab: Beim Aufteilen der Maschen f\u00fcr \u00c4rmel und Leibteil hatte ich die (zugegeben recht spartanische) Skizze grandios fehlinterpretiert. Eigentlich soll man weiterhin beiderseits der vorderen und hinteren Mitte Maschen zunehmen und zum Ausgleich unter der Achsel Maschen zusammenstricken. Ich hingegen hatte sowohl beiderseits der Mitten als auch unter den Achseln Maschen zugenommen und in der Mitte der urspr\u00fcnglichen Zwischenteile jeweils einen Punkt zum Zusammenstricken festgelegt. Das ergab vier ziemlich unpassende Ausbeulungen. <\/p>\n\n\n\n<figure class=\"wp-block-image size-large\"><img data-recalc-dims=\"1\" loading=\"lazy\" decoding=\"async\" width=\"700\" height=\"609\" data-attachment-id=\"3011\" data-permalink=\"https:\/\/www.strickforum.de\/blog\/magico-mistverstanden\/\" data-orig-file=\"https:\/\/i0.wp.com\/www.strickforum.de\/blog\/wp-content\/uploads\/2020\/05\/magico-mistverstanden.jpg?fit=700%2C609&amp;ssl=1\" data-orig-size=\"700,609\" data-comments-opened=\"1\" data-image-meta=\"{&quot;aperture&quot;:&quot;3.1&quot;,&quot;credit&quot;:&quot;&quot;,&quot;camera&quot;:&quot;Canon PowerShot SX220 HS&quot;,&quot;caption&quot;:&quot;&quot;,&quot;created_timestamp&quot;:&quot;1589628997&quot;,&quot;copyright&quot;:&quot;&quot;,&quot;focal_length&quot;:&quot;5&quot;,&quot;iso&quot;:&quot;250&quot;,&quot;shutter_speed&quot;:&quot;0.0166666666667&quot;,&quot;title&quot;:&quot;&quot;,&quot;orientation&quot;:&quot;1&quot;}\" data-image-title=\"magico-mistverstanden\" data-image-description=\"\" data-image-caption=\"\" data-large-file=\"https:\/\/i0.wp.com\/www.strickforum.de\/blog\/wp-content\/uploads\/2020\/05\/magico-mistverstanden.jpg?fit=700%2C609&amp;ssl=1\" src=\"https:\/\/i0.wp.com\/www.strickforum.de\/blog\/wp-content\/uploads\/2020\/05\/magico-mistverstanden.jpg?resize=700%2C609&#038;ssl=1\" alt=\"Zacke an der falschen Stelle\" class=\"wp-image-3011\" srcset=\"https:\/\/i0.wp.com\/www.strickforum.de\/blog\/wp-content\/uploads\/2020\/05\/magico-mistverstanden.jpg?w=700&amp;ssl=1 700w, https:\/\/i0.wp.com\/www.strickforum.de\/blog\/wp-content\/uploads\/2020\/05\/magico-mistverstanden.jpg?resize=600%2C522&amp;ssl=1 600w\" sizes=\"auto, (max-width: 709px) 85vw, (max-width: 909px) 67vw, (max-width: 984px) 61vw, (max-width: 1362px) 45vw, 600px\" \/><\/figure>\n\n\n\n<p class=\"wp-block-paragraph\">Au\u00dferdem reduzierte es die Gesamtweite. Es macht n\u00e4mlich einen Unterschied, ob eine bestimmte Maschenzahl einigerma\u00dfen gerade oder mit vier zus\u00e4tzlichen Zacken (siehe Streifenverlauf im Bild) verl\u00e4uft.<\/p>\n\n\n\n<p class=\"wp-block-paragraph\">Ja, es geh\u00f6rt schon eine gewisse Portion Ignoranz dazu, einen so gravierenden Fehler 35 cm lang nicht wahrzunehmen und sich auch nicht \u00fcber die seltsame Form zu wundern. Gegen Ende des Leibteils merkte ich, dass die vorgesehenen Dreiecke f\u00fcr die Seiten irgendwie nicht hineinpassen w\u00fcrden. Aber auch da fiel der Groschen bei mir noch nicht; ich &#8222;l\u00f6ste&#8220; dieses Problem schlicht, indem ich ohne Zu- und Abnahmen weiterstrickte, was immerhin in einer netten A-Linie resultierte. Erst nach Fertigstellung des ersten \u00c4rmels und kritischer Sichtung der anderen Projekte wurde ich wach. Aber wie repariert man so einen Murks mit m\u00f6glichst geringem Aufwand?<\/p>\n\n\n\n<p class=\"wp-block-paragraph\">Mein erster Gedanke war, die Ausbeulungen einfach plattzud\u00e4mpfen. Aber das h\u00e4tte nicht die fehlende Weite erbracht. Der zweite war, das Ding in die Tonne zu treten. Aber das brachte ich nicht \u00fcbers Herz, nachdem ich ein halbes Jahr Lebenszeit hineingesteckt hatte. Also blieb eigentlich nur, das Leibteil zu ribbeln und ab der \u00c4rmelabtrennung neu zu stricken. Dumm nur, dass ich aus dem Teil im Achselbereich ja schon ein paar Maschen f\u00fcr den \u00c4rmel aufgenommen hatte. Was passiert mit aufgenommenen Maschen, denen man die Grundlage entzieht? Das wollte ich gar nicht so genau wissen.<\/p>\n\n\n\n<p class=\"wp-block-paragraph\">Mit gro\u00dfer Vorsicht und einer d\u00fcnnen Nadel sammelte ich erst einmal die Schlaufen auf, die ich f\u00fcr die erste Reihe nach dem Abtrennen hielt. Dann ribbelte ich von der unteren Kante bis zu den aufgenommenen Schlaufen zur\u00fcck. Dass die d\u00fcnne Nadel dabei in drei verschiedenen Reihen steckte, weil ich mich beim Aufnehmen vertan hatte, war \u00e4rgerlich. Aber letztlich gelang es mir, die fraglichen \u00c4rmelmaschen zu retten und auf eine einheitliche Reihe zu kommen. Nun muss ich erneut gut 100 Reihen \u00e0 243 Maschen stricken, das sind etwa 25.000 Maschen. Selbst schuld.<\/p>\n","protected":false},"excerpt":{"rendered":"<p>Seit dem vergangenen November werkele ich an der Jacke &#8222;Magico&#8220;, die ein Mystery-Knit-along von Birgit Freyer war. Vermutlich bin ich die letzte der Gefolgsleute. Aber vor wenigen Tagen, als ich die Maschen des ersten \u00c4rmels abkettete, w\u00e4hnte ich mich endlich kurz vor dem Ziel.<\/p>\n","protected":false},"author":3,"featured_media":0,"comment_status":"open","ping_status":"open","sticky":false,"template":"","format":"standard","meta":{"_seopress_titles_title":"","_seopress_titles_desc":"","_seopress_robots_index":"","_seopress_robots_follow":"","_seopress_robots_imageindex":"","_seopress_robots_snippet":"","_seopress_robots_primary_cat":"","_seopress_robots_breadcrumbs":"","_seopress_robots_freeze_modified_date":"","_seopress_robots_custom_modified_date":"","_seopress_robots_canonical":"","_seopress_social_fb_title":"","_seopress_social_fb_desc":"","_seopress_social_fb_img":"","_seopress_social_fb_img_attachment_id":0,"_seopress_social_fb_img_width":0,"_seopress_social_fb_img_height":0,"_seopress_social_twitter_title":"","_seopress_social_twitter_desc":"","_seopress_social_twitter_img":"","_seopress_social_twitter_img_attachment_id":0,"_seopress_social_twitter_img_width":0,"_seopress_social_twitter_img_height":0,"_seopress_redirections_value":"","_seopress_redirections_enabled":"","_seopress_redirections_enabled_regex":"","_seopress_redirections_logged_status":"","_seopress_redirections_param":"","_seopress_redirections_type":0,"_seopress_analysis_target_kw":"","_jetpack_newsletter_access":"","_jetpack_dont_email_post_to_subs":false,"_jetpack_newsletter_tier_id":0,"_jetpack_memberships_contains_paywalled_content":false,"_jetpack_feature_clip_id":0,"_jetpack_memberships_contains_paid_content":false,"footnotes":"","jetpack_publicize_message":"","jetpack_publicize_feature_enabled":true,"jetpack_social_post_already_shared":true,"jetpack_social_options":{"image_generator_settings":{"template":"highway","default_image_id":0,"font":"","enabled":false},"version":2},"jetpack_post_was_ever_published":false},"categories":[6],"tags":[174],"class_list":["post-3012","post","type-post","status-publish","format-standard","hentry","category-6","tag-murks"],"jetpack_publicize_connections":[],"jetpack_sharing_enabled":true,"jetpack_shortlink":"https:\/\/wp.me\/p7JbSI-MA","jetpack-related-posts":[{"id":563,"url":"https:\/\/www.strickforum.de\/blog\/damit-wir-portland-nicht-vergessen-lest-we-forget-portland\/","url_meta":{"origin":3012,"position":0},"title":"Damit wir Portland nicht vergessen &#8211; Lest we forget Portland","author":"Admin","date":"16. November 2008","format":false,"excerpt":"Der linke \u00c4rmel ist fertig. Anders als in der Anleitung angegeben habe ich ihn in einer tour de force gleich an Vorder-und R\u00fcckenteil angestrickt. Daf\u00fcr habe ich zun\u00e4chst ausgemessen und ausgerechnet, wieviele Maschen von den Leibteilen in wieviele Reihen des Sattels eingestrickt werden m\u00fcssen. Der Sattel ist 15 cm bzw.\u2026","rel":"","context":"In &quot;Stricken&quot;","block_context":{"text":"Stricken","link":"https:\/\/www.strickforum.de\/blog\/category\/3\/"},"img":{"alt_text":"Portland, Schulter, shoulder","src":"https:\/\/i0.wp.com\/www.strickforum.de\/blog\/media\/1\/20081116-portland_schulterli.jpg?resize=350%2C200","width":350,"height":200},"classes":[]},{"id":17,"url":"https:\/\/www.strickforum.de\/blog\/und-das-soll-passen\/","url_meta":{"origin":3012,"position":1},"title":"Und das soll passen?","author":"Admin","date":"14. April 2005","format":false,"excerpt":"Dies ist der rechte \u00c4rmel meines \u201cHybrid\u201d-Pullovers, dessen Leibteile man weiter unten betrachten kann. Der \u00c4rmel ist 4rechts 4links gestrickt, und ich habe die Maschenprobe vor dem Messen ziemlich in die Breite gedehnt. Schlie\u00dflich soll er passen und nicht wie eine defekte Ziehharmonika um meinen Arm herumschlabbern. Ob er nun\u2026","rel":"","context":"In &quot;Stricken&quot;","block_context":{"text":"Stricken","link":"https:\/\/www.strickforum.de\/blog\/category\/3\/"},"img":{"alt_text":"","src":"https:\/\/i0.wp.com\/www.strickforum.de\/blog\/media\/1\/20050413-rippen_aermel.jpg?resize=350%2C200","width":350,"height":200},"classes":[]},{"id":61,"url":"https:\/\/www.strickforum.de\/blog\/ein-bild-sagt-mehr-als-1000-worte\/","url_meta":{"origin":3012,"position":2},"title":"Ein Bild sagt mehr als 1000 Worte","author":"Admin","date":"18. September 2005","format":false,"excerpt":"Alle, die neugierig sind, wie so eine japanische Strickanleitung in Diagramm-Form aussieht, k\u00f6nnen hier mal gucken: Das Schema zeigt Vorder- und R\u00fcckenteilh\u00e4lfte eines Pullovers, der in Norwegertechnik gestrickt wird. Die dicken Pfeile kennzeichnen die Strickrichtung. Die B\u00fcndchen werden hier nach Fertigstellung der Leibteile \u00fcber eine verringerte Maschenzahl nach unten angestrickt.\u2026","rel":"","context":"In &quot;Stricken&quot;","block_context":{"text":"Stricken","link":"https:\/\/www.strickforum.de\/blog\/category\/3\/"},"img":{"alt_text":"japanische Anleitung in Diagramm-Form","src":"https:\/\/i0.wp.com\/www.strickforum.de\/blog\/media\/1\/20050915-japan_anleitung.gif?resize=350%2C200","width":350,"height":200},"classes":[]},{"id":1182,"url":"https:\/\/www.strickforum.de\/blog\/gar-nicht-so-schwierig-not-that-difficult\/","url_meta":{"origin":3012,"position":3},"title":"Gar nicht so schwierig &#8211; Not that difficult","author":"Admin","date":"1. Juni 2011","format":false,"excerpt":"Der gr\u00f6\u00dfte Teil von \u201cOlive\u201d ist geschafft. Leibteile und \u00c4rmel entstanden, von unten her mit offenem Anschlag flach gestrickt, auf der Strickmaschine mit Maschenweite 10, und die Passe am Halsausschnitt ist auch schon fertig. Meine Maschenprobe wich von der in der Anleitung deutlich ab. Deshalb hatte ich alle Teile neu\u2026","rel":"","context":"In &quot;Stricken&quot;","block_context":{"text":"Stricken","link":"https:\/\/www.strickforum.de\/blog\/category\/3\/"},"img":{"alt_text":"Olive, Passe \/ yoke","src":"https:\/\/i0.wp.com\/www.strickforum.de\/blog\/media\/1\/20110601-olive_yoke.jpg?resize=350%2C200","width":350,"height":200},"classes":[]},{"id":1684,"url":"https:\/\/www.strickforum.de\/blog\/ich-mag-pullover\/","url_meta":{"origin":3012,"position":4},"title":"Ich mag Pullover","author":"Admin","date":"15. Dezember 2013","format":false,"excerpt":"Es gibt Strickerinnen mit jahrelanger Erfahrung und Mut zu komplizierten Mustern, die sich aber noch nie an ein gr\u00f6\u00dferes Strickteil wie einen Pullover oder eine Jacke herangetraut haben. Ich kann nur mutma\u00dfen, weshalb das so ist. Vielleicht trauen sie sich nicht gen\u00fcgend Durchhalteverm\u00f6gen zu, um ein gro\u00dfes Strickst\u00fcck auch tats\u00e4chlich\u2026","rel":"","context":"In &quot;Stricken&quot;","block_context":{"text":"Stricken","link":"https:\/\/www.strickforum.de\/blog\/category\/3\/"},"img":{"alt_text":"","src":"","width":0,"height":0},"classes":[]},{"id":769,"url":"https:\/\/www.strickforum.de\/blog\/juice-it-up\/","url_meta":{"origin":3012,"position":5},"title":"Juice it up","author":"Admin","date":"9. August 2009","format":false,"excerpt":"Dieser Pulli war nicht ganz einfach zu stricken, weil ich das Muster an der Maschine von Hand vorw\u00e4hlte. Man h\u00e4tte auch den 10-Maschen-Rapport automatisch als zweibettiges Vorlegemuster stricken k\u00f6nnen, aber das fiel mir erst ein, als ich schon mehr als die H\u00e4lfte gestrickt hatte. Die Leibteile waren recht schnell fertig,\u2026","rel":"","context":"In &quot;Stricken&quot;","block_context":{"text":"Stricken","link":"https:\/\/www.strickforum.de\/blog\/category\/3\/"},"img":{"alt_text":"Juice it up - fertig\/finished","src":"https:\/\/i0.wp.com\/www.strickforum.de\/blog\/media\/1\/20090807-juiceitup_fertig.jpg?resize=350%2C200","width":350,"height":200},"classes":[]}],"jetpack_featured_media_url":"","_links":{"self":[{"href":"https:\/\/www.strickforum.de\/blog\/wp-json\/wp\/v2\/posts\/3012","targetHints":{"allow":["GET"]}}],"collection":[{"href":"https:\/\/www.strickforum.de\/blog\/wp-json\/wp\/v2\/posts"}],"about":[{"href":"https:\/\/www.strickforum.de\/blog\/wp-json\/wp\/v2\/types\/post"}],"author":[{"embeddable":true,"href":"https:\/\/www.strickforum.de\/blog\/wp-json\/wp\/v2\/users\/3"}],"replies":[{"embeddable":true,"href":"https:\/\/www.strickforum.de\/blog\/wp-json\/wp\/v2\/comments?post=3012"}],"version-history":[{"count":2,"href":"https:\/\/www.strickforum.de\/blog\/wp-json\/wp\/v2\/posts\/3012\/revisions"}],"predecessor-version":[{"id":3014,"href":"https:\/\/www.strickforum.de\/blog\/wp-json\/wp\/v2\/posts\/3012\/revisions\/3014"}],"wp:attachment":[{"href":"https:\/\/www.strickforum.de\/blog\/wp-json\/wp\/v2\/media?parent=3012"}],"wp:term":[{"taxonomy":"category","embeddable":true,"href":"https:\/\/www.strickforum.de\/blog\/wp-json\/wp\/v2\/categories?post=3012"},{"taxonomy":"post_tag","embeddable":true,"href":"https:\/\/www.strickforum.de\/blog\/wp-json\/wp\/v2\/tags?post=3012"}],"curies":[{"name":"wp","href":"https:\/\/api.w.org\/{rel}","templated":true}]}}