{"id":3055,"date":"2020-08-14T12:12:20","date_gmt":"2020-08-14T10:12:20","guid":{"rendered":"https:\/\/www.strickforum.de\/blog\/?p=3055"},"modified":"2020-08-14T12:12:20","modified_gmt":"2020-08-14T10:12:20","slug":"steckling-oder-heftling","status":"publish","type":"post","link":"https:\/\/www.strickforum.de\/blog\/steckling-oder-heftling\/","title":{"rendered":"Steckling oder Heftling?"},"content":{"rendered":"\n<p class=\"wp-block-paragraph\">Es gibt N\u00e4her*Innen, die ihre Stoffst\u00fccke nur passgenau aufeinanderlegen und sie dann ohne weitere VorKehrungen zusammenn\u00e4hen. Ich bewundere solche Menschen, aber selbst schaffe ich das nicht einmal bei relativ kurzen und geraden N\u00e4hten.<\/p>\n\n\n\n<!--more-->\n\n\n\n<p class=\"wp-block-paragraph\">Mich treibt st\u00e4ndig die Sorge um, etwas k\u00f6nnte sich verschieben, oder die Teile liegen nicht richtig aufeinander. Bevor mir also etwas unter die (N\u00e4h-)F\u00fc\u00dfchen kommt, wird eifrig gesteckt. Das sieht dann ungef\u00e4hr so aus:<\/p>\n\n\n\n<figure class=\"wp-block-image size-large\"><img data-recalc-dims=\"1\" loading=\"lazy\" decoding=\"async\" width=\"700\" height=\"525\" data-attachment-id=\"3051\" data-permalink=\"https:\/\/www.strickforum.de\/blog\/stecken\/\" data-orig-file=\"https:\/\/i0.wp.com\/www.strickforum.de\/blog\/wp-content\/uploads\/2020\/08\/stecken.jpg?fit=700%2C525&amp;ssl=1\" data-orig-size=\"700,525\" data-comments-opened=\"1\" data-image-meta=\"{&quot;aperture&quot;:&quot;3.1&quot;,&quot;credit&quot;:&quot;&quot;,&quot;camera&quot;:&quot;Canon PowerShot SX220 HS&quot;,&quot;caption&quot;:&quot;&quot;,&quot;created_timestamp&quot;:&quot;1597339493&quot;,&quot;copyright&quot;:&quot;&quot;,&quot;focal_length&quot;:&quot;5&quot;,&quot;iso&quot;:&quot;320&quot;,&quot;shutter_speed&quot;:&quot;0.0333333333333&quot;,&quot;title&quot;:&quot;&quot;,&quot;orientation&quot;:&quot;1&quot;}\" data-image-title=\"stecken\" data-image-description=\"\" data-image-caption=\"\" data-large-file=\"https:\/\/i0.wp.com\/www.strickforum.de\/blog\/wp-content\/uploads\/2020\/08\/stecken.jpg?fit=700%2C525&amp;ssl=1\" src=\"https:\/\/i0.wp.com\/www.strickforum.de\/blog\/wp-content\/uploads\/2020\/08\/stecken.jpg?resize=700%2C525&#038;ssl=1\" alt=\"\" class=\"wp-image-3051\" srcset=\"https:\/\/i0.wp.com\/www.strickforum.de\/blog\/wp-content\/uploads\/2020\/08\/stecken.jpg?w=700&amp;ssl=1 700w, https:\/\/i0.wp.com\/www.strickforum.de\/blog\/wp-content\/uploads\/2020\/08\/stecken.jpg?resize=600%2C450&amp;ssl=1 600w\" sizes=\"auto, (max-width: 709px) 85vw, (max-width: 909px) 67vw, (max-width: 984px) 61vw, (max-width: 1362px) 45vw, 600px\" \/><\/figure>\n\n\n\n<p class=\"wp-block-paragraph\">Das Bild zeigt einen Ausschnitt des Quilt-Tops, mit dem ich gerade besch\u00e4ftigt bin. Es bekommt mit etwa 140 mal 45 cm ein recht ungew\u00f6hnliches Format. Ja, die St\u00fccke sind mit teilweise nur f\u00fcnf mal f\u00fcnf Zentimetern nicht besonders gro\u00df. Wenn der Quilt fertig ist, werde ich ihn nat\u00fcrlich komplett zeigen.<\/p>\n\n\n\n<p class=\"wp-block-paragraph\">Ich bilde mir ein, dass parallel zur Naht gesteckte Nadeln sich noch l\u00e4ngs verschieben k\u00f6nnten und quer gesteckte nat\u00fcrlich quer. Besonders bei knappen Nahtzugaben wie einem viertel Zoll k\u00f6nnte das dazu f\u00fchren, dass die obere Lage noch korrekt aussieht, w\u00e4hrend die untere sich bereits nach linksau\u00dfen verkr\u00fcmelt hat. Deshalb stecke ich gern mal diagonal. Ja, es mag Aberglaube sein. Aber negative Effekte habe ich dadurch noch nicht festgestellt.<\/p>\n\n\n\n<p class=\"wp-block-paragraph\">Vor allem in \u00e4lteren N\u00e4h-Publikationen wird oft erw\u00e4hnt, man m\u00f6ge eine Naht zun\u00e4chst heften, bevor man sie endg\u00fcltig n\u00e4ht. Dazu kann ich mich allerdings nicht \u00fcberwinden, obwohl meine N\u00e4hmaschine sogar einen speziellen Heftstich drauf hat. Vor dem Heften h\u00e4tte ich n\u00e4mlich das Bed\u00fcrfnis, die Naht zu stecken, damit sie nicht schief geheftet wird. Und das w\u00e4re mir dann doch ein wenig zuviel Aufwand, vor allem f\u00fcr N\u00e4hte, die weitgehend nur gerade verlaufen. Davon abgesehen wird (oder wurde wenigstens fr\u00fcher), soweit ich mich erinnere, mit einem speziellen, besonders weichen und leicht rei\u00dfenden Garn geheftet, das sich sehr einfach und nahezu spurlos wieder herausziehen l\u00e4sst. Ich kann mir nicht vorstellen, dass sich das mit der N\u00e4hmaschine gut verarbeiten l\u00e4sst; au\u00dferdem m\u00fcsste ich dann st\u00e4ndig die Spulen wechseln. Nein, so perfektionistisch bin ich bei diesem Quilt nun doch nicht veranlagt. H\u00f6chstens f\u00fcr selbst gen\u00e4hte Kleidung, die perfekt passen soll, k\u00f6nnte ich mir so ein Vorgehen vorstellen. Meine selbst gestrickten Jacken und Pullover ben\u00f6tigen diese Vorbehandlung zum Gl\u00fcck nicht. Selbst bei \u00c4rmeln mit Armkugel haben Stecknadeln bisher immer ausgereicht.<\/p>\n","protected":false},"excerpt":{"rendered":"<p>Es gibt N\u00e4her*Innen, die ihre Stoffst\u00fccke nur passgenau aufeinanderlegen und sie dann ohne weitere VorKehrungen zusammenn\u00e4hen. Ich bewundere solche Menschen, aber selbst schaffe ich das nicht einmal bei relativ kurzen und geraden N\u00e4hten.<\/p>\n","protected":false},"author":3,"featured_media":0,"comment_status":"open","ping_status":"open","sticky":false,"template":"","format":"standard","meta":{"_seopress_titles_title":"","_seopress_titles_desc":"","_seopress_robots_index":"","_seopress_robots_follow":"","_seopress_robots_imageindex":"","_seopress_robots_snippet":"","_seopress_robots_primary_cat":"","_seopress_robots_breadcrumbs":"","_seopress_robots_freeze_modified_date":"","_seopress_robots_custom_modified_date":"","_seopress_robots_canonical":"","_seopress_social_fb_title":"","_seopress_social_fb_desc":"","_seopress_social_fb_img":"","_seopress_social_fb_img_attachment_id":0,"_seopress_social_fb_img_width":0,"_seopress_social_fb_img_height":0,"_seopress_social_twitter_title":"","_seopress_social_twitter_desc":"","_seopress_social_twitter_img":"","_seopress_social_twitter_img_attachment_id":0,"_seopress_social_twitter_img_width":0,"_seopress_social_twitter_img_height":0,"_seopress_redirections_value":"","_seopress_redirections_enabled":"","_seopress_redirections_enabled_regex":"","_seopress_redirections_logged_status":"","_seopress_redirections_param":"","_seopress_redirections_type":0,"_seopress_analysis_target_kw":"","_jetpack_newsletter_access":"","_jetpack_dont_email_post_to_subs":false,"_jetpack_newsletter_tier_id":0,"_jetpack_memberships_contains_paywalled_content":false,"_jetpack_feature_clip_id":0,"_jetpack_memberships_contains_paid_content":false,"footnotes":"","jetpack_publicize_message":"","jetpack_publicize_feature_enabled":true,"jetpack_social_post_already_shared":true,"jetpack_social_options":{"image_generator_settings":{"template":"highway","default_image_id":0,"font":"","enabled":false},"version":2},"jetpack_post_was_ever_published":false},"categories":[7],"tags":[],"class_list":["post-3055","post","type-post","status-publish","format-standard","hentry","category-7"],"jetpack_publicize_connections":[],"jetpack_sharing_enabled":true,"jetpack_shortlink":"https:\/\/wp.me\/p7JbSI-Nh","jetpack-related-posts":[{"id":164,"url":"https:\/\/www.strickforum.de\/blog\/rock-rock-rock\/","url_meta":{"origin":3055,"position":0},"title":"Rock, Rock, Rock&#8230;","author":"Admin","date":"22. Juni 2006","format":false,"excerpt":"Es mu\u00df etwa 1984 gewesen sein, zur Zeit der Netzhemdchen, als ich mir einen Vierbahnenrock aus Streifenstoff n\u00e4hte, bei dem die Streifen teils l\u00e4ngs und teils quer verliefen. Ich habe diesen Rock sehr gern gemocht, aber irgendwann war er unmodern, abgetragen und sowieso zu klein. Seit l\u00e4ngerer Zeit plane ich\u2026","rel":"","context":"In &quot;N\u00e4hen&quot;","block_context":{"text":"N\u00e4hen","link":"https:\/\/www.strickforum.de\/blog\/category\/5\/"},"img":{"alt_text":"Rock aus rotgestreiftem Baumwoll-Seersucker","src":"https:\/\/i0.wp.com\/www.strickforum.de\/blog\/media\/1\/20060622-seersucker_rock01.jpg?resize=350%2C200","width":350,"height":200},"classes":[]},{"id":1825,"url":"https:\/\/www.strickforum.de\/blog\/das-grose-stricken-verappeln\/","url_meta":{"origin":3055,"position":1},"title":"Das gro\u00dfe Stricken Ver\u00e4ppeln","author":"Admin","date":"1. Oktober 2014","format":false,"excerpt":"Es ist nicht das erste Mal, dass der Smoothie-Hersteller Innocent Strickerinnen dazu aufruft, kleine M\u00fctzchen zu stricken, mit denen die Smoothie-Flaschen im Regal optisch aufgepeppt werden sollen. Als Anreiz will das Unternehmen pro M\u00fctzchen 20 Cent ans DRK spenden. Nein, was f\u00fcr eine gro\u00dfartige Idee! Analysieren wir das mal. Verbrauch\u2026","rel":"","context":"In &quot;Allgemeines&quot;","block_context":{"text":"Allgemeines","link":"https:\/\/www.strickforum.de\/blog\/category\/1\/"},"img":{"alt_text":"","src":"","width":0,"height":0},"classes":[]},{"id":1524,"url":"https:\/\/www.strickforum.de\/blog\/die-verstrickte-dienstagsfrage-92013\/","url_meta":{"origin":3055,"position":2},"title":"Die verstrickte Dienstagsfrage 9\/2013","author":"Admin","date":"26. Februar 2013","format":false,"excerpt":"Diese Woche fragt das Wollschaf: Viele meiner lieben Freundinnen sind gerade schwanger. Was liegt f\u00fcr einen Strick- und H\u00e4kelfan also n\u00e4her, als die Babys mit einem wollig weichen Geschenk zu begr\u00fc\u00dfen? Allerdings finde ich es auf Dauer nicht so spannend, Massen an S\u00f6ckchen oder Sch\u00fcchen zu stricken. Deshalb bin ich\u2026","rel":"","context":"In &quot;Stricken&quot;","block_context":{"text":"Stricken","link":"https:\/\/www.strickforum.de\/blog\/category\/3\/"},"img":{"alt_text":"","src":"","width":0,"height":0},"classes":[]},{"id":858,"url":"https:\/\/www.strickforum.de\/blog\/unverhofft-unexpected\/","url_meta":{"origin":3055,"position":3},"title":"Unverhofft &#8211; unexpected","author":"Admin","date":"23. Dezember 2009","format":false,"excerpt":"Es gibt Gaben, die aus heiterem Himmel kommen und so ins Schwarze treffen, dass man vor Freude und R\u00fchrung fast in Tr\u00e4nen ausbricht \u2014 und diejenigen, die mich n\u00e4her kennen, wissen, dass ich normalerweise nicht gerade gef\u00fchlsduselig bin. So ein Volltreffer kam gestern hier an, und mit Erlaubnis der Absenderin\u2026","rel":"","context":"In &quot;Stricken&quot;","block_context":{"text":"Stricken","link":"https:\/\/www.strickforum.de\/blog\/category\/3\/"},"img":{"alt_text":"Queen City mittens","src":"https:\/\/i0.wp.com\/www.strickforum.de\/blog\/media\/1\/20091223-queen-city.jpg?resize=350%2C200","width":350,"height":200},"classes":[]},{"id":1570,"url":"https:\/\/www.strickforum.de\/blog\/diagramm-versus-text\/","url_meta":{"origin":3055,"position":4},"title":"Diagramm versus Text","author":"Admin","date":"8. Juni 2013","format":false,"excerpt":"Erst vor wenigen Tagen war dies ein viel kommentiertes Thema bei Tichiro. (Ich schaffe es \u00fcbrigens nicht, sieben oder mehr K\u00e4stchen auf einmal zu erfassen. Bei mir ist Schluss bei f\u00fcnf.) Ob man lieber nach Diagramm (neudeutsch: chart) strickt oder nach Text, wird in der internationalen Strickwelt mit \u00e4hnlicher Toleranz\u2026","rel":"","context":"In &quot;Stricken&quot;","block_context":{"text":"Stricken","link":"https:\/\/www.strickforum.de\/blog\/category\/3\/"},"img":{"alt_text":"","src":"","width":0,"height":0},"classes":[]},{"id":252,"url":"https:\/\/www.strickforum.de\/blog\/rocke-nahen\/","url_meta":{"origin":3055,"position":5},"title":"R\u00f6cke n\u00e4hen","author":"Admin","date":"16. Juli 2007","format":false,"excerpt":"Vergangenes Jahr habe ich mir ja schon zwei R\u00f6cke ohne jedes Schnittmuster gen\u00e4ht, beide aus ganz geraden Teilen. K\u00fcrzlich fand ich in Erins Blog einen Hinweis auf \u201cSew What! Skirts\u201d, ein N\u00e4hbuch \u00fcber R\u00f6cke. Ich konnte nicht widerstehen, bestellte es mir, und heute war es in der Post. Tja, was\u2026","rel":"","context":"In &quot;N\u00e4hen&quot;","block_context":{"text":"N\u00e4hen","link":"https:\/\/www.strickforum.de\/blog\/category\/5\/"},"img":{"alt_text":"Sew What! Skirts","src":"https:\/\/i0.wp.com\/www.strickforum.de\/blog\/media\/1\/20070716-sewwhat_skirts.jpg?resize=350%2C200","width":350,"height":200},"classes":[]}],"jetpack_featured_media_url":"","_links":{"self":[{"href":"https:\/\/www.strickforum.de\/blog\/wp-json\/wp\/v2\/posts\/3055","targetHints":{"allow":["GET"]}}],"collection":[{"href":"https:\/\/www.strickforum.de\/blog\/wp-json\/wp\/v2\/posts"}],"about":[{"href":"https:\/\/www.strickforum.de\/blog\/wp-json\/wp\/v2\/types\/post"}],"author":[{"embeddable":true,"href":"https:\/\/www.strickforum.de\/blog\/wp-json\/wp\/v2\/users\/3"}],"replies":[{"embeddable":true,"href":"https:\/\/www.strickforum.de\/blog\/wp-json\/wp\/v2\/comments?post=3055"}],"version-history":[{"count":1,"href":"https:\/\/www.strickforum.de\/blog\/wp-json\/wp\/v2\/posts\/3055\/revisions"}],"predecessor-version":[{"id":3056,"href":"https:\/\/www.strickforum.de\/blog\/wp-json\/wp\/v2\/posts\/3055\/revisions\/3056"}],"wp:attachment":[{"href":"https:\/\/www.strickforum.de\/blog\/wp-json\/wp\/v2\/media?parent=3055"}],"wp:term":[{"taxonomy":"category","embeddable":true,"href":"https:\/\/www.strickforum.de\/blog\/wp-json\/wp\/v2\/categories?post=3055"},{"taxonomy":"post_tag","embeddable":true,"href":"https:\/\/www.strickforum.de\/blog\/wp-json\/wp\/v2\/tags?post=3055"}],"curies":[{"name":"wp","href":"https:\/\/api.w.org\/{rel}","templated":true}]}}