{"id":3156,"date":"2020-12-30T11:10:19","date_gmt":"2020-12-30T10:10:19","guid":{"rendered":"https:\/\/www.strickforum.de\/blog\/?p=3156"},"modified":"2020-12-30T11:10:19","modified_gmt":"2020-12-30T10:10:19","slug":"die-eintagsmuetze","status":"publish","type":"post","link":"https:\/\/www.strickforum.de\/blog\/die-eintagsmuetze\/","title":{"rendered":"Die Eintagsm\u00fctze"},"content":{"rendered":"\n<p class=\"wp-block-paragraph\">Es gibt Menschen, denen steht jede denkbare M\u00fctzenform. Leider gilt das nicht f\u00fcr mich. Ich bin zwar ein gro\u00dfer M\u00fctzen-Fan (besonders wenn die Au\u00dfentemperatur unter 5 Grad plus sinkt), aber nicht jede Variante ist f\u00fcr mich auch kleidsam.<\/p>\n\n\n\n<!--more-->\n\n\n\n<p class=\"wp-block-paragraph\">Deshalb freute es mich, dass ich neulich <a href=\"https:\/\/www.ravelry.com\/patterns\/library\/amanda-beanie-2\" data-type=\"URL\" data-id=\"https:\/\/www.ravelry.com\/patterns\/library\/amanda-beanie-2\" target=\"_blank\" rel=\"noreferrer noopener\">eine Anleitung<\/a> fand, die vielversprechend aussah. Noch besser fand ich, dass diese Anleitung bis Ende M\u00e4rz 2021 noch kostenlos erh\u00e4ltlich ist. Und nat\u00fcrlich fand sich in meinem Vorrat auch ein passendes Garn, eine gut abgelagerte dicke reine Wolle in Dunkelbraun.<\/p>\n\n\n\n<figure class=\"wp-block-image size-large\"><img data-recalc-dims=\"1\" loading=\"lazy\" decoding=\"async\" width=\"840\" height=\"840\" data-attachment-id=\"3155\" data-permalink=\"https:\/\/www.strickforum.de\/blog\/amanda-muetze\/\" data-orig-file=\"https:\/\/i0.wp.com\/www.strickforum.de\/blog\/wp-content\/uploads\/2020\/12\/amanda-muetze.jpg?fit=1000%2C1000&amp;ssl=1\" data-orig-size=\"1000,1000\" data-comments-opened=\"1\" data-image-meta=\"{&quot;aperture&quot;:&quot;0&quot;,&quot;credit&quot;:&quot;&quot;,&quot;camera&quot;:&quot;&quot;,&quot;caption&quot;:&quot;&quot;,&quot;created_timestamp&quot;:&quot;0&quot;,&quot;copyright&quot;:&quot;&quot;,&quot;focal_length&quot;:&quot;0&quot;,&quot;iso&quot;:&quot;0&quot;,&quot;shutter_speed&quot;:&quot;0&quot;,&quot;title&quot;:&quot;&quot;,&quot;orientation&quot;:&quot;1&quot;}\" data-image-title=\"amanda-muetze\" data-image-description=\"\" data-image-caption=\"\" data-large-file=\"https:\/\/i0.wp.com\/www.strickforum.de\/blog\/wp-content\/uploads\/2020\/12\/amanda-muetze.jpg?fit=840%2C840&amp;ssl=1\" src=\"https:\/\/i0.wp.com\/www.strickforum.de\/blog\/wp-content\/uploads\/2020\/12\/amanda-muetze.jpg?resize=840%2C840&#038;ssl=1\" alt=\"M\u00fctze &quot;Amanda&quot;\" class=\"wp-image-3155\" srcset=\"https:\/\/i0.wp.com\/www.strickforum.de\/blog\/wp-content\/uploads\/2020\/12\/amanda-muetze.jpg?w=1000&amp;ssl=1 1000w, https:\/\/i0.wp.com\/www.strickforum.de\/blog\/wp-content\/uploads\/2020\/12\/amanda-muetze.jpg?resize=700%2C700&amp;ssl=1 700w, https:\/\/i0.wp.com\/www.strickforum.de\/blog\/wp-content\/uploads\/2020\/12\/amanda-muetze.jpg?resize=150%2C150&amp;ssl=1 150w, https:\/\/i0.wp.com\/www.strickforum.de\/blog\/wp-content\/uploads\/2020\/12\/amanda-muetze.jpg?resize=768%2C768&amp;ssl=1 768w\" sizes=\"auto, (max-width: 709px) 85vw, (max-width: 909px) 67vw, (max-width: 1362px) 62vw, 840px\" \/><\/figure>\n\n\n\n<p class=\"wp-block-paragraph\">Gestrickt wird dieses Modell mit Nadelst\u00e4rke 6 mm. Das bedeutet unter anderem, dass man schnell fertig wird. Wer sich nicht ablenken l\u00e4sst, schafft es sicherlich innerhalb eines Tages. Bei mir ging es nicht ganz so flott, denn mir kam die M\u00fctze ein wenig zu kurz vor. Deshalb f\u00fcgte ich einen kompletten Rapport von acht Reihen ein, bevor ich mit den Abnahmen begann. Das erwies sich als gute Idee. Die M\u00fctze sitzt perfekt und bedeckt auch meine Ohren, damit sie mir nicht abfrieren.<\/p>\n\n\n\n<p class=\"wp-block-paragraph\">Ich ben\u00f6tigte damit etwas mehr Garn als in der Anleitung angegeben, aber ein Strang (ca. 87 m auf 100 g) reichte dennoch aus. Und weil das Stricken so schnell ging und Spa\u00df machte, stricke ich bestimmt noch einmal so ein Teil. Empfehlen w\u00fcrde ich daf\u00fcr \u00fcbrigens elastisches Garn, damit das B\u00fcndchen gut sitzt und die M\u00fctze einem nicht im Schneesturm vom Kopf segelt.<\/p>\n","protected":false},"excerpt":{"rendered":"<p>Es gibt Menschen, denen steht jede denkbare M\u00fctzenform. Leider gilt das nicht f\u00fcr mich. Ich bin zwar ein gro\u00dfer M\u00fctzen-Fan (besonders wenn die Au\u00dfentemperatur unter 5 Grad plus sinkt), aber nicht jede Variante ist f\u00fcr mich auch kleidsam.<\/p>\n","protected":false},"author":3,"featured_media":0,"comment_status":"open","ping_status":"open","sticky":false,"template":"","format":"standard","meta":{"_seopress_robots_primary_cat":"","_seopress_titles_title":"","_seopress_titles_desc":"","_seopress_robots_index":"","_crdt_document":"","jetpack_post_was_ever_published":false,"_jetpack_newsletter_access":"","_jetpack_dont_email_post_to_subs":false,"_jetpack_newsletter_tier_id":0,"_jetpack_memberships_contains_paywalled_content":false,"_jetpack_memberships_contains_paid_content":false,"footnotes":"","jetpack_publicize_message":"","jetpack_publicize_feature_enabled":true,"jetpack_social_post_already_shared":true,"jetpack_social_options":{"image_generator_settings":{"template":"highway","default_image_id":0,"font":"","enabled":false},"version":2}},"categories":[6],"tags":[],"class_list":["post-3156","post","type-post","status-publish","format-standard","hentry","category-6"],"jetpack_publicize_connections":[],"jetpack_featured_media_url":"","jetpack_sharing_enabled":true,"jetpack_shortlink":"https:\/\/wp.me\/p7JbSI-OU","jetpack-related-posts":[{"id":1367,"url":"https:\/\/www.strickforum.de\/blog\/die-verstrickte-dienstagsfrage-172012\/","url_meta":{"origin":3156,"position":0},"title":"Die verstrickte Dienstagsfrage 17\/2012","author":"Admin","date":"25. April 2012","format":false,"excerpt":"Diese Woche fragt das Wollschaf : Ich brauche manchmal ziemlich lange um eine schriftliche Anleitung zu verstehen, weil viele kleine Details fehlen. Wie ergeht es Euch dabei? Versteht Ihr Anleitungen auf Anhieb oder m\u00fcsst Ihr diese manchmal mehrere Tage studieren? Vielen Dank an Gewaechs f\u00fcr die heutige Frage! Mehrere Tage\u2026","rel":"","context":"In &quot;Stricken&quot;","block_context":{"text":"Stricken","link":"https:\/\/www.strickforum.de\/blog\/category\/3\/"},"img":{"alt_text":"","src":"","width":0,"height":0},"classes":[]},{"id":1713,"url":"https:\/\/www.strickforum.de\/blog\/der-einarmige-bandit\/","url_meta":{"origin":3156,"position":1},"title":"Der einarmige Bandit","author":"Admin","date":"18. Januar 2014","format":false,"excerpt":"Vergangenen September stie\u00df ich auf diese Anleitung f\u00fcr ein eigent\u00fcmliches Mittelding zwischen Pullover und Poncho. Ich wusste sofort, dass ich das Ding stricken wollte. Aber erst vor einer Woche fand ich die Zeit, damit auch tats\u00e4chlich anzufangen. Vorher kam noch der Spa\u00df mit der Garnwahl. Nach vielem Hin und Her\u2026","rel":"","context":"In &quot;Stricken&quot;","block_context":{"text":"Stricken","link":"https:\/\/www.strickforum.de\/blog\/category\/3\/"},"img":{"alt_text":"","src":"","width":0,"height":0},"classes":[]},{"id":1545,"url":"https:\/\/www.strickforum.de\/blog\/die-verstrickte-dienstagsfrage-142013-2\/","url_meta":{"origin":3156,"position":2},"title":"Die verstrickte Dienstagsfrage 14\/2013","author":"Admin","date":"9. April 2013","format":false,"excerpt":"Diese Woche fragt das Wollschaf: Ich habe letztens einen wirklich sch\u00f6nen Pullover angeschlagen, nach dessen Garn ich mir regelrecht die Hacken abgelaufen hatte. Kaum begonnen, war die Anleitung nirgends zu finden. Als ich das betreffende Buch wieder geliehen und eine neue Kopie gefertigt hatte, entdeckte ich einen Fehler und musste\u2026","rel":"","context":"In &quot;Stricken&quot;","block_context":{"text":"Stricken","link":"https:\/\/www.strickforum.de\/blog\/category\/3\/"},"img":{"alt_text":"","src":"","width":0,"height":0},"classes":[]},{"id":90,"url":"https:\/\/www.strickforum.de\/blog\/ein-strickgarn-ersetzen\/","url_meta":{"origin":3156,"position":3},"title":"Ein Strickgarn ersetzen","author":"Admin","date":"27. November 2005","format":false,"excerpt":"Wer nach einer Anleitung aus einer Zeitschrift, einem Buch oder dem Internet stricken will, kennt das Problem: Nicht immer hat man das Garn zur Verf\u00fcgung, das in der Anleitung angegeben wird. Und so macht man sich auf die Suche nach einem Ersatzgarn, teils mehr, teils weniger erfolgreich, und gerade die\u2026","rel":"","context":"In &quot;Stricken&quot;","block_context":{"text":"Stricken","link":"https:\/\/www.strickforum.de\/blog\/category\/3\/"},"img":{"alt_text":"Pullover im B\u00e4rentatzenmuster","src":"https:\/\/i0.wp.com\/www.strickforum.de\/blog\/media\/1\/20051127-baerentatzenmuster.jpg?resize=350%2C200","width":350,"height":200},"classes":[]},{"id":2533,"url":"https:\/\/www.strickforum.de\/blog\/gratis-oder-umsonst\/","url_meta":{"origin":3156,"position":4},"title":"Gratis oder umsonst?","author":"Admin","date":"25. Juni 2018","format":false,"excerpt":"In den letzten Monaten ging ich anspruchsvollen Strickereien mehr oder weniger aus dem Weg. Aber neulich beschloss ich, mal wieder ein etwas herausforderndes Mystery-Projekt zu starten, n\u00e4mlich die Lochmuster-Jacke \"Zoraya\" nach einer Anleitung von Birgit Freyer. Die gibt es (derzeit) als kostenlose Anleitung bei Ravelry. Wie sie genau aussehen wird,\u2026","rel":"","context":"In &quot;Stricken&quot;","block_context":{"text":"Stricken","link":"https:\/\/www.strickforum.de\/blog\/category\/3\/"},"img":{"alt_text":"Jacke \"Zoraya\", Start","src":"https:\/\/i0.wp.com\/www.strickforum.de\/blog\/wp-content\/uploads\/2018\/06\/zoraya-start.jpg?resize=350%2C200","width":350,"height":200,"srcset":"https:\/\/i0.wp.com\/www.strickforum.de\/blog\/wp-content\/uploads\/2018\/06\/zoraya-start.jpg?resize=350%2C200 1x, https:\/\/i0.wp.com\/www.strickforum.de\/blog\/wp-content\/uploads\/2018\/06\/zoraya-start.jpg?resize=525%2C300 1.5x, https:\/\/i0.wp.com\/www.strickforum.de\/blog\/wp-content\/uploads\/2018\/06\/zoraya-start.jpg?resize=700%2C400 2x"},"classes":[]},{"id":1236,"url":"https:\/\/www.strickforum.de\/blog\/die-verstrickte-dienstagsfrage-382011\/","url_meta":{"origin":3156,"position":5},"title":"Die verstrickte Dienstagsfrage 38\/2011","author":"Admin","date":"20. September 2011","format":false,"excerpt":"Das Wollschaf fragt diese Woche: Mich w\u00fcrde interessieren, wie andere ihre \u201cTo do\u201d-Liste verwalten. Ich habe f\u00fcr mich den Eindruck, da\u00df ich wie ein Hamster Anleitungen und Anregungen sammle und diese dann wieder vergesse. Irgendwann f\u00e4llt mir die Anleitung oder ein Bild in die H\u00e4nde und ich denke: \u201cAch, das\u2026","rel":"","context":"In &quot;Stricken&quot;","block_context":{"text":"Stricken","link":"https:\/\/www.strickforum.de\/blog\/category\/3\/"},"img":{"alt_text":"","src":"","width":0,"height":0},"classes":[]}],"_links":{"self":[{"href":"https:\/\/www.strickforum.de\/blog\/wp-json\/wp\/v2\/posts\/3156","targetHints":{"allow":["GET"]}}],"collection":[{"href":"https:\/\/www.strickforum.de\/blog\/wp-json\/wp\/v2\/posts"}],"about":[{"href":"https:\/\/www.strickforum.de\/blog\/wp-json\/wp\/v2\/types\/post"}],"author":[{"embeddable":true,"href":"https:\/\/www.strickforum.de\/blog\/wp-json\/wp\/v2\/users\/3"}],"replies":[{"embeddable":true,"href":"https:\/\/www.strickforum.de\/blog\/wp-json\/wp\/v2\/comments?post=3156"}],"version-history":[{"count":1,"href":"https:\/\/www.strickforum.de\/blog\/wp-json\/wp\/v2\/posts\/3156\/revisions"}],"predecessor-version":[{"id":3157,"href":"https:\/\/www.strickforum.de\/blog\/wp-json\/wp\/v2\/posts\/3156\/revisions\/3157"}],"wp:attachment":[{"href":"https:\/\/www.strickforum.de\/blog\/wp-json\/wp\/v2\/media?parent=3156"}],"wp:term":[{"taxonomy":"category","embeddable":true,"href":"https:\/\/www.strickforum.de\/blog\/wp-json\/wp\/v2\/categories?post=3156"},{"taxonomy":"post_tag","embeddable":true,"href":"https:\/\/www.strickforum.de\/blog\/wp-json\/wp\/v2\/tags?post=3156"}],"curies":[{"name":"wp","href":"https:\/\/api.w.org\/{rel}","templated":true}]}}