{"id":3182,"date":"2021-02-07T11:09:03","date_gmt":"2021-02-07T10:09:03","guid":{"rendered":"https:\/\/www.strickforum.de\/blog\/?p=3182"},"modified":"2021-02-07T11:09:03","modified_gmt":"2021-02-07T10:09:03","slug":"mein-grosser-plan","status":"publish","type":"post","link":"https:\/\/www.strickforum.de\/blog\/mein-grosser-plan\/","title":{"rendered":"Mein gro\u00dfer Plan"},"content":{"rendered":"\n<p class=\"wp-block-paragraph\">Etwa einmal monatlich bekomme ich einen Newsletter von <a rel=\"noreferrer noopener\" href=\"https:\/\/www.woollywormhead.com\/\" data-type=\"URL\" data-id=\"https:\/\/www.woollywormhead.com\/\" target=\"_blank\">Woolly Wormhead<\/a>. Sie entwirft M\u00fctzen in allen vorstellbaren Varianten, in Runden, quer in Reihen oder auch mal diagonal, sowie f\u00fcr die verschiedensten Garnst\u00e4rken. Ich besitze viele ihrer Anleitungen und habe im Laufe der Jahre bereits diverse Modelle von ihr nachgestrickt.<\/p>\n\n\n\n<!--more-->\n\n\n\n<p class=\"wp-block-paragraph\">In Zusammenhang mit besagtem Newsletter fand ich auf Ravelry und Instagram eine interessante &#8222;Challenge&#8220;: Viele von Woollys Fans haben sich vorgenommen, im Verlauf des Jahres 2021 mindestens zw\u00f6lf M\u00fctzen nach ihren Anleitungen zu stricken. Und ich dachte so bei mir: Das k\u00f6nnte ich auch probieren. In meinem Vorrat gibt es viele kleinere Garnmengen, die f\u00fcr ein gro\u00dfes Projekt nicht reichen, aber f\u00fcr eine M\u00fctze perfekt w\u00e4ren. Und bei den vielen verschiedenen Anleitungen von ihr kommt auch bestimmt keine Langeweile auf.<\/p>\n\n\n\n<p class=\"wp-block-paragraph\">Die ersten beiden M\u00fctzen sind bereits fertig. Hier seht ihr das quer gestrickte Modell &#8222;Comfort Slouch&#8220; aus ihrem e-book &#8222;Get Garter&#8220;.<\/p>\n\n\n\n<figure class=\"wp-block-image size-large\"><img data-recalc-dims=\"1\" loading=\"lazy\" decoding=\"async\" width=\"840\" height=\"630\" data-attachment-id=\"3176\" data-permalink=\"https:\/\/www.strickforum.de\/blog\/comfort-slouch\/\" data-orig-file=\"https:\/\/i0.wp.com\/www.strickforum.de\/blog\/wp-content\/uploads\/2021\/02\/comfort-slouch.jpg?fit=1000%2C750&amp;ssl=1\" data-orig-size=\"1000,750\" data-comments-opened=\"1\" data-image-meta=\"{&quot;aperture&quot;:&quot;2.2&quot;,&quot;credit&quot;:&quot;&quot;,&quot;camera&quot;:&quot;iPhone 6 Plus&quot;,&quot;caption&quot;:&quot;&quot;,&quot;created_timestamp&quot;:&quot;1612004354&quot;,&quot;copyright&quot;:&quot;&quot;,&quot;focal_length&quot;:&quot;4.15&quot;,&quot;iso&quot;:&quot;125&quot;,&quot;shutter_speed&quot;:&quot;0.125&quot;,&quot;title&quot;:&quot;&quot;,&quot;orientation&quot;:&quot;0&quot;}\" data-image-title=\"comfort-slouch\" data-image-description=\"\" data-image-caption=\"\" data-large-file=\"https:\/\/i0.wp.com\/www.strickforum.de\/blog\/wp-content\/uploads\/2021\/02\/comfort-slouch.jpg?fit=840%2C630&amp;ssl=1\" src=\"https:\/\/i0.wp.com\/www.strickforum.de\/blog\/wp-content\/uploads\/2021\/02\/comfort-slouch.jpg?resize=840%2C630&#038;ssl=1\" alt=\"Comfort Slouch\" class=\"wp-image-3176\" srcset=\"https:\/\/i0.wp.com\/www.strickforum.de\/blog\/wp-content\/uploads\/2021\/02\/comfort-slouch.jpg?w=1000&amp;ssl=1 1000w, https:\/\/i0.wp.com\/www.strickforum.de\/blog\/wp-content\/uploads\/2021\/02\/comfort-slouch.jpg?resize=933%2C700&amp;ssl=1 933w, https:\/\/i0.wp.com\/www.strickforum.de\/blog\/wp-content\/uploads\/2021\/02\/comfort-slouch.jpg?resize=768%2C576&amp;ssl=1 768w\" sizes=\"auto, (max-width: 709px) 85vw, (max-width: 909px) 67vw, (max-width: 1362px) 62vw, 840px\" \/><\/figure>\n\n\n\n<p class=\"wp-block-paragraph\">Verstrickt habe ich 65 g Wollmeise &#8222;Pure&#8220; in der Multicolor-F\u00e4rbung &#8222;Sultan WD&#8220;. F\u00fcr solche relativ schlichten Modelle ist so buntes Garn gut geeignet. Ich hatte damit urspr\u00fcnglich mal etwas anderes angefangen, das mir dann aber nicht zusagte und geribbelt wurde.<\/p>\n\n\n\n<p class=\"wp-block-paragraph\">&#8222;Get Garter&#8220; in PDF-Form umfasst 48 Seiten. Es enth\u00e4lt Anleitungen f\u00fcr sechs kraus gestrickte Modelle in jeweils drei Gr\u00f6\u00dfen. Teilweise werden noch zus\u00e4tzliche Varianten vorgeschlagen. Au\u00dferdem beschreibt Woolly jeweils die prinzipielle Aufteilung der verk\u00fcrzten Reihen f\u00fcr jede M\u00fctzenform. Erg\u00e4nzend bzw. vorausgestellt findet man ausf\u00fchrliche und sehr gut verst\u00e4ndliche Beschreibungen (in Wort und Bild) zum Stricken von verk\u00fcrzten Reihen, denn die wendet man f\u00fcr diese M\u00fctzen an.<\/p>\n\n\n\n<p class=\"wp-block-paragraph\">Die zweite M\u00fctze ist ebenfalls quer gestrickt, allerdings glatt links. Um auf die erforderliche Garnst\u00e4rke zu kommen, habe ich drei verschiedene Garne kombiniert: Ein gefachtes Baumwoll-Mischgarn, eine d\u00fcnne Lace-Wolle und eine Kidmohair-Seiden-Mischung in einem schrillen Gr\u00fcn, das man solo nicht wirklich ertr\u00e4gt. Im Mix macht es sich aber recht gut. \ud83d\ude42<\/p>\n\n\n\n<figure class=\"wp-block-image size-large\"><img data-recalc-dims=\"1\" loading=\"lazy\" decoding=\"async\" width=\"840\" height=\"630\" data-attachment-id=\"3177\" data-permalink=\"https:\/\/www.strickforum.de\/blog\/wormhead-bella\/\" data-orig-file=\"https:\/\/i0.wp.com\/www.strickforum.de\/blog\/wp-content\/uploads\/2021\/02\/wormhead-bella.jpg?fit=1000%2C750&amp;ssl=1\" data-orig-size=\"1000,750\" data-comments-opened=\"1\" data-image-meta=\"{&quot;aperture&quot;:&quot;2.2&quot;,&quot;credit&quot;:&quot;&quot;,&quot;camera&quot;:&quot;iPhone 6 Plus&quot;,&quot;caption&quot;:&quot;&quot;,&quot;created_timestamp&quot;:&quot;1612258126&quot;,&quot;copyright&quot;:&quot;&quot;,&quot;focal_length&quot;:&quot;4.15&quot;,&quot;iso&quot;:&quot;100&quot;,&quot;shutter_speed&quot;:&quot;0.1&quot;,&quot;title&quot;:&quot;&quot;,&quot;orientation&quot;:&quot;0&quot;}\" data-image-title=\"wormhead-bella\" data-image-description=\"\" data-image-caption=\"\" data-large-file=\"https:\/\/i0.wp.com\/www.strickforum.de\/blog\/wp-content\/uploads\/2021\/02\/wormhead-bella.jpg?fit=840%2C630&amp;ssl=1\" src=\"https:\/\/i0.wp.com\/www.strickforum.de\/blog\/wp-content\/uploads\/2021\/02\/wormhead-bella.jpg?resize=840%2C630&#038;ssl=1\" alt=\"Modell &quot;Bella&quot;\" class=\"wp-image-3177\" srcset=\"https:\/\/i0.wp.com\/www.strickforum.de\/blog\/wp-content\/uploads\/2021\/02\/wormhead-bella.jpg?w=1000&amp;ssl=1 1000w, https:\/\/i0.wp.com\/www.strickforum.de\/blog\/wp-content\/uploads\/2021\/02\/wormhead-bella.jpg?resize=933%2C700&amp;ssl=1 933w, https:\/\/i0.wp.com\/www.strickforum.de\/blog\/wp-content\/uploads\/2021\/02\/wormhead-bella.jpg?resize=768%2C576&amp;ssl=1 768w\" sizes=\"auto, (max-width: 709px) 85vw, (max-width: 909px) 67vw, (max-width: 1362px) 62vw, 840px\" \/><\/figure>\n\n\n\n<p class=\"wp-block-paragraph\">Auch dieses Modell ist aus einem e-book, und zwar aus &#8222;Going Straight&#8220;. Darin findet man nach einem ausf\u00fchrlichen Technik-Teil nicht weniger als 24 M\u00fctzen-Modelle, die allesamt nicht in Runden, sondern quer gestrickt werden. Damit ist diese Sammlung perfekt f\u00fcr alle, die das Stricken in Reihen bevorzugen.<\/p>\n\n\n\n<p class=\"wp-block-paragraph\">Es fehlen mir also nur noch zehn M\u00fctzen, um meinen gro\u00dfartigen Plan auch umzusetzen. Damit werde ich die ungekr\u00f6nte M\u00fctzenk\u00f6nigin Angela von <a rel=\"noreferrer noopener\" href=\"https:\/\/bestrickendes.de\/\" data-type=\"URL\" data-id=\"https:\/\/bestrickendes.de\/\" target=\"_blank\">Bestrickendes<\/a> nat\u00fcrlich nicht entthronen, aber darum geht es zum Gl\u00fcck auch nicht. Die gr\u00f6\u00dfte Schwierigkeit besteht f\u00fcr mich \u00fcbrigens darin, aus den vielen interessanten und teils ungew\u00f6hnlichen Modellen das n\u00e4chste auszuw\u00e4hlen.<\/p>\n","protected":false},"excerpt":{"rendered":"<p>Etwa einmal monatlich bekomme ich einen Newsletter von Woolly Wormhead. Sie entwirft M\u00fctzen in allen vorstellbaren Varianten, in Runden, quer in Reihen oder auch mal diagonal, sowie f\u00fcr die verschiedensten Garnst\u00e4rken. Ich besitze viele ihrer Anleitungen und habe im Laufe der Jahre bereits diverse Modelle von ihr nachgestrickt.<\/p>\n","protected":false},"author":3,"featured_media":0,"comment_status":"open","ping_status":"open","sticky":false,"template":"","format":"standard","meta":{"_seopress_robots_primary_cat":"","_seopress_titles_title":"","_seopress_titles_desc":"","_seopress_robots_index":"","_crdt_document":"","jetpack_post_was_ever_published":false,"_jetpack_newsletter_access":"","_jetpack_dont_email_post_to_subs":false,"_jetpack_newsletter_tier_id":0,"_jetpack_memberships_contains_paywalled_content":false,"_jetpack_memberships_contains_paid_content":false,"footnotes":"","jetpack_publicize_message":"","jetpack_publicize_feature_enabled":true,"jetpack_social_post_already_shared":true,"jetpack_social_options":{"image_generator_settings":{"template":"highway","default_image_id":0,"font":"","enabled":false},"version":2}},"categories":[6],"tags":[96],"class_list":["post-3182","post","type-post","status-publish","format-standard","hentry","category-6","tag-muetze"],"jetpack_publicize_connections":[],"jetpack_featured_media_url":"","jetpack_sharing_enabled":true,"jetpack_shortlink":"https:\/\/wp.me\/p7JbSI-Pk","jetpack-related-posts":[{"id":1064,"url":"https:\/\/www.strickforum.de\/blog\/die-verstrickte-dienstagsfrage-472010\/","url_meta":{"origin":3182,"position":0},"title":"Die verstrickte Dienstagsfrage 47\/2010","author":"Admin","date":"23. November 2010","format":false,"excerpt":"Das Wollschaf fragt heute: Tragt Ihr im Winter M\u00fctzen oder andere Kopfbedeckungen? Selbstgeh\u00e4kelt? Selbstgestrickt? Gefilzt? Oder gekauft? Wenn Ihr selbstgemachte Kopfbedeckungen tragt \u2013 fertigt Ihr die nach Anleitung oder einfach aus dem Kopf, so wie Ihr denkt? Vielen Dank an Monika f\u00fcr die heutige Frage! Ja, ich trage M\u00fctzen, wenn's\u2026","rel":"","context":"In &quot;Stricken&quot;","block_context":{"text":"Stricken","link":"https:\/\/www.strickforum.de\/blog\/category\/3\/"},"img":{"alt_text":"","src":"","width":0,"height":0},"classes":[]},{"id":3692,"url":"https:\/\/www.strickforum.de\/blog\/kuehler-kopf-und-warme-muetze\/","url_meta":{"origin":3182,"position":1},"title":"K\u00fchler Kopf und warme M\u00fctze","author":"Admin","date":"5. Dezember 2023","format":false,"excerpt":"Hurry Up Hat ist, wie der Name schon andeutet, eine der schnellsten M\u00fctzen, die ich je gestrickt habe. W\u00e4ren zwischendurch nicht diverse Aufgaben im Haushalt zu erledigen gewesen, dann h\u00e4tte ich es vermutlich auch in einem Tag geschafft; so waren es zwei Tage. Der Schneemann vor dem Haus bot sich\u2026","rel":"","context":"In &quot;Stricken&quot;","block_context":{"text":"Stricken","link":"https:\/\/www.strickforum.de\/blog\/category\/3\/"},"img":{"alt_text":"","src":"https:\/\/i0.wp.com\/www.strickforum.de\/blog\/wp-content\/uploads\/2023\/12\/schneemann-muetze.jpg?resize=350%2C200&ssl=1","width":350,"height":200,"srcset":"https:\/\/i0.wp.com\/www.strickforum.de\/blog\/wp-content\/uploads\/2023\/12\/schneemann-muetze.jpg?resize=350%2C200&ssl=1 1x, https:\/\/i0.wp.com\/www.strickforum.de\/blog\/wp-content\/uploads\/2023\/12\/schneemann-muetze.jpg?resize=525%2C300&ssl=1 1.5x, https:\/\/i0.wp.com\/www.strickforum.de\/blog\/wp-content\/uploads\/2023\/12\/schneemann-muetze.jpg?resize=700%2C400&ssl=1 2x, https:\/\/i0.wp.com\/www.strickforum.de\/blog\/wp-content\/uploads\/2023\/12\/schneemann-muetze.jpg?resize=1050%2C600&ssl=1 3x, https:\/\/i0.wp.com\/www.strickforum.de\/blog\/wp-content\/uploads\/2023\/12\/schneemann-muetze.jpg?resize=1400%2C800&ssl=1 4x"},"classes":[]},{"id":3156,"url":"https:\/\/www.strickforum.de\/blog\/die-eintagsmuetze\/","url_meta":{"origin":3182,"position":2},"title":"Die Eintagsm\u00fctze","author":"Admin","date":"30. Dezember 2020","format":false,"excerpt":"Es gibt Menschen, denen steht jede denkbare M\u00fctzenform. Leider gilt das nicht f\u00fcr mich. Ich bin zwar ein gro\u00dfer M\u00fctzen-Fan (besonders wenn die Au\u00dfentemperatur unter 5 Grad plus sinkt), aber nicht jede Variante ist f\u00fcr mich auch kleidsam. Deshalb freute es mich, dass ich neulich eine Anleitung fand, die vielversprechend\u2026","rel":"","context":"In &quot;Stricken&quot;","block_context":{"text":"Stricken","link":"https:\/\/www.strickforum.de\/blog\/category\/3\/"},"img":{"alt_text":"M\u00fctze \"Amanda\"","src":"https:\/\/i0.wp.com\/www.strickforum.de\/blog\/wp-content\/uploads\/2020\/12\/amanda-muetze.jpg?resize=350%2C200&ssl=1","width":350,"height":200,"srcset":"https:\/\/i0.wp.com\/www.strickforum.de\/blog\/wp-content\/uploads\/2020\/12\/amanda-muetze.jpg?resize=350%2C200&ssl=1 1x, https:\/\/i0.wp.com\/www.strickforum.de\/blog\/wp-content\/uploads\/2020\/12\/amanda-muetze.jpg?resize=525%2C300&ssl=1 1.5x, https:\/\/i0.wp.com\/www.strickforum.de\/blog\/wp-content\/uploads\/2020\/12\/amanda-muetze.jpg?resize=700%2C400&ssl=1 2x"},"classes":[]},{"id":3206,"url":"https:\/\/www.strickforum.de\/blog\/mein-muetzen-fortschritt\/","url_meta":{"origin":3182,"position":3},"title":"Mein M\u00fctzen-Fortschritt","author":"Admin","date":"23. M\u00e4rz 2021","format":false,"excerpt":"Es geht voran mit meiner M\u00fctzenmanie. Die zweite \"Bella\" wurde bereits vor knapp einem Monat fertig, und ich m\u00f6chte sie euch nicht vorenthalten. Auch hier war das Material eine recht willk\u00fcrliche Zusammenstellung von drei verschiedenen Materialien: Zwei d\u00fcnne F\u00e4den Viskosegarn in Hellbeige, ein Faden Sockengarn natur-hellgrau meliert und ein Faden\u2026","rel":"","context":"In &quot;Stricken&quot;","block_context":{"text":"Stricken","link":"https:\/\/www.strickforum.de\/blog\/category\/3\/"},"img":{"alt_text":"Bella, zweiter Versuch","src":"https:\/\/i0.wp.com\/www.strickforum.de\/blog\/wp-content\/uploads\/2021\/03\/bella-2.jpg?resize=350%2C200&ssl=1","width":350,"height":200,"srcset":"https:\/\/i0.wp.com\/www.strickforum.de\/blog\/wp-content\/uploads\/2021\/03\/bella-2.jpg?resize=350%2C200&ssl=1 1x, https:\/\/i0.wp.com\/www.strickforum.de\/blog\/wp-content\/uploads\/2021\/03\/bella-2.jpg?resize=525%2C300&ssl=1 1.5x, https:\/\/i0.wp.com\/www.strickforum.de\/blog\/wp-content\/uploads\/2021\/03\/bella-2.jpg?resize=700%2C400&ssl=1 2x"},"classes":[]},{"id":2947,"url":"https:\/\/www.strickforum.de\/blog\/schwerstarbeit\/","url_meta":{"origin":3182,"position":4},"title":"Schwerstarbeit","author":"Admin","date":"4. M\u00e4rz 2020","format":false,"excerpt":"In fast jeder Strick-Publikation kann man lesen, dass das Stricken mit dicken Garnen \"leicht und schnell\" gehe. Ich warte immer noch darauf, dass mir die Fachleute erkl\u00e4ren, weshalb das so sein soll. Die dicke M\u00fctze, die ich gestern nach knapp drei Wochen fertigstellte, bereitete mir n\u00e4mlich einige M\u00fche, und von\u2026","rel":"","context":"In &quot;Stricken&quot;","block_context":{"text":"Stricken","link":"https:\/\/www.strickforum.de\/blog\/category\/3\/"},"img":{"alt_text":"Bryce Canyon","src":"https:\/\/i0.wp.com\/www.strickforum.de\/blog\/wp-content\/uploads\/2020\/03\/bryce-canyon_700.jpg?resize=350%2C200&ssl=1","width":350,"height":200,"srcset":"https:\/\/i0.wp.com\/www.strickforum.de\/blog\/wp-content\/uploads\/2020\/03\/bryce-canyon_700.jpg?resize=350%2C200&ssl=1 1x, https:\/\/i0.wp.com\/www.strickforum.de\/blog\/wp-content\/uploads\/2020\/03\/bryce-canyon_700.jpg?resize=525%2C300&ssl=1 1.5x, https:\/\/i0.wp.com\/www.strickforum.de\/blog\/wp-content\/uploads\/2020\/03\/bryce-canyon_700.jpg?resize=700%2C400&ssl=1 2x"},"classes":[]},{"id":3304,"url":"https:\/\/www.strickforum.de\/blog\/und-noch-eine-muetze\/","url_meta":{"origin":3182,"position":5},"title":"Und noch eine M\u00fctze","author":"Admin","date":"7. Dezember 2021","format":false,"excerpt":"Dieses Exemplar habe ich aus einem Tweed-Garn von Hobbii gestrickt. Anleitung, Garn und Kunstfell-Bommel geh\u00f6rten zum Hobbii-Adventskalender. Mit Nadelst\u00e4rke 4 bzw. 4,5 war dieses Projekt innerhalb von drei Tagen fertig. Das ist f\u00fcr meine Verh\u00e4ltnisse flott. Ja, ich wei\u00df, es gibt Leute, die schaffen so etwas in weniger als sechs\u2026","rel":"","context":"In &quot;Stricken&quot;","block_context":{"text":"Stricken","link":"https:\/\/www.strickforum.de\/blog\/category\/3\/"},"img":{"alt_text":"","src":"https:\/\/i0.wp.com\/www.strickforum.de\/blog\/wp-content\/uploads\/2021\/12\/ydun-hat.jpg?resize=350%2C200&ssl=1","width":350,"height":200,"srcset":"https:\/\/i0.wp.com\/www.strickforum.de\/blog\/wp-content\/uploads\/2021\/12\/ydun-hat.jpg?resize=350%2C200&ssl=1 1x, https:\/\/i0.wp.com\/www.strickforum.de\/blog\/wp-content\/uploads\/2021\/12\/ydun-hat.jpg?resize=525%2C300&ssl=1 1.5x, https:\/\/i0.wp.com\/www.strickforum.de\/blog\/wp-content\/uploads\/2021\/12\/ydun-hat.jpg?resize=700%2C400&ssl=1 2x"},"classes":[]}],"_links":{"self":[{"href":"https:\/\/www.strickforum.de\/blog\/wp-json\/wp\/v2\/posts\/3182","targetHints":{"allow":["GET"]}}],"collection":[{"href":"https:\/\/www.strickforum.de\/blog\/wp-json\/wp\/v2\/posts"}],"about":[{"href":"https:\/\/www.strickforum.de\/blog\/wp-json\/wp\/v2\/types\/post"}],"author":[{"embeddable":true,"href":"https:\/\/www.strickforum.de\/blog\/wp-json\/wp\/v2\/users\/3"}],"replies":[{"embeddable":true,"href":"https:\/\/www.strickforum.de\/blog\/wp-json\/wp\/v2\/comments?post=3182"}],"version-history":[{"count":2,"href":"https:\/\/www.strickforum.de\/blog\/wp-json\/wp\/v2\/posts\/3182\/revisions"}],"predecessor-version":[{"id":3184,"href":"https:\/\/www.strickforum.de\/blog\/wp-json\/wp\/v2\/posts\/3182\/revisions\/3184"}],"wp:attachment":[{"href":"https:\/\/www.strickforum.de\/blog\/wp-json\/wp\/v2\/media?parent=3182"}],"wp:term":[{"taxonomy":"category","embeddable":true,"href":"https:\/\/www.strickforum.de\/blog\/wp-json\/wp\/v2\/categories?post=3182"},{"taxonomy":"post_tag","embeddable":true,"href":"https:\/\/www.strickforum.de\/blog\/wp-json\/wp\/v2\/tags?post=3182"}],"curies":[{"name":"wp","href":"https:\/\/api.w.org\/{rel}","templated":true}]}}