{"id":325,"date":"2007-12-27T14:47:05","date_gmt":"2007-12-27T13:47:05","guid":{"rendered":"http:\/\/www.strickforum.de\/blog\/?p=325"},"modified":"2007-12-27T14:47:05","modified_gmt":"2007-12-27T13:47:05","slug":"stricken-nach-dem-spullappen-fieber","status":"publish","type":"post","link":"https:\/\/www.strickforum.de\/blog\/stricken-nach-dem-spullappen-fieber\/","title":{"rendered":"Stricken nach dem Sp\u00fcllappen-Fieber"},"content":{"rendered":"<p>Wie wir aus gew\u00f6hnlich gut unterrichteten Kreisen erfahren haben, wird ein Konsortium der f\u00fchrenden europ\u00e4ischen Strickgarnhersteller auf den n\u00e4chsten Handarbeitsmessen eine revolution\u00e4re Entwicklung vorstellen. Ausgangspunkt war die \u00dcberlegung, die zur Zeit aus den USA her\u00fcberschwappende Sp\u00fcllappen-Selbststrick-Bewegung zu neuen Ufern zu geleiten und dabei innovative Produkte zu vermarkten.<\/p>\n<p>&#8220;Es ist uns gelungen, ein neuartiges Zellstoffgarn zu entwickeln, das besonders hautfreundliche und reinigende Eigenschaften hat und sich deshalb vorz\u00fcglich zum Selbststricken von Klopapier eignet&#8221;, so ein Sprecher des Konsortiums. Das neue Material ist s\u00e4ure- und harzfrei sowie grundwasserneutral und in vielen Farben erh\u00e4ltlich. Um auch anspruchsvollen Strickerinnen ein Dekor passend zur Badezimmereinrichtung zu bieten, entwickelt man zur Zeit selbstmusternde Dessins in Zusammenarbeit mit Villeroy &#038; Boch sowie Ikea.<\/p>\n<p>Einige ausgew\u00e4hlte Strickerinnen durften das Garn bereits testhalber verarbeiten und berichten begeistert von ihren Erfahrungen. <br \/>\n&#8220;Ich bin leidenschaftliche Strickerin, aber nach zwei Jahren Sp\u00fcllappenstricken sind die Schr\u00e4nke der Verwandtschaft leider prall gef\u00fcllt. Umso mehr freue ich mich, jetzt meine ganze Familie mit selbstgestricktem Klopapier verw\u00f6hnen zu k\u00f6nnen. Das kann man immer gebrauchen, dar\u00fcber freut sich jeder,&#8221; wei\u00df Birgit E. aus F. &#8220;Selbstgestricktes Klopapier ist au\u00dferdem viel pers\u00f6nlicher, da sp\u00fcrt man die Liebe in jeder Masche.&#8221;<\/p>\n<p>&#8220;Als unsere ganze Familie neulich nach der Gulaschsuppe Diarrh\u00f6e bekam, habe ich das Garn zum Verstricken einfach doppelt genommen, so war es besonders saugf\u00e4hig,&#8221; freut sich Sabine K. aus D. Und die Rentnerin Emilie W. aus H. lobt den kreativen Freiraum, den man damit hat: &#8220;Ich habe mein selbstgestricktes Klopapier mit dicken eingestrickten Noppen im &#8218;Deutschen Fetisch-Kleinanzeiger&#8216; angeboten und komme nun mit dem Stricken der Auftr\u00e4ge kaum nach.&#8221;<\/p>\n<p>Die Branche geht davon aus, dass sich der Absatz dank des neuen Produkts im kommenden Jahr mehr als verdoppeln wird. Um neue Absatzm\u00e4rkte zu erschlie\u00dfen, stehe man zur Zeit in Verhandlungen mit dem Internationalen Proktologenverband. So wie f\u00fcr Sockenwolle bereits erfolgreich Beimischungen von Aloe Vera verwendet wurden, m\u00f6chte man die Klopapierfasern mit einem Spezialmittel gegen H\u00e4morrhoiden ausr\u00fcsten. Auf Rezept soll zu einem sp\u00e4teren Zeitpunkt auch Klopapiergarn mit Antibandwurmbeschichtung angeboten werden.<\/p>\n<p>Die Ver\u00f6ffentlichung dieses Artikels erfolgt unter Ausschluss jeglicher Gew\u00e4hrleistung.<br \/>\nSorry, no English version today.<\/p>\n","protected":false},"excerpt":{"rendered":"<p>Wie wir aus gew\u00f6hnlich gut unterrichteten Kreisen erfahren haben, wird ein Konsortium der f\u00fchrenden europ\u00e4ischen Strickgarnhersteller auf den n\u00e4chsten Handarbeitsmessen eine revolution\u00e4re Entwicklung vorstellen. Ausgangspunkt war die \u00dcberlegung, die zur Zeit aus den USA her\u00fcberschwappende Sp\u00fcllappen-Selbststrick-Bewegung zu neuen Ufern zu geleiten und dabei innovative Produkte zu vermarkten. &#8220;Es ist uns gelungen, ein neuartiges Zellstoffgarn zu &hellip; <a href=\"https:\/\/www.strickforum.de\/blog\/stricken-nach-dem-spullappen-fieber\/\" class=\"more-link\"><span class=\"screen-reader-text\">\u201eStricken nach dem Sp\u00fcllappen-Fieber\u201c <\/span>weiterlesen<\/a><\/p>\n","protected":false},"author":3,"featured_media":0,"comment_status":"open","ping_status":"open","sticky":false,"template":"","format":"standard","meta":{"_seopress_robots_primary_cat":"","_seopress_titles_title":"","_seopress_titles_desc":"","_seopress_robots_index":"","_crdt_document":"","jetpack_post_was_ever_published":false,"_jetpack_newsletter_access":"","_jetpack_dont_email_post_to_subs":false,"_jetpack_newsletter_tier_id":0,"_jetpack_memberships_contains_paywalled_content":false,"_jetpack_memberships_contains_paid_content":false,"footnotes":"","jetpack_publicize_message":"","jetpack_publicize_feature_enabled":true,"jetpack_social_post_already_shared":false,"jetpack_social_options":{"image_generator_settings":{"template":"highway","default_image_id":0,"font":"","enabled":false},"version":2}},"categories":[6],"tags":[],"class_list":["post-325","post","type-post","status-publish","format-standard","hentry","category-6"],"jetpack_publicize_connections":[],"jetpack_featured_media_url":"","jetpack_sharing_enabled":true,"jetpack_shortlink":"https:\/\/wp.me\/p7JbSI-5f","jetpack-related-posts":[{"id":1922,"url":"https:\/\/www.strickforum.de\/blog\/die-verstrickte-dienstagsfrage-woche-252015\/","url_meta":{"origin":325,"position":0},"title":"Die verstrickte Dienstagsfrage Woche 25\/2015","author":"Admin","date":"16. Juni 2015","format":false,"excerpt":"Diese Woche schreibt das Wollschaf: Wer hat es nicht schon einmal erlebt: Brav eine Maschenprobe gestrickt und das fertige Strickst\u00fcck passte sp\u00e4ter doch nicht :-( Welche Tipps habt ihr f\u00fcr eine exakte Maschenprobe? Und an alle, die auf einem gro\u00dfen St\u00fcck grunds\u00e4tzlich lockerer oder fester stricken als bei ihrer Maschenprobe:\u2026","rel":"","context":"In &quot;Stricken&quot;","block_context":{"text":"Stricken","link":"https:\/\/www.strickforum.de\/blog\/category\/3\/"},"img":{"alt_text":"","src":"","width":0,"height":0},"classes":[]},{"id":1446,"url":"https:\/\/www.strickforum.de\/blog\/die-verstrickte-dienstagsfrage-422012\/","url_meta":{"origin":325,"position":1},"title":"Die verstrickte Dienstagsfrage 42\/2012","author":"Admin","date":"16. Oktober 2012","format":false,"excerpt":"Heute fragte das Wollschaf: Im Laufe der Zeit habe ich immer mal wieder neue Stricktechniken kennengelernt und ausprobiert. Weil das mir gro\u00dfen Spa\u00df macht, versuche ich immer mal wieder stricktechnisches Neuland zu erobern. So habe ich zuletzt in einer fr\u00f6hlichen Runde in einem Volkshochschulkurs das Schattenstricken ge\u00fcbt. Meine Frage lautet\u2026","rel":"","context":"In &quot;Stricken&quot;","block_context":{"text":"Stricken","link":"https:\/\/www.strickforum.de\/blog\/category\/3\/"},"img":{"alt_text":"","src":"","width":0,"height":0},"classes":[]},{"id":1411,"url":"https:\/\/www.strickforum.de\/blog\/wo-bleibt-die-executive-version\/","url_meta":{"origin":325,"position":2},"title":"Wo bleibt die Executive Version?","author":"Admin","date":"8. August 2012","format":false,"excerpt":"Wer heutzutage im Berufsleben steht und gelegentlich Statistiken oder gar Pr\u00e4sentationen erstellen muss, der wei\u00df: In den Unterlagen finden sich zu den verkauften Weihnachtsm\u00e4nnern oder Osterhasen alle erdenklichen Details, \u00fcber die sich ermitteln l\u00e4sst, ob die kleinen Roten oder die dicken Goldfarbenen mehr Umsatz gebracht haben, wieviel mehr Quengelware ab\u2026","rel":"","context":"In &quot;Allgemeines&quot;","block_context":{"text":"Allgemeines","link":"https:\/\/www.strickforum.de\/blog\/category\/1\/"},"img":{"alt_text":"","src":"","width":0,"height":0},"classes":[]},{"id":741,"url":"https:\/\/www.strickforum.de\/blog\/die-verstrickte-dienstagsfrage-262009\/","url_meta":{"origin":325,"position":3},"title":"Die verstrickte Dienstagsfrage 26\/2009","author":"Admin","date":"23. Juni 2009","format":false,"excerpt":"Das Wollschaf fragt: Beim Lesen der Blogs f\u00e4llt auf, dass sich einige Stricker\/-innen spezialisiert haben. Manche stricken ein Tuch nach dem anderen, einige \u00fcberwiegend Socken, etliche beschr\u00e4nken sich auf Accessoires wie Schals, M\u00fctzen, Handschuhe, Taschen, Handyt\u00e4schchen. Es gibt einige wenige, die ausschlie\u00dflich Bekleidungsst\u00fccke wie Pullover, Jacken, Westen etc. nadeln. Und\u2026","rel":"","context":"In &quot;Stricken&quot;","block_context":{"text":"Stricken","link":"https:\/\/www.strickforum.de\/blog\/category\/3\/"},"img":{"alt_text":"","src":"","width":0,"height":0},"classes":[]},{"id":830,"url":"https:\/\/www.strickforum.de\/blog\/die-verstrickte-dienstagsfrage-462009\/","url_meta":{"origin":325,"position":4},"title":"Die verstrickte Dienstagsfrage 46\/2009","author":"Admin","date":"10. November 2009","format":false,"excerpt":"Das Wollschaf fragt: Ich fange ein neues Strickst\u00fcck immer mit viel Enthusiasmus an - es ist einfach toll, neue Wolle anzustricken. Aber mit dem Fertigstellen hapert es bei mir noch, das fordert viel Durchhalteverm\u00f6gen. Wenn dann mal etwas fertig wird, habe ich richtig Trennungsschmerz und bin traurig, dass es vorbei\u2026","rel":"","context":"In &quot;Stricken&quot;","block_context":{"text":"Stricken","link":"https:\/\/www.strickforum.de\/blog\/category\/3\/"},"img":{"alt_text":"","src":"","width":0,"height":0},"classes":[]},{"id":395,"url":"https:\/\/www.strickforum.de\/blog\/die-verstrickte-dienstagsfrage-212008\/","url_meta":{"origin":325,"position":5},"title":"Die verstrickte Dienstagsfrage &#8211; 21\/2008","author":"Admin","date":"20. Mai 2008","format":false,"excerpt":"Das Wollschaf fragt: Wenn ich mich so durch die Blogs klicke, f\u00e4llt mir auf, dass ich nicht \u00fcberall gleich gerne lese- was nicht am Inhalt liegt. Darum meine Frage: Wie ist ein Blog, den (oder das?)du gerne liest? Viele Smilies oder wenige? Schriftgr\u00f6\u00dfe? Textl\u00e4nge? Bilder? Hintergrundfarbe? (etc. und nat\u00fcrlich auch\u2026","rel":"","context":"In &quot;Stricken&quot;","block_context":{"text":"Stricken","link":"https:\/\/www.strickforum.de\/blog\/category\/3\/"},"img":{"alt_text":"","src":"","width":0,"height":0},"classes":[]}],"_links":{"self":[{"href":"https:\/\/www.strickforum.de\/blog\/wp-json\/wp\/v2\/posts\/325","targetHints":{"allow":["GET"]}}],"collection":[{"href":"https:\/\/www.strickforum.de\/blog\/wp-json\/wp\/v2\/posts"}],"about":[{"href":"https:\/\/www.strickforum.de\/blog\/wp-json\/wp\/v2\/types\/post"}],"author":[{"embeddable":true,"href":"https:\/\/www.strickforum.de\/blog\/wp-json\/wp\/v2\/users\/3"}],"replies":[{"embeddable":true,"href":"https:\/\/www.strickforum.de\/blog\/wp-json\/wp\/v2\/comments?post=325"}],"version-history":[{"count":0,"href":"https:\/\/www.strickforum.de\/blog\/wp-json\/wp\/v2\/posts\/325\/revisions"}],"wp:attachment":[{"href":"https:\/\/www.strickforum.de\/blog\/wp-json\/wp\/v2\/media?parent=325"}],"wp:term":[{"taxonomy":"category","embeddable":true,"href":"https:\/\/www.strickforum.de\/blog\/wp-json\/wp\/v2\/categories?post=325"},{"taxonomy":"post_tag","embeddable":true,"href":"https:\/\/www.strickforum.de\/blog\/wp-json\/wp\/v2\/tags?post=325"}],"curies":[{"name":"wp","href":"https:\/\/api.w.org\/{rel}","templated":true}]}}