{"id":3453,"date":"2022-08-27T15:47:57","date_gmt":"2022-08-27T13:47:57","guid":{"rendered":"https:\/\/www.strickforum.de\/blog\/?p=3453"},"modified":"2022-08-27T15:47:58","modified_gmt":"2022-08-27T13:47:58","slug":"kuchen-fuers-wochenende","status":"publish","type":"post","link":"https:\/\/www.strickforum.de\/blog\/kuchen-fuers-wochenende\/","title":{"rendered":"Kuchen f\u00fcrs Wochenende"},"content":{"rendered":"\n<p class=\"wp-block-paragraph\">\u2026und dann sagte ich zu meiner neuen Kuchenform:<br>&#8222;Denk dran, du bist kein Schiff. Also wage es ja nicht auszulaufen!&#8220;<\/p>\n\n\n\n<!--more-->\n\n\n\n<p class=\"wp-block-paragraph\">Nichts h\u00e4lt ewig. Deshalb musste ich mich vor einiger Zeit von meiner kleinen (18 cm Durchmesser) Springform verabschieden. Es war Zeit, eine, besser zwei neue Formen mit glattem Boden anzuschaffen. Und da ich dazu neige, so ziemlich alles in die Sp\u00fclmaschine zu geben, sollten sie m\u00f6glichst sp\u00fclmaschinenfest sein. Meine Lieblingsformen, die Pushpans von Lakeland, sind das leider nicht.<\/p>\n\n\n\n<p class=\"wp-block-paragraph\">Letztlich entschied ich mich f\u00fcr zwei extra hohe, antihaftbeschichtete Pushpans aus Stahl. Weshalb zwei, fragt ihr? Weil die Teigmenge f\u00fcr einen &#8222;normalen&#8220; Kuchen mit 24-26 cm Durchmesser ziemlich genau in zwei 18er-Formen passt. Man kann also ohne gro\u00dfen Aufwand zwei Kuchen backen und z.B. einen davon einfrieren. Der Nachteil der neuen Formen: Der Boden liegt lose auf einem schmalen Rand und hat keine Dichtung.<\/p>\n\n\n\n<p class=\"wp-block-paragraph\">Die ersten Kuchen gelangen sehr gut und lie\u00dfen sich problemlos aus der Form l\u00f6sen. F\u00fcr dieses Wochenende hatte ich mir ein Rezept f\u00fcr einen gest\u00fcrzten Apfelkuchen ausgesucht, in dem es ausdr\u00fccklich hie\u00df, man m\u00f6ge den Rost unter der Form mit Backpapier oder \u00e4hnlichem auslegen, weil Fett und Karamell auslaufen k\u00f6nnten. Ich beherzigte diesen Hinweis und ermahnte die Form wie oben zitiert.<\/p>\n\n\n\n<p class=\"wp-block-paragraph\">Sie hielt nicht nur dicht, sondern der Kuchen lie\u00df sich auch gut st\u00fcrzen. Zugegeben, ein paar Mandelbl\u00e4ttchen blieben an dem Papier kleben, mit dem ich vorsichtshalber den Boden belegt hatte, aber das war vernachl\u00e4ssigbar. Nach dem St\u00fcrzen war die oberste Schicht ein wenig blass. Etwas mehr Karamell h\u00e4tte mir gefallen. Vielleicht lag es aber auch an mir; weil ich mit der Temperatur zu vorsichtig gewesen war.<\/p>\n\n\n\n<figure class=\"wp-block-image size-full\"><img data-recalc-dims=\"1\" loading=\"lazy\" decoding=\"async\" width=\"840\" height=\"788\" data-attachment-id=\"3454\" data-permalink=\"https:\/\/www.strickforum.de\/blog\/kuchen-fuers-wochenende\/apfel-sturz\/\" data-orig-file=\"https:\/\/i0.wp.com\/www.strickforum.de\/blog\/wp-content\/uploads\/2022\/08\/apfel-sturz.jpg?fit=1000%2C938&amp;ssl=1\" data-orig-size=\"1000,938\" data-comments-opened=\"1\" data-image-meta=\"{&quot;aperture&quot;:&quot;2.4&quot;,&quot;credit&quot;:&quot;&quot;,&quot;camera&quot;:&quot;iPad Air (3rd generation)&quot;,&quot;caption&quot;:&quot;&quot;,&quot;created_timestamp&quot;:&quot;1661598727&quot;,&quot;copyright&quot;:&quot;&quot;,&quot;focal_length&quot;:&quot;3.3&quot;,&quot;iso&quot;:&quot;250&quot;,&quot;shutter_speed&quot;:&quot;0.0166666666667&quot;,&quot;title&quot;:&quot;&quot;,&quot;orientation&quot;:&quot;1&quot;}\" data-image-title=\"apfel-sturz\" data-image-description=\"\" data-image-caption=\"\" data-large-file=\"https:\/\/i0.wp.com\/www.strickforum.de\/blog\/wp-content\/uploads\/2022\/08\/apfel-sturz.jpg?fit=840%2C788&amp;ssl=1\" src=\"https:\/\/i0.wp.com\/www.strickforum.de\/blog\/wp-content\/uploads\/2022\/08\/apfel-sturz.jpg?resize=840%2C788&#038;ssl=1\" alt=\"\" class=\"wp-image-3454\" srcset=\"https:\/\/i0.wp.com\/www.strickforum.de\/blog\/wp-content\/uploads\/2022\/08\/apfel-sturz.jpg?w=1000&amp;ssl=1 1000w, https:\/\/i0.wp.com\/www.strickforum.de\/blog\/wp-content\/uploads\/2022\/08\/apfel-sturz.jpg?resize=746%2C700&amp;ssl=1 746w, https:\/\/i0.wp.com\/www.strickforum.de\/blog\/wp-content\/uploads\/2022\/08\/apfel-sturz.jpg?resize=768%2C720&amp;ssl=1 768w\" sizes=\"auto, (max-width: 709px) 85vw, (max-width: 909px) 67vw, (max-width: 1362px) 62vw, 840px\" \/><\/figure>\n\n\n\n<p class=\"wp-block-paragraph\">Geschmeckt hat&#8217;s jedenfalls gut. Falls ihr das Rezept haben wollt: Es ist der &#8222;Gest\u00fcrzte Apfelkuchen&#8220; mit Marzipan aus der (kostenlosen) Dr.-Oetker-App. Die ist \u00fcbrigens nicht schlecht. Ich backe \u00f6fter danach, wobei ich allerdings die diversen Halbfertig- und Convenience-Zutaten durch selbst Gemachtes ersetze.<\/p>\n","protected":false},"excerpt":{"rendered":"<p>\u2026und dann sagte ich zu meiner neuen Kuchenform:&#8222;Denk dran, du bist kein Schiff. Also wage es ja nicht auszulaufen!&#8220;<\/p>\n","protected":false},"author":3,"featured_media":0,"comment_status":"open","ping_status":"open","sticky":false,"template":"","format":"standard","meta":{"_seopress_robots_primary_cat":"","_seopress_titles_title":"","_seopress_titles_desc":"","_seopress_robots_index":"","_crdt_document":"","jetpack_post_was_ever_published":false,"_jetpack_newsletter_access":"","_jetpack_dont_email_post_to_subs":false,"_jetpack_newsletter_tier_id":0,"_jetpack_memberships_contains_paywalled_content":false,"_jetpack_memberships_contains_paid_content":false,"footnotes":"","jetpack_publicize_message":"","jetpack_publicize_feature_enabled":true,"jetpack_social_post_already_shared":true,"jetpack_social_options":{"image_generator_settings":{"template":"highway","default_image_id":0,"font":"","enabled":false},"version":2}},"categories":[8],"tags":[],"class_list":["post-3453","post","type-post","status-publish","format-standard","hentry","category-8"],"jetpack_publicize_connections":[],"jetpack_featured_media_url":"","jetpack_sharing_enabled":true,"jetpack_shortlink":"https:\/\/wp.me\/p7JbSI-TH","jetpack-related-posts":[{"id":721,"url":"https:\/\/www.strickforum.de\/blog\/erdbeertorte\/","url_meta":{"origin":3453,"position":0},"title":"Erdbeertorte!","author":"Admin","date":"17. Mai 2009","format":false,"excerpt":"Das Rezept f\u00fcr diese Torte fand ich im Mai-Heft der Zeitschrift \u201cTest\u201d. Es ist gedacht f\u00fcr eine Torte von 24 cm Durchmesser, aber wenn man in einem kleineren Haushalt lebt und sich gerade kein Besuch angesagt hat, ist das einfach zu gro\u00df. Deshalb besitze und benutze ich schon seit Jahren\u2026","rel":"","context":"In &quot;Kulinarisches&quot;","block_context":{"text":"Kulinarisches","link":"https:\/\/www.strickforum.de\/blog\/category\/7\/"},"img":{"alt_text":"Erdbeertorte","src":"https:\/\/i0.wp.com\/www.strickforum.de\/blog\/media\/1\/20090517-erdbeertorte.jpg?resize=350%2C200","width":350,"height":200},"classes":[]},{"id":2298,"url":"https:\/\/www.strickforum.de\/blog\/apfelsinenkuchen-gepimpt\/","url_meta":{"origin":3453,"position":1},"title":"Apfelsinenkuchen, gepimpt","author":"Admin","date":"28. November 2016","format":false,"excerpt":"Der allererste \"gro\u00dfe\" Kuchen, den ich als Kind selbstst\u00e4ndig backen durfte, war der Apfelsinenkuchen aus dem Dr.-Oetker-Backbuch meiner Mutter. Das ist ein R\u00fchrkuchen, und ich wei\u00df noch, wie schwer es mir fiel, 375 g Butter schaumig zu r\u00fchren. Die Menge ist ausreichend f\u00fcr eine sehr gro\u00dfe Gugelhupf-Form. F\u00fcr einen \"normalen\"\u2026","rel":"","context":"In &quot;Kulinarisches&quot;","block_context":{"text":"Kulinarisches","link":"https:\/\/www.strickforum.de\/blog\/category\/7\/"},"img":{"alt_text":"apfelsinenkuchen-gefuellt","src":"https:\/\/i0.wp.com\/www.strickforum.de\/blog\/wp-content\/uploads\/2016\/11\/apfelsinenkuchen-gefuellt-600x424.jpg?resize=350%2C200","width":350,"height":200,"srcset":"https:\/\/i0.wp.com\/www.strickforum.de\/blog\/wp-content\/uploads\/2016\/11\/apfelsinenkuchen-gefuellt-600x424.jpg?resize=350%2C200 1x, https:\/\/i0.wp.com\/www.strickforum.de\/blog\/wp-content\/uploads\/2016\/11\/apfelsinenkuchen-gefuellt-600x424.jpg?resize=525%2C300 1.5x"},"classes":[]},{"id":82,"url":"https:\/\/www.strickforum.de\/blog\/backtag\/","url_meta":{"origin":3453,"position":2},"title":"Backtag","author":"Admin","date":"6. November 2005","format":false,"excerpt":"Auf vielfachen Wunsch eines einzelnen Herrn, der mittels suggestiver olfaktorischer Halluzinationen (\u201cich rieche Nelken und Kirschwasser\u201d ) selbigem Wunsch noch Nachdruck zu verleihen wu\u00dfte, ging ich heute ans Werk, eine Linzertorte zu backen. Was die Teigzutaten betrifft, variiere ich gern. Sowohl mit Hasel- als auch mit Waln\u00fcssen (und nat\u00fcrlich kombiniert)\u2026","rel":"","context":"In &quot;Kulinarisches&quot;","block_context":{"text":"Kulinarisches","link":"https:\/\/www.strickforum.de\/blog\/category\/7\/"},"img":{"alt_text":"Linzertorte","src":"https:\/\/i0.wp.com\/www.strickforum.de\/blog\/media\/1\/20051106-linzertorte.jpg?resize=350%2C200","width":350,"height":200},"classes":[]},{"id":892,"url":"https:\/\/www.strickforum.de\/blog\/apfelkuchen-mit-nussbaiser\/","url_meta":{"origin":3453,"position":3},"title":"Apfelkuchen mit Nussbaiser","author":"Admin","date":"31. Januar 2010","format":false,"excerpt":"Dieses Rezept ist eine Eigenentwicklung, und ich schreibe es hier auf, damit ich es nicht wieder vergesse. Es schmeckt n\u00e4mlich sehr gut, und ich m\u00f6chte es bestimmt noch einmal backen, dann vielleicht mit kleinen Abwandlungen. Der Kuchen besteht aus drei Schichten, einem Boden aus M\u00fcrbteig, einer F\u00fcllung aus anged\u00fcnsteten \u00c4pfeln\u2026","rel":"","context":"In &quot;Kulinarisches&quot;","block_context":{"text":"Kulinarisches","link":"https:\/\/www.strickforum.de\/blog\/category\/7\/"},"img":{"alt_text":"Apfelkuchen mit Nussbaiser","src":"https:\/\/i0.wp.com\/www.strickforum.de\/blog\/media\/1\/20100131-apfelkuchen_nussbaiser.jpg?resize=350%2C200","width":350,"height":200},"classes":[]},{"id":897,"url":"https:\/\/www.strickforum.de\/blog\/bananen-tarte\/","url_meta":{"origin":3453,"position":4},"title":"Bananen-Tarte","author":"Admin","date":"15. Februar 2010","format":false,"excerpt":"Fast h\u00e4tte ich vergessen, den Kuchen vom Wochenende zu erw\u00e4hnen. Es war wieder einmal eine Eigenkreation. Ich wollte bei dem tr\u00fcben winterlichen Wetter etwas Exotisches backen, das trotzdem mit \u00fcberall erh\u00e4ltlichen Zutaten zuzubereiten ist. Voil\u00e0 eine Bananen-Tarte mit M\u00fcrbeteigboden und einer F\u00fcllung aus p\u00fcrierten Bananen. Zutaten f\u00fcr den Boden: 210\u2026","rel":"","context":"In &quot;Kulinarisches&quot;","block_context":{"text":"Kulinarisches","link":"https:\/\/www.strickforum.de\/blog\/category\/7\/"},"img":{"alt_text":"Bananentarte","src":"https:\/\/i0.wp.com\/www.strickforum.de\/blog\/media\/1\/20100215-bananentarte.jpg?resize=350%2C200","width":350,"height":200},"classes":[]},{"id":2544,"url":"https:\/\/www.strickforum.de\/blog\/pfirsich-tarte\/","url_meta":{"origin":3453,"position":5},"title":"Pfirsich-Tarte","author":"Admin","date":"14. Juli 2018","format":false,"excerpt":"Es ist Sommer und Pfirsichzeit, deshalb habe ich dieses Wochenende etwas mit Pfirsichen gebacken. Basis war mein bew\u00e4hrter M\u00fcrbeteig, darauf kamen frische Fr\u00fcchte und ein Guss aus Schmand und Eiern. Hier mein Rezept f\u00fcr eine Tarte-Form von 26-28 cm Durchmesser: F\u00fcr den Teig: 200 g Mehl 80 g Zucker 1\u2026","rel":"","context":"In &quot;Kulinarisches&quot;","block_context":{"text":"Kulinarisches","link":"https:\/\/www.strickforum.de\/blog\/category\/7\/"},"img":{"alt_text":"Pfirsich-Tarte","src":"https:\/\/i0.wp.com\/www.strickforum.de\/blog\/wp-content\/uploads\/2018\/07\/pfirsich-tarte.jpg?resize=350%2C200","width":350,"height":200,"srcset":"https:\/\/i0.wp.com\/www.strickforum.de\/blog\/wp-content\/uploads\/2018\/07\/pfirsich-tarte.jpg?resize=350%2C200 1x, https:\/\/i0.wp.com\/www.strickforum.de\/blog\/wp-content\/uploads\/2018\/07\/pfirsich-tarte.jpg?resize=525%2C300 1.5x, https:\/\/i0.wp.com\/www.strickforum.de\/blog\/wp-content\/uploads\/2018\/07\/pfirsich-tarte.jpg?resize=700%2C400 2x"},"classes":[]}],"_links":{"self":[{"href":"https:\/\/www.strickforum.de\/blog\/wp-json\/wp\/v2\/posts\/3453","targetHints":{"allow":["GET"]}}],"collection":[{"href":"https:\/\/www.strickforum.de\/blog\/wp-json\/wp\/v2\/posts"}],"about":[{"href":"https:\/\/www.strickforum.de\/blog\/wp-json\/wp\/v2\/types\/post"}],"author":[{"embeddable":true,"href":"https:\/\/www.strickforum.de\/blog\/wp-json\/wp\/v2\/users\/3"}],"replies":[{"embeddable":true,"href":"https:\/\/www.strickforum.de\/blog\/wp-json\/wp\/v2\/comments?post=3453"}],"version-history":[{"count":1,"href":"https:\/\/www.strickforum.de\/blog\/wp-json\/wp\/v2\/posts\/3453\/revisions"}],"predecessor-version":[{"id":3455,"href":"https:\/\/www.strickforum.de\/blog\/wp-json\/wp\/v2\/posts\/3453\/revisions\/3455"}],"wp:attachment":[{"href":"https:\/\/www.strickforum.de\/blog\/wp-json\/wp\/v2\/media?parent=3453"}],"wp:term":[{"taxonomy":"category","embeddable":true,"href":"https:\/\/www.strickforum.de\/blog\/wp-json\/wp\/v2\/categories?post=3453"},{"taxonomy":"post_tag","embeddable":true,"href":"https:\/\/www.strickforum.de\/blog\/wp-json\/wp\/v2\/tags?post=3453"}],"curies":[{"name":"wp","href":"https:\/\/api.w.org\/{rel}","templated":true}]}}