{"id":355,"date":"2008-03-11T11:01:06","date_gmt":"2008-03-11T10:01:06","guid":{"rendered":"http:\/\/www.strickforum.de\/blog\/?p=355"},"modified":"2008-03-11T11:01:06","modified_gmt":"2008-03-11T10:01:06","slug":"wollschaf-dienstagsfrage-wool-sheeps-tuesday-question-112008","status":"publish","type":"post","link":"https:\/\/www.strickforum.de\/blog\/wollschaf-dienstagsfrage-wool-sheeps-tuesday-question-112008\/","title":{"rendered":"Wollschaf-Dienstagsfrage &#8211; Wool Sheep&#8217;s Tuesday question 11\/2008"},"content":{"rendered":"<p><b>Wei\u00dft du noch, was das erste Strickblog war, das dir \u00fcber den Weg gelaufen ist? Und wie lange hat es gedauert vom Entdecken der Strickblogwelt bis zum eigenen Blog?<br \/>\nVielen Dank an <a href=\"http:\/\/liesestrickt.blogger.de\/\">Eva Liese<\/a>  (und das <a href=\"http:\/\/board.stricknetz.net\/blog\/das-wollschaf\/index.php?showentry=2204\">Wollschaf<\/a>) f\u00fcr die heutige Frage!<\/b><br \/>\nDas erste Strickblog, du liebe G\u00fcte, war das wom\u00f6glich noch im letzten Jahrtausend? Ich kann mich nicht mehr erinnern. Das erste deutsche war m\u00f6glicherweise das von <a href=\"http:\/\/www.claudia-piemont.de\/\">Claudia Piemont<\/a>. Sie schrieb u.a. damals in der usenet-group maus.kreativ.handarbeiten mit, wie ich auch. Und diverse andere Strickerinnen, mit denen ich heute noch in Kontakt stehe. Ach ja, das waren noch Zeiten&#8230; Man f\u00fchlt sich wie Internet-Urgestein. \ud83d\ude09<br \/>\nMein eigenes Weblog habe ich erst vor drei Jahren, also relativ sp\u00e4t, begonnen. Ich hatte ja schon seit 1999 eine Website zu pflegen und wollte mich nicht zu sehr verzetteln.<\/p>\n<p><b>Can you remember the first knitting blog you came across? And how much time did it take from discovering the knitting blog world to opening up your own blog?<br \/>\nThank you <a href=\"http:\/\/liesestrickt.blogger.de\/\">Eva Liese<\/a> (and the <a href=\"http:\/\/board.stricknetz.net\/blog\/das-wollschaf\/index.php?showentry=2204\">Wool Sheep<\/a>) for today&#8217;s question!<\/b><br \/>\nThe first knitting blog, dear me, may be that was in the last millenium? I don&#8217;t remember. The first German blogger I noticed may have been <a href=\"http:\/\/www.claudia-piemont.de\/\">Claudia Piemont<\/a>. At that time she also participated in the usenet group maus.kreativ.handarbeiten, as did I. And several other knitters whom I&#8217;m still in contact with. Oh well, the good ol&#8217;times&#8230; I&#8217;m feeling like an internet dinosaur. \ud83d\ude09<br \/>\nMy own weblog was only started three years ago, rather belated, as since 1999 I already maintained my own website, and I did not want to lose focus on it.<\/p>\n","protected":false},"excerpt":{"rendered":"<p>Wei\u00dft du noch, was das erste Strickblog war, das dir \u00fcber den Weg gelaufen ist? Und wie lange hat es gedauert vom Entdecken der Strickblogwelt bis zum eigenen Blog? Vielen Dank an Eva Liese (und das Wollschaf) f\u00fcr die heutige Frage! Das erste Strickblog, du liebe G\u00fcte, war das wom\u00f6glich noch im letzten Jahrtausend? Ich &hellip; <a href=\"https:\/\/www.strickforum.de\/blog\/wollschaf-dienstagsfrage-wool-sheeps-tuesday-question-112008\/\" class=\"more-link\"><span class=\"screen-reader-text\">\u201eWollschaf-Dienstagsfrage &#8211; Wool Sheep&#8217;s Tuesday question 11\/2008\u201c <\/span>weiterlesen<\/a><\/p>\n","protected":false},"author":3,"featured_media":0,"comment_status":"open","ping_status":"open","sticky":false,"template":"","format":"standard","meta":{"_seopress_robots_primary_cat":"","_seopress_titles_title":"","_seopress_titles_desc":"","_seopress_robots_index":"","_crdt_document":"","jetpack_post_was_ever_published":false,"_jetpack_newsletter_access":"","_jetpack_dont_email_post_to_subs":false,"_jetpack_newsletter_tier_id":0,"_jetpack_memberships_contains_paywalled_content":false,"_jetpack_memberships_contains_paid_content":false,"footnotes":"","jetpack_publicize_message":"","jetpack_publicize_feature_enabled":true,"jetpack_social_post_already_shared":false,"jetpack_social_options":{"image_generator_settings":{"template":"highway","default_image_id":0,"font":"","enabled":false},"version":2}},"categories":[5],"tags":[],"class_list":["post-355","post","type-post","status-publish","format-standard","hentry","category-5"],"jetpack_publicize_connections":[],"jetpack_featured_media_url":"","jetpack_sharing_enabled":true,"jetpack_shortlink":"https:\/\/wp.me\/p7JbSI-5J","jetpack-related-posts":[{"id":1177,"url":"https:\/\/www.strickforum.de\/blog\/die-verstrickte-dienstagsfrage-212011\/","url_meta":{"origin":355,"position":0},"title":"Die verstrickte Dienstagsfrage 21\/2011","author":"Admin","date":"24. Mai 2011","format":false,"excerpt":"Das Wollschaf fragt heute: Wie pers\u00f6nlich soll Deiner Meinung nach ein Strickblog sein? Bevorzugst Du reine Strickblogs, in denen allenfalls noch \u00fcber verwandte T\u00e4tigkeiten (Spinnen, Weben, F\u00e4rben etc.) berichtet wird? Wie stehst Du zu Berichten \u00fcber die Familie, Beziehungen, Problemen, Kindern? Magst Du Blogs, in denen noch von anderen Themen\u2026","rel":"","context":"In &quot;Stricken&quot;","block_context":{"text":"Stricken","link":"https:\/\/www.strickforum.de\/blog\/category\/3\/"},"img":{"alt_text":"","src":"","width":0,"height":0},"classes":[]},{"id":1306,"url":"https:\/\/www.strickforum.de\/blog\/die-verstrickte-dienstagsfrage-32012\/","url_meta":{"origin":355,"position":1},"title":"Die verstrickte Dienstagsfrage 3\/2012","author":"Admin","date":"17. Januar 2012","format":false,"excerpt":"Das Wollschaf fragt diese Woche: In den letzten Tagen habe ich in skandinavischen und baltischen Strickblogs des \u00f6fteren gelesen, dass viele den \u201cVorwand\u201d der Jahreszahl 2012 nehmen wollen, um besondere Projektreihen zu starten: Einige haben sich f\u00fcr 2012 vorgenommen, in 12 Monaten 20 Sockenpaare stricken, andere 12 Pullover in 12\u2026","rel":"","context":"In &quot;Stricken&quot;","block_context":{"text":"Stricken","link":"https:\/\/www.strickforum.de\/blog\/category\/3\/"},"img":{"alt_text":"","src":"","width":0,"height":0},"classes":[]},{"id":1728,"url":"https:\/\/www.strickforum.de\/blog\/die-verstrickte-dienstagsfrage-82014\/","url_meta":{"origin":355,"position":2},"title":"Die verstrickte Dienstagsfrage 8\/2014","author":"Admin","date":"18. Februar 2014","format":false,"excerpt":"Diese Woche schreibt das Wollschaf: Ich stricke von Hand und lese sehr gerne Strickblogs. In einigen wird vom Stricken mit Maschinen berichtet. Ich sehe Schals und oft auch Pullover etc. Nun meine Frage\/Fragen dazu. Was spricht f\u00fcr eine Maschine, was dagegen, was geht nicht mit einer Maschine, f\u00fcr welche Stricktechniken\u2026","rel":"","context":"In &quot;Stricken&quot;","block_context":{"text":"Stricken","link":"https:\/\/www.strickforum.de\/blog\/category\/3\/"},"img":{"alt_text":"","src":"","width":0,"height":0},"classes":[]},{"id":1821,"url":"https:\/\/www.strickforum.de\/blog\/die-verstrickte-dienstagsfrage-362014\/","url_meta":{"origin":355,"position":3},"title":"Die verstrickte Dienstagsfrage 36\/2014","author":"Admin","date":"2. September 2014","format":false,"excerpt":"Diese Woche kommt die Wollschaf-Frage von Maresa: Hi liebes Wollschaf! Beim H\u00e4keln in Runden, mit Kettmasche in die erste Masche der Vorrunde, habe ich immer das Problem, da\u00df die Naht ganz schief wird. Egal ob ich die Luftmasche als erste Masche z\u00e4hle und erst in der zweiten Masche beginne, oder\u2026","rel":"","context":"In &quot;Stricken&quot;","block_context":{"text":"Stricken","link":"https:\/\/www.strickforum.de\/blog\/category\/3\/"},"img":{"alt_text":"","src":"","width":0,"height":0},"classes":[]},{"id":474,"url":"https:\/\/www.strickforum.de\/blog\/die-verstrickte-dienstagsfrage-the-wool-sheeps-question-322008\/","url_meta":{"origin":355,"position":4},"title":"Die verstrickte Dienstagsfrage &#8211; the Wool Sheep&#8217;s question 32\/2008","author":"Admin","date":"5. August 2008","format":false,"excerpt":"Beim Wollschaf wird gefragt: huhu liebes wollschaf........ich bin ja noch nicht sooo lange unter den Sockenstrickern.......mich w\u00fcrde mal interessieren.... ...an alle Wollef\u00e4rber...wonach sucht ihr die Namen f\u00fcr euren Strang aus ?.....ist erst der Name da....dann die Farbidee....oder erst der Strang...und dann der Name ?..... ich w\u00fcrde mich freuen...wenn das einen\u2026","rel":"","context":"In &quot;Stricken&quot;","block_context":{"text":"Stricken","link":"https:\/\/www.strickforum.de\/blog\/category\/3\/"},"img":{"alt_text":"","src":"","width":0,"height":0},"classes":[]},{"id":276,"url":"https:\/\/www.strickforum.de\/blog\/huchjeh-das-wollschaf\/","url_meta":{"origin":355,"position":5},"title":"Huchjeh, das Wollschaf!","author":"Admin","date":"11. September 2007","format":false,"excerpt":"Meine G\u00fcte, da ist die eigene Frage beim Wollschaf drin, und man vergisst es und vergisst auch noch das Antworten. Also jetzt. Hast du schon von dem \u201cFluch\u201d geh\u00f6rt, dass eine Beziehung angeblich kaputt geht, wenn man seinem Partner zu fr\u00fch einen Pullover strickt? Ist bei dir schon einmal eine\u2026","rel":"","context":"In &quot;Stricken&quot;","block_context":{"text":"Stricken","link":"https:\/\/www.strickforum.de\/blog\/category\/3\/"},"img":{"alt_text":"","src":"","width":0,"height":0},"classes":[]}],"_links":{"self":[{"href":"https:\/\/www.strickforum.de\/blog\/wp-json\/wp\/v2\/posts\/355","targetHints":{"allow":["GET"]}}],"collection":[{"href":"https:\/\/www.strickforum.de\/blog\/wp-json\/wp\/v2\/posts"}],"about":[{"href":"https:\/\/www.strickforum.de\/blog\/wp-json\/wp\/v2\/types\/post"}],"author":[{"embeddable":true,"href":"https:\/\/www.strickforum.de\/blog\/wp-json\/wp\/v2\/users\/3"}],"replies":[{"embeddable":true,"href":"https:\/\/www.strickforum.de\/blog\/wp-json\/wp\/v2\/comments?post=355"}],"version-history":[{"count":0,"href":"https:\/\/www.strickforum.de\/blog\/wp-json\/wp\/v2\/posts\/355\/revisions"}],"wp:attachment":[{"href":"https:\/\/www.strickforum.de\/blog\/wp-json\/wp\/v2\/media?parent=355"}],"wp:term":[{"taxonomy":"category","embeddable":true,"href":"https:\/\/www.strickforum.de\/blog\/wp-json\/wp\/v2\/categories?post=355"},{"taxonomy":"post_tag","embeddable":true,"href":"https:\/\/www.strickforum.de\/blog\/wp-json\/wp\/v2\/tags?post=355"}],"curies":[{"name":"wp","href":"https:\/\/api.w.org\/{rel}","templated":true}]}}