{"id":3683,"date":"2023-11-23T11:24:50","date_gmt":"2023-11-23T10:24:50","guid":{"rendered":"https:\/\/www.strickforum.de\/blog\/?p=3683"},"modified":"2023-11-23T11:24:52","modified_gmt":"2023-11-23T10:24:52","slug":"keine-lust-mehr","status":"publish","type":"post","link":"https:\/\/www.strickforum.de\/blog\/keine-lust-mehr\/","title":{"rendered":"Keine Lust mehr"},"content":{"rendered":"\n<p class=\"wp-block-paragraph\">Nein, keine Panik; zum Stricken habe ich immer noch Lust. Aber den <a href=\"https:\/\/www.ravelry.com\/patterns\/library\/compleat-cowl\" target=\"_blank\" rel=\"noreferrer noopener\">ComPLEAT Cowl<\/a> habe ich aus verschiedenen Gr\u00fcnden vorgestern beendet.<\/p>\n\n\n\n<!--more-->\n\n\n\n<p class=\"wp-block-paragraph\">Ein Grund war, dass mir dieses Projekt tats\u00e4chlich keinen Spa\u00df mehr machte. Es war h\u00f6chste Zeit f\u00fcr etwas anderes (auch wenn ich noch nicht genau wei\u00df, was). <br>Der zweite Grund: Das zweite Kn\u00e4uel war fast zu Ende, und ich war just an dem Punkt, an dem man f\u00fcr die flachere Version abkettet. <br>Und nat\u00fcrlich gibt es auch noch einen dritten Grund: Ich bin weder eine Giraffe noch ein Schwan; mit noch mehr H\u00f6he w\u00e4re der Loop zu volumin\u00f6s f\u00fcr mich geworden.<\/p>\n\n\n\n<figure class=\"wp-block-image size-large\"><img data-recalc-dims=\"1\" loading=\"lazy\" decoding=\"async\" width=\"840\" height=\"447\" data-attachment-id=\"3684\" data-permalink=\"https:\/\/www.strickforum.de\/blog\/keine-lust-mehr\/compleat-complete\/\" data-orig-file=\"https:\/\/i0.wp.com\/www.strickforum.de\/blog\/wp-content\/uploads\/2023\/11\/compleat-complete.jpg?fit=1500%2C798&amp;ssl=1\" data-orig-size=\"1500,798\" data-comments-opened=\"1\" data-image-meta=\"{&quot;aperture&quot;:&quot;2.4&quot;,&quot;credit&quot;:&quot;&quot;,&quot;camera&quot;:&quot;iPad Air (3rd generation)&quot;,&quot;caption&quot;:&quot;&quot;,&quot;created_timestamp&quot;:&quot;1700736176&quot;,&quot;copyright&quot;:&quot;&quot;,&quot;focal_length&quot;:&quot;3.3&quot;,&quot;iso&quot;:&quot;500&quot;,&quot;shutter_speed&quot;:&quot;0.0333333333333&quot;,&quot;title&quot;:&quot;&quot;,&quot;orientation&quot;:&quot;1&quot;}\" data-image-title=\"compleat-complete\" data-image-description=\"\" data-image-caption=\"\" data-large-file=\"https:\/\/i0.wp.com\/www.strickforum.de\/blog\/wp-content\/uploads\/2023\/11\/compleat-complete.jpg?fit=840%2C447&amp;ssl=1\" src=\"https:\/\/i0.wp.com\/www.strickforum.de\/blog\/wp-content\/uploads\/2023\/11\/compleat-complete.jpg?resize=840%2C447&#038;ssl=1\" alt=\"\" class=\"wp-image-3684\" srcset=\"https:\/\/i0.wp.com\/www.strickforum.de\/blog\/wp-content\/uploads\/2023\/11\/compleat-complete.jpg?resize=1024%2C545&amp;ssl=1 1024w, https:\/\/i0.wp.com\/www.strickforum.de\/blog\/wp-content\/uploads\/2023\/11\/compleat-complete.jpg?resize=1000%2C532&amp;ssl=1 1000w, https:\/\/i0.wp.com\/www.strickforum.de\/blog\/wp-content\/uploads\/2023\/11\/compleat-complete.jpg?resize=768%2C409&amp;ssl=1 768w, https:\/\/i0.wp.com\/www.strickforum.de\/blog\/wp-content\/uploads\/2023\/11\/compleat-complete.jpg?resize=1200%2C638&amp;ssl=1 1200w, https:\/\/i0.wp.com\/www.strickforum.de\/blog\/wp-content\/uploads\/2023\/11\/compleat-complete.jpg?w=1500&amp;ssl=1 1500w\" sizes=\"auto, (max-width: 709px) 85vw, (max-width: 909px) 67vw, (max-width: 1362px) 62vw, 840px\" \/><\/figure>\n\n\n\n<p class=\"wp-block-paragraph\">Wie ihr sehen k\u00f6nnt, &#8222;faltet&#8220; sich das Ding recht h\u00fcbsch zu einer Art Pliss\u00e9e. Nach dem Waschen und Schleudern legte es sich mehr oder weniger automatisch zurecht; B\u00fcgeln war nicht n\u00f6tig.<\/p>\n\n\n\n<p class=\"wp-block-paragraph\">Gestrickt wurde der Schal mit einer 4-mm-Nadel aus 200 g 8fach-Sockenwolle von Hobbii mit einer Laufl\u00e4nge von 210 m auf 100 g. Wahrscheinlich ist es nicht gerade das allerweichste Garn, aber gl\u00fccklicherweise bin ich nicht besonders kratzempfindlich. Der Umfang betr\u00e4gt etwa 110 cm. Gefaltet ist das Ding 21 cm hoch, auseinander gezogen sind es etwa 30 cm. <\/p>\n\n\n\n<p class=\"wp-block-paragraph\">Es war interessant, dieses Muster zu stricken, aber ich w\u00fcrde mich nicht zu der Behauptung versteigen, dass dieser Loop ein &#8222;must-have&#8220; ist. Was herauskommt, ist letztlich ein Rundschal wie jeder andere. Dieser passt immerhin farblich gut in meine Garderobe, es ist klassisches &#8222;Rentner-Beige&#8220;.<\/p>\n","protected":false},"excerpt":{"rendered":"<p>Nein, keine Panik; zum Stricken habe ich immer noch Lust. Aber den ComPLEAT Cowl habe ich aus verschiedenen Gr\u00fcnden vorgestern beendet.<\/p>\n","protected":false},"author":3,"featured_media":0,"comment_status":"open","ping_status":"open","sticky":false,"template":"","format":"standard","meta":{"_seopress_robots_primary_cat":"","_seopress_titles_title":"","_seopress_titles_desc":"","_seopress_robots_index":"","_crdt_document":"","jetpack_post_was_ever_published":false,"_jetpack_newsletter_access":"","_jetpack_dont_email_post_to_subs":false,"_jetpack_newsletter_tier_id":0,"_jetpack_memberships_contains_paywalled_content":false,"_jetpack_memberships_contains_paid_content":false,"footnotes":"","jetpack_publicize_message":"","jetpack_publicize_feature_enabled":true,"jetpack_social_post_already_shared":true,"jetpack_social_options":{"image_generator_settings":{"template":"highway","default_image_id":0,"font":"","enabled":false},"version":2}},"categories":[6],"tags":[],"class_list":["post-3683","post","type-post","status-publish","format-standard","hentry","category-6"],"jetpack_publicize_connections":[],"jetpack_featured_media_url":"","jetpack_sharing_enabled":true,"jetpack_shortlink":"https:\/\/wp.me\/p7JbSI-Xp","jetpack-related-posts":[{"id":1022,"url":"https:\/\/www.strickforum.de\/blog\/die-verstrickte-dienstagsfrage-382010\/","url_meta":{"origin":3683,"position":0},"title":"Die verstrickte Dienstagsfrage 38\/2010","author":"Admin","date":"21. September 2010","format":false,"excerpt":"Das Wollschaf fragt heute: Ist es euch schon einmal passiert, dass ihr euch voller Begeisterung an ein neues Teil gemacht habt, das ihr unbedingt haben wollt, und euch nach einem Drittel die Lust verlassen hat? Endet es zwangsl\u00e4ufig als Ufo, obwohl ihr es immer noch wollt? Oder beisst ihr euch\u2026","rel":"","context":"In &quot;Stricken&quot;","block_context":{"text":"Stricken","link":"https:\/\/www.strickforum.de\/blog\/category\/3\/"},"img":{"alt_text":"","src":"","width":0,"height":0},"classes":[]},{"id":1521,"url":"https:\/\/www.strickforum.de\/blog\/die-verstrickte-dienstagsfrage-82013\/","url_meta":{"origin":3683,"position":1},"title":"Die verstrickte Dienstagsfrage 8\/2013","author":"Admin","date":"19. Februar 2013","format":false,"excerpt":"Diese Woche fragt das Wollschaf: Irgendwann haben alle einmal das Stricken freiwillig oder durch einen Bildungsplan verordnet gelernt. Erinnert ihr euch noch, wie das war? Was machte euch die meisten Probleme? Wann fing es an, euch richtig zu packen? Vielen Dank an Michaela f\u00fcr die heutige Frage! Meine ersten Strickversuche\u2026","rel":"","context":"In &quot;Stricken&quot;","block_context":{"text":"Stricken","link":"https:\/\/www.strickforum.de\/blog\/category\/3\/"},"img":{"alt_text":"","src":"","width":0,"height":0},"classes":[]},{"id":1991,"url":"https:\/\/www.strickforum.de\/blog\/drei-gute-grunde\/","url_meta":{"origin":3683,"position":2},"title":"Drei gute Gr\u00fcnde","author":"Admin","date":"13. Mai 2016","format":false,"excerpt":"Bekanntlich ribble ich au\u00dferordentlich ungern. Lieber verbringe ich eine Stunde damit, einen Fehler im Gestrick auf andere Weise zu beseitigen, als dass ich mehrere Reihen oder Runden komplett wieder aufziehe. Diesmal hat's mich aber voll erwischt. Derzeit stricke ich an der \u00e4rmellosen Tunika \u201cDonnaRocco\u201d von Birgit Freyer. Sie besteht aus\u2026","rel":"","context":"In &quot;Stricken&quot;","block_context":{"text":"Stricken","link":"https:\/\/www.strickforum.de\/blog\/category\/3\/"},"img":{"alt_text":"","src":"","width":0,"height":0},"classes":[]},{"id":1684,"url":"https:\/\/www.strickforum.de\/blog\/ich-mag-pullover\/","url_meta":{"origin":3683,"position":3},"title":"Ich mag Pullover","author":"Admin","date":"15. Dezember 2013","format":false,"excerpt":"Es gibt Strickerinnen mit jahrelanger Erfahrung und Mut zu komplizierten Mustern, die sich aber noch nie an ein gr\u00f6\u00dferes Strickteil wie einen Pullover oder eine Jacke herangetraut haben. Ich kann nur mutma\u00dfen, weshalb das so ist. Vielleicht trauen sie sich nicht gen\u00fcgend Durchhalteverm\u00f6gen zu, um ein gro\u00dfes Strickst\u00fcck auch tats\u00e4chlich\u2026","rel":"","context":"In &quot;Stricken&quot;","block_context":{"text":"Stricken","link":"https:\/\/www.strickforum.de\/blog\/category\/3\/"},"img":{"alt_text":"","src":"","width":0,"height":0},"classes":[]},{"id":1377,"url":"https:\/\/www.strickforum.de\/blog\/krcks\/","url_meta":{"origin":3683,"position":4},"title":"Krcks!","author":"Admin","date":"19. Mai 2012","format":false,"excerpt":"Manche Sachen wollen einfach nicht gestrickt werden. Und um das zu erreichen, ziehen sie alle Register. So sabotierte ein Vorderteil im Rippenmuster auf meiner Strickmaschine mehrmals meine Bem\u00fchungen, es entstehen zu lassen. Versuch 1: Wickelanschlag 2rechts 2links \u00fcber knapp 150 Nadeln auf der Strickmaschine. Keine Kunst, m\u00f6chte man meinen. Aber\u2026","rel":"","context":"In &quot;Stricken&quot;","block_context":{"text":"Stricken","link":"https:\/\/www.strickforum.de\/blog\/category\/3\/"},"img":{"alt_text":"","src":"","width":0,"height":0},"classes":[]},{"id":3772,"url":"https:\/\/www.strickforum.de\/blog\/i-cord-anschlag-leicht-modifiziert\/","url_meta":{"origin":3683,"position":5},"title":"I-cord-Anschlag, leicht modifiziert","author":"Admin","date":"5. Juni 2024","format":false,"excerpt":"Derzeit stricke ich am zweiten Tuch des Stephen-West-YAL, und es begann nat\u00fcrlich wieder mit einem i-cord-Tab. Herr West scheint den zu lieben. Diesmal sollten es 30 Reihen\/Runden sein. Nach dem dritten Hin\u00fcberheben der Maschen von der rechten auf die linke Nadelspitze riss mir mit einem lautlosen Knall der Geduldsfaden. Dieses\u2026","rel":"","context":"In &quot;Stricken&quot;","block_context":{"text":"Stricken","link":"https:\/\/www.strickforum.de\/blog\/category\/3\/"},"img":{"alt_text":"","src":"","width":0,"height":0},"classes":[]}],"_links":{"self":[{"href":"https:\/\/www.strickforum.de\/blog\/wp-json\/wp\/v2\/posts\/3683","targetHints":{"allow":["GET"]}}],"collection":[{"href":"https:\/\/www.strickforum.de\/blog\/wp-json\/wp\/v2\/posts"}],"about":[{"href":"https:\/\/www.strickforum.de\/blog\/wp-json\/wp\/v2\/types\/post"}],"author":[{"embeddable":true,"href":"https:\/\/www.strickforum.de\/blog\/wp-json\/wp\/v2\/users\/3"}],"replies":[{"embeddable":true,"href":"https:\/\/www.strickforum.de\/blog\/wp-json\/wp\/v2\/comments?post=3683"}],"version-history":[{"count":3,"href":"https:\/\/www.strickforum.de\/blog\/wp-json\/wp\/v2\/posts\/3683\/revisions"}],"predecessor-version":[{"id":3687,"href":"https:\/\/www.strickforum.de\/blog\/wp-json\/wp\/v2\/posts\/3683\/revisions\/3687"}],"wp:attachment":[{"href":"https:\/\/www.strickforum.de\/blog\/wp-json\/wp\/v2\/media?parent=3683"}],"wp:term":[{"taxonomy":"category","embeddable":true,"href":"https:\/\/www.strickforum.de\/blog\/wp-json\/wp\/v2\/categories?post=3683"},{"taxonomy":"post_tag","embeddable":true,"href":"https:\/\/www.strickforum.de\/blog\/wp-json\/wp\/v2\/tags?post=3683"}],"curies":[{"name":"wp","href":"https:\/\/api.w.org\/{rel}","templated":true}]}}