{"id":370,"date":"2008-04-08T07:41:39","date_gmt":"2008-04-08T05:41:39","guid":{"rendered":"http:\/\/www.strickforum.de\/blog\/?p=370"},"modified":"2008-04-08T07:41:39","modified_gmt":"2008-04-08T05:41:39","slug":"die-verstrickte-dienstagsfrage-152008","status":"publish","type":"post","link":"https:\/\/www.strickforum.de\/blog\/die-verstrickte-dienstagsfrage-152008\/","title":{"rendered":"Die verstrickte Dienstagsfrage 15\/2008"},"content":{"rendered":"<p>Das <a href=\"http:\/\/board.stricknetz.net\/blog\/das-wollschaf\/index.php?\">Wollschaf<\/a> fragt:<\/p>\n<p><b>Habt ihr t\u00e4glich etwas selbstgestricktes an? Wieviele selbstgestrickte Teile habt ihr schon gleichzeitig angehabt, also Schal, M\u00fctze, Handschuhe, Socken, Pulli usw. <br \/>\nVielen Dank an <a href=\"http:\/\/tinasstrickkiste.blogger.de\/\">Martina<\/a> f\u00fcr die heutige Frage!<\/b><br \/>\nMeine Standardgarderobe sind lange Hosen und T-Shirt\/Top, dar\u00fcber ein der Jahreszeit angemessener Pullover oder eine Jacke und selbstgestrickte Socken. Ich bin ein Fan von k\u00fchlen R\u00e4umen (20\u00b0 sind okay), und wenn man dann nur sitzt und arbeitet oder strickt, braucht man etwas zum Dr\u00fcberziehen. <br \/>\nDie Menge der Stricksachen, die ich auf einmal trage, habe ich noch nie gez\u00e4hlt. Wenn ich im Winter drau\u00dfen bin, k\u00f6nnte da schon einiges zusammenkommen.<\/p>\n","protected":false},"excerpt":{"rendered":"<p>Das Wollschaf fragt: Habt ihr t\u00e4glich etwas selbstgestricktes an? Wieviele selbstgestrickte Teile habt ihr schon gleichzeitig angehabt, also Schal, M\u00fctze, Handschuhe, Socken, Pulli usw. Vielen Dank an Martina f\u00fcr die heutige Frage! Meine Standardgarderobe sind lange Hosen und T-Shirt\/Top, dar\u00fcber ein der Jahreszeit angemessener Pullover oder eine Jacke und selbstgestrickte Socken. Ich bin ein Fan &hellip; <a href=\"https:\/\/www.strickforum.de\/blog\/die-verstrickte-dienstagsfrage-152008\/\" class=\"more-link\"><span class=\"screen-reader-text\">\u201eDie verstrickte Dienstagsfrage 15\/2008\u201c <\/span>weiterlesen<\/a><\/p>\n","protected":false},"author":3,"featured_media":0,"comment_status":"open","ping_status":"open","sticky":false,"template":"","format":"standard","meta":{"_seopress_robots_primary_cat":"","_seopress_titles_title":"","_seopress_titles_desc":"","_seopress_robots_index":"","_crdt_document":"","jetpack_post_was_ever_published":false,"_jetpack_newsletter_access":"","_jetpack_dont_email_post_to_subs":false,"_jetpack_newsletter_tier_id":0,"_jetpack_memberships_contains_paywalled_content":false,"_jetpack_memberships_contains_paid_content":false,"footnotes":"","jetpack_publicize_message":"","jetpack_publicize_feature_enabled":true,"jetpack_social_post_already_shared":false,"jetpack_social_options":{"image_generator_settings":{"template":"highway","default_image_id":0,"font":"","enabled":false},"version":2}},"categories":[6],"tags":[],"class_list":["post-370","post","type-post","status-publish","format-standard","hentry","category-6"],"jetpack_publicize_connections":[],"jetpack_featured_media_url":"","jetpack_sharing_enabled":true,"jetpack_shortlink":"https:\/\/wp.me\/p7JbSI-5Y","jetpack-related-posts":[{"id":1541,"url":"https:\/\/www.strickforum.de\/blog\/die-verstrickte-dienstagsfrage-142013\/","url_meta":{"origin":370,"position":0},"title":"Die verstrickte Dienstagsfrage 14\/2013","author":"Admin","date":"2. April 2013","format":false,"excerpt":"Diese Woche fragt das Wollschaf: Die letzten M\u00fctzen sind gestrickt, die ersten Handschuhe schon wieder verloren. Und jetzt? Welche Projekte habt Ihr Euch f\u00fcr die warme Jahreszeit vorgenommen? Vielen Dank an \u201cTee & Kekse\u201d f\u00fcr die heutige Frage! Stricktechnisch wird's bei mir nie langweilig, egal welche Jahreszeit der Kalender oder\u2026","rel":"","context":"In &quot;Stricken&quot;","block_context":{"text":"Stricken","link":"https:\/\/www.strickforum.de\/blog\/category\/3\/"},"img":{"alt_text":"","src":"","width":0,"height":0},"classes":[]},{"id":760,"url":"https:\/\/www.strickforum.de\/blog\/die-verstrickte-dienstagsfrage-312009\/","url_meta":{"origin":370,"position":1},"title":"Die verstrickte Dienstagsfrage 31\/2009","author":"Admin","date":"28. Juli 2009","format":false,"excerpt":"Das Wollschaf fragt: Tr\u00e4gst Du jetzt gerade - w\u00e4hrend Du diese Frage liest - etwas Selbstgestricktes? Und wenn ja - was denn? Wenn nein - warum denn nicht? Gibt es ein Foto? Zeig! Herzlichen Dank an Angela f\u00fcr die heutige Frage! Ja, ich trage etwas Selbstgestricktes. Zum einen langweilige einfarbig\u2026","rel":"","context":"In &quot;Stricken&quot;","block_context":{"text":"Stricken","link":"https:\/\/www.strickforum.de\/blog\/category\/3\/"},"img":{"alt_text":"Ekeby von Cornelia Tuttle Hamilton","src":"https:\/\/i0.wp.com\/www.strickforum.de\/blog\/media\/1\/20080831-ekeby_flash.jpg?resize=350%2C200","width":350,"height":200},"classes":[]},{"id":1064,"url":"https:\/\/www.strickforum.de\/blog\/die-verstrickte-dienstagsfrage-472010\/","url_meta":{"origin":370,"position":2},"title":"Die verstrickte Dienstagsfrage 47\/2010","author":"Admin","date":"23. November 2010","format":false,"excerpt":"Das Wollschaf fragt heute: Tragt Ihr im Winter M\u00fctzen oder andere Kopfbedeckungen? Selbstgeh\u00e4kelt? Selbstgestrickt? Gefilzt? Oder gekauft? Wenn Ihr selbstgemachte Kopfbedeckungen tragt \u2013 fertigt Ihr die nach Anleitung oder einfach aus dem Kopf, so wie Ihr denkt? Vielen Dank an Monika f\u00fcr die heutige Frage! Ja, ich trage M\u00fctzen, wenn's\u2026","rel":"","context":"In &quot;Stricken&quot;","block_context":{"text":"Stricken","link":"https:\/\/www.strickforum.de\/blog\/category\/3\/"},"img":{"alt_text":"","src":"","width":0,"height":0},"classes":[]},{"id":656,"url":"https:\/\/www.strickforum.de\/blog\/die-verstrickte-dienstagsfrage-102009\/","url_meta":{"origin":370,"position":3},"title":"Die verstrickte Dienstagsfrage 10\/2009","author":"Admin","date":"3. M\u00e4rz 2009","format":false,"excerpt":"Das Wollschaf fragt: ich habe gerade in einem Blog eine Schublade mit selbstgestrickten Socken gesehen. Weil dort einige zusammengelegt waren und andere nur aufeinander gelegt waren meine Frage nun.Wie macht ihr das, legt ihr die selbstgestrickten Socke einfach nur aufeinander, oder legt ihr so zusammen wie ihr das bei den\u2026","rel":"","context":"In &quot;Allgemeines&quot;","block_context":{"text":"Allgemeines","link":"https:\/\/www.strickforum.de\/blog\/category\/1\/"},"img":{"alt_text":"","src":"","width":0,"height":0},"classes":[]},{"id":1284,"url":"https:\/\/www.strickforum.de\/blog\/die-verstrickte-dienstagsfrage-512011\/","url_meta":{"origin":370,"position":4},"title":"Die verstrickte Dienstagsfrage 51\/2011","author":"Admin","date":"21. Dezember 2011","format":false,"excerpt":"Das Wollschaf fragte diesmal: Fertigt ihr gestrickte oder geh\u00e4kelte Weihnachtsgeschenke an? Wann fangt ihr damit an? Wieviel Zeit investiert ihr daf\u00fcr? Wer sind die Beschenkten? Vielen Dank an Reni f\u00fcr die heutige Frage! Meine Antwort kommt etwas sp\u00e4t, hoffentlich liest \u00fcberhaupt noch jemand mit. Im Prinzip und \u00fcber die Jahre\u2026","rel":"","context":"In &quot;Stricken&quot;","block_context":{"text":"Stricken","link":"https:\/\/www.strickforum.de\/blog\/category\/3\/"},"img":{"alt_text":"","src":"","width":0,"height":0},"classes":[]},{"id":770,"url":"https:\/\/www.strickforum.de\/blog\/die-verstrickte-dienstagsfrage-woche-33\/","url_meta":{"origin":370,"position":5},"title":"Die verstrickte Dienstagsfrage Woche 33","author":"Admin","date":"11. August 2009","format":false,"excerpt":"Das Wollschaf fragt: Habt Ihr schon einmal die Anleitung f\u00fcr ein Kleidungsst\u00fcck (im Gegensatz zu einem Tuch oder Schal, bei dem es auf die Passform nicht ankommt) v\u00f6llig selbst\u00e4ndig berechnet? Hat das Teil dann auch gepasst? Wie zufrieden wart Ihr mit dem Strickergebnis? Herzlichen Dank an Kerstin (upps, das bin\u2026","rel":"","context":"In &quot;Stricken&quot;","block_context":{"text":"Stricken","link":"https:\/\/www.strickforum.de\/blog\/category\/3\/"},"img":{"alt_text":"","src":"","width":0,"height":0},"classes":[]}],"_links":{"self":[{"href":"https:\/\/www.strickforum.de\/blog\/wp-json\/wp\/v2\/posts\/370","targetHints":{"allow":["GET"]}}],"collection":[{"href":"https:\/\/www.strickforum.de\/blog\/wp-json\/wp\/v2\/posts"}],"about":[{"href":"https:\/\/www.strickforum.de\/blog\/wp-json\/wp\/v2\/types\/post"}],"author":[{"embeddable":true,"href":"https:\/\/www.strickforum.de\/blog\/wp-json\/wp\/v2\/users\/3"}],"replies":[{"embeddable":true,"href":"https:\/\/www.strickforum.de\/blog\/wp-json\/wp\/v2\/comments?post=370"}],"version-history":[{"count":0,"href":"https:\/\/www.strickforum.de\/blog\/wp-json\/wp\/v2\/posts\/370\/revisions"}],"wp:attachment":[{"href":"https:\/\/www.strickforum.de\/blog\/wp-json\/wp\/v2\/media?parent=370"}],"wp:term":[{"taxonomy":"category","embeddable":true,"href":"https:\/\/www.strickforum.de\/blog\/wp-json\/wp\/v2\/categories?post=370"},{"taxonomy":"post_tag","embeddable":true,"href":"https:\/\/www.strickforum.de\/blog\/wp-json\/wp\/v2\/tags?post=370"}],"curies":[{"name":"wp","href":"https:\/\/api.w.org\/{rel}","templated":true}]}}