{"id":3971,"date":"2026-01-11T14:17:07","date_gmt":"2026-01-11T13:17:07","guid":{"rendered":"https:\/\/www.strickforum.de\/blog\/?p=3971"},"modified":"2026-01-11T14:17:09","modified_gmt":"2026-01-11T13:17:09","slug":"janina-kallio-tuecher-stricken-fuer-jede-jahreszeit","status":"publish","type":"post","link":"https:\/\/www.strickforum.de\/blog\/janina-kallio-tuecher-stricken-fuer-jede-jahreszeit\/","title":{"rendered":"Janina Kallio: &#8222;T\u00fccher stricken f\u00fcr jede Jahreszeit&#8220;"},"content":{"rendered":"\n<p class=\"wp-block-paragraph\">Janina Kallio ist eine finnische Strick-Designerin, die sich auf T\u00fccher in allen erdenklichen Formen spezialisiert hat. Ihre Entw\u00fcrfe sind von schlichter Eleganz, und die Farben, die sie einsetzt, sind zur\u00fcckhaltend.<\/p>\n\n\n\n<!--more-->\n\n\n\n<p class=\"wp-block-paragraph\">Ihre T\u00fccher bilden damit einen h\u00f6chst angenehmen Kontrast zu den schrillen Projekten, die beispielsweise Stephen Wests Markenzeichen sind. Auch deshalb wollte ich dieses Buch gern haben. Eine ausgewogene Strick-Bibliothek ben\u00f6tigt schlie\u00dflich einen gewissen Ausgleich zu Augenkrebs verursachenden Farbzusammenstellungen und absurden Musterkombinationen.<\/p>\n\n\n\n<p class=\"wp-block-paragraph\">Eine \u00dcbersicht aller im Buch enthaltenen T\u00fccher findet sich <a href=\"https:\/\/www.ravelry.com\/patterns\/sources\/lumoavat-neulehuivit\/patterns\" target=\"_blank\" rel=\"noreferrer noopener\">bei Ravelry<\/a>.  Damit bekommt man auch gleich einen Eindruck von Kallios Stil.<\/p>\n\n\n\n<div class=\"wp-block-columns is-layout-flex wp-container-core-columns-is-layout-8f761849 wp-block-columns-is-layout-flex\">\n<div class=\"wp-block-column is-layout-flow wp-block-column-is-layout-flow\">\n<figure class=\"wp-block-image size-full\"><img data-recalc-dims=\"1\" loading=\"lazy\" decoding=\"async\" width=\"500\" height=\"675\" data-attachment-id=\"3972\" data-permalink=\"https:\/\/www.strickforum.de\/blog\/janina-kallio-tuecher-stricken-fuer-jede-jahreszeit\/img_2094\/\" data-orig-file=\"https:\/\/i0.wp.com\/www.strickforum.de\/blog\/wp-content\/uploads\/2026\/01\/IMG_2094.jpg?fit=500%2C675&amp;ssl=1\" data-orig-size=\"500,675\" data-comments-opened=\"1\" data-image-meta=\"{&quot;aperture&quot;:&quot;0&quot;,&quot;credit&quot;:&quot;&quot;,&quot;camera&quot;:&quot;&quot;,&quot;caption&quot;:&quot;&quot;,&quot;created_timestamp&quot;:&quot;0&quot;,&quot;copyright&quot;:&quot;&quot;,&quot;focal_length&quot;:&quot;0&quot;,&quot;iso&quot;:&quot;0&quot;,&quot;shutter_speed&quot;:&quot;0&quot;,&quot;title&quot;:&quot;&quot;,&quot;orientation&quot;:&quot;0&quot;}\" data-image-title=\"IMG_2094\" data-image-description=\"\" data-image-caption=\"\" data-large-file=\"https:\/\/i0.wp.com\/www.strickforum.de\/blog\/wp-content\/uploads\/2026\/01\/IMG_2094.jpg?fit=500%2C675&amp;ssl=1\" src=\"https:\/\/i0.wp.com\/www.strickforum.de\/blog\/wp-content\/uploads\/2026\/01\/IMG_2094.jpg?resize=500%2C675&#038;ssl=1\" alt=\"\" class=\"wp-image-3972\"\/><\/figure>\n<\/div>\n\n\n\n<div class=\"wp-block-column is-layout-flow wp-block-column-is-layout-flow\">\n<p class=\"wp-block-paragraph\">Das Buch selbst (Hardcover, ISBN <br>9 783772 448140) ist eines der sch\u00f6nsten, die ich je in der Hand gehalten habe. <\/p>\n\n\n\n<p class=\"wp-block-paragraph\">Es \u00e4hnelt mehr einem luxuri\u00f6sen Bildband als einer Sammlung von Anleitungen. Jedes der 15 T\u00fccher wird als Ganzes und in vielen Details gezeigt, und erg\u00e4nzt wird das alles mit brillanten Fotos von Materialien und Zubeh\u00f6r, die die Gesamt-Stimmung aufnehmen und verst\u00e4rken.<\/p>\n<\/div>\n<\/div>\n\n\n\n<p class=\"wp-block-paragraph\"> Die verwendeten Garne sind mit Laufl\u00e4nge und Zusammensetzung angegeben, und f\u00fcr den Fall, dass das eine oder andere nicht erh\u00e4ltlich ist, sind Alternativen aufgef\u00fchrt.<\/p>\n\n\n\n<p class=\"wp-block-paragraph\">Bevor nun alle tuchverr\u00fcckten Leserinnen die Buchhandlungen st\u00fcrmen, m\u00f6chte ich hier den einzigen, aber f\u00fcr meine Begriffe gravierenden Nachteil dieser Sammlung nennen:<br>Im ganzen Buch findet sich nicht ein einziges Muster-Diagramm. Die Strickmuster sind zwar, von Ausnahmen abgesehen, nicht sonderlich komplex, aber weil sie gro\u00dffl\u00e4chig aneinandergesetzt sind und nat\u00fcrlich auch die jeweiligen Zunahmen enthalten, geht jede einzelne Anleitung \u00fcber mehrere Seiten Textw\u00fcste. Die Beschreibung von vier Krausreihen inklusive Zunahmen im Tuch <a href=\"https:\/\/www.ravelry.com\/patterns\/library\/malva-5\" target=\"_blank\" rel=\"noreferrer noopener\">&#8222;Wilde Malve&#8220;<\/a> beispielsweise nimmt eine Viertelseite ein. Und weil diese vier Reihen insgesamt f\u00fcnf Mal in diesem einen Tuch vorkommen, sind damit f\u00fcnf Viertelseiten schon mal belegt. Die acht Reihen Lochmuster dazwischen, die insgesamt vier Streifen bilden, erfordern jeweils gut eine halbe Seite Text.<\/p>\n\n\n\n<p class=\"wp-block-paragraph\">Die T\u00fccher im Buch sind wirklich ein Traum, und einige davon w\u00fcrde ich lieber heute als morgen anschlagen, zumal ich sicherlich geeignetes Garn in meinem Vorrat f\u00e4nde. Aber die Aussicht, mich durch Seiten \u00fcber Seiten von Text in Grau auf Wei\u00df zu qu\u00e4len, schreckt mich momentan ab. Zur\u00fcckschicken werde ich dieses Buch nicht, dazu ist es zu sch\u00f6n. Aber f\u00fcrs Erste kommt es ins Regal und nicht in den Strick-Korb.<\/p>\n","protected":false},"excerpt":{"rendered":"<p>Janina Kallio ist eine finnische Strick-Designerin, die sich auf T\u00fccher in allen erdenklichen Formen spezialisiert hat. Ihre Entw\u00fcrfe sind von schlichter Eleganz, und die Farben, die sie einsetzt, sind zur\u00fcckhaltend.<\/p>\n","protected":false},"author":3,"featured_media":0,"comment_status":"open","ping_status":"open","sticky":false,"template":"","format":"standard","meta":{"_seopress_robots_primary_cat":"","_seopress_titles_title":"","_seopress_titles_desc":"","_seopress_robots_index":"","_crdt_document":"","jetpack_post_was_ever_published":false,"_jetpack_newsletter_access":"","_jetpack_dont_email_post_to_subs":false,"_jetpack_newsletter_tier_id":0,"_jetpack_memberships_contains_paywalled_content":false,"_jetpack_memberships_contains_paid_content":false,"footnotes":"","jetpack_publicize_message":"","jetpack_publicize_feature_enabled":true,"jetpack_social_post_already_shared":true,"jetpack_social_options":{"image_generator_settings":{"template":"highway","default_image_id":0,"font":"","enabled":false},"version":2}},"categories":[9,6],"tags":[193,194,192],"class_list":["post-3971","post","type-post","status-publish","format-standard","hentry","category-9","category-6","tag-anleitungen","tag-kallio","tag-tuecher"],"jetpack_publicize_connections":[],"jetpack_featured_media_url":"","jetpack_sharing_enabled":true,"jetpack_shortlink":"https:\/\/wp.me\/p7JbSI-123","jetpack-related-posts":[{"id":2687,"url":"https:\/\/www.strickforum.de\/blog\/buch-shawls-von-melanie-berg\/","url_meta":{"origin":3971,"position":0},"title":"Buch &#8222;Shawls&#8220; von Melanie Berg","author":"Admin","date":"24. M\u00e4rz 2019","format":false,"excerpt":"(Dieser Beitrag enth\u00e4lt Werbung.) T\u00fccher aller Art sind seit Jahren bei Stricker*Innen beliebt. Es gibt diverse B\u00fccher dazu, teils allgemeiner Art, teils \u00fcber spezielle Stricktechniken. Und nun noch eines?! Ja, unbedingt! Dieses Buch ist n\u00e4mlich in mehrfacher Hinsicht etwas Besonderes. Deshalb freue ich mich auch sehr, dass der frechverlag es\u2026","rel":"","context":"In &quot;Buchkritiken&quot;","block_context":{"text":"Buchkritiken","link":"https:\/\/www.strickforum.de\/blog\/category\/8\/"},"img":{"alt_text":"Shawls - T\u00fccher stricken mit Stil von Melanie Berg","src":"https:\/\/i0.wp.com\/www.strickforum.de\/blog\/wp-content\/uploads\/2019\/03\/mairlynd-shawls.jpg?resize=350%2C200&ssl=1","width":350,"height":200,"srcset":"https:\/\/i0.wp.com\/www.strickforum.de\/blog\/wp-content\/uploads\/2019\/03\/mairlynd-shawls.jpg?resize=350%2C200&ssl=1 1x, https:\/\/i0.wp.com\/www.strickforum.de\/blog\/wp-content\/uploads\/2019\/03\/mairlynd-shawls.jpg?resize=525%2C300&ssl=1 1.5x, https:\/\/i0.wp.com\/www.strickforum.de\/blog\/wp-content\/uploads\/2019\/03\/mairlynd-shawls.jpg?resize=700%2C400&ssl=1 2x"},"classes":[]},{"id":3600,"url":"https:\/\/www.strickforum.de\/blog\/gestrickte-spueltuecher\/","url_meta":{"origin":3971,"position":1},"title":"Gestrickte Sp\u00fclt\u00fccher","author":"Admin","date":"21. April 2023","format":false,"excerpt":"Niemals h\u00e4tte ich vermutet, dass ich je in meinem Leben Sp\u00fclt\u00fccher stricken w\u00fcrde. Aber nun ist es tats\u00e4chlich passiert. Immerhin, sie sind nicht f\u00fcr mich gedacht. Eine meiner Strickfreundinnen hat eine heftige Baumwoll-Antipathie, was dazu f\u00fchrt, dass sie das Zeug nur sehr ungern verarbeitet. In ihrem Haushalt wurden aber dringend\u2026","rel":"","context":"In &quot;Stricken&quot;","block_context":{"text":"Stricken","link":"https:\/\/www.strickforum.de\/blog\/category\/3\/"},"img":{"alt_text":"","src":"https:\/\/i0.wp.com\/www.strickforum.de\/blog\/wp-content\/uploads\/2023\/04\/spueltuecher-1-2.jpg?resize=350%2C200&ssl=1","width":350,"height":200,"srcset":"https:\/\/i0.wp.com\/www.strickforum.de\/blog\/wp-content\/uploads\/2023\/04\/spueltuecher-1-2.jpg?resize=350%2C200&ssl=1 1x, https:\/\/i0.wp.com\/www.strickforum.de\/blog\/wp-content\/uploads\/2023\/04\/spueltuecher-1-2.jpg?resize=525%2C300&ssl=1 1.5x, https:\/\/i0.wp.com\/www.strickforum.de\/blog\/wp-content\/uploads\/2023\/04\/spueltuecher-1-2.jpg?resize=700%2C400&ssl=1 2x, https:\/\/i0.wp.com\/www.strickforum.de\/blog\/wp-content\/uploads\/2023\/04\/spueltuecher-1-2.jpg?resize=1050%2C600&ssl=1 3x, https:\/\/i0.wp.com\/www.strickforum.de\/blog\/wp-content\/uploads\/2023\/04\/spueltuecher-1-2.jpg?resize=1400%2C800&ssl=1 4x"},"classes":[]},{"id":2920,"url":"https:\/\/www.strickforum.de\/blog\/gespannt\/","url_meta":{"origin":3971,"position":2},"title":"Gespannt&#8230;","author":"Admin","date":"12. Februar 2020","format":false,"excerpt":"\u2026verfolge ich nicht nur die Landespolitik in Th\u00fcringen, wo ich lebe. Gespannt ist auch endlich ein Tuch, das ich vor zwei Monaten bereits abgekettet habe. Es handelt sich um \"Katha Mia\", ein Tuch-Entwurf von Birgit Freyer, f\u00fcr das im Juni vergangenen Jahres bei Ravelry ein Mystery Knitalong begann. Das Tuch\u2026","rel":"","context":"In &quot;Stricken&quot;","block_context":{"text":"Stricken","link":"https:\/\/www.strickforum.de\/blog\/category\/3\/"},"img":{"alt_text":"Tuch \"Katha Mia\", gespannt","src":"https:\/\/i0.wp.com\/www.strickforum.de\/blog\/wp-content\/uploads\/2020\/02\/katha-mia_700.jpg?resize=350%2C200&ssl=1","width":350,"height":200,"srcset":"https:\/\/i0.wp.com\/www.strickforum.de\/blog\/wp-content\/uploads\/2020\/02\/katha-mia_700.jpg?resize=350%2C200&ssl=1 1x, https:\/\/i0.wp.com\/www.strickforum.de\/blog\/wp-content\/uploads\/2020\/02\/katha-mia_700.jpg?resize=525%2C300&ssl=1 1.5x, https:\/\/i0.wp.com\/www.strickforum.de\/blog\/wp-content\/uploads\/2020\/02\/katha-mia_700.jpg?resize=700%2C400&ssl=1 2x"},"classes":[]},{"id":3724,"url":"https:\/\/www.strickforum.de\/blog\/tausend-kurze-reihen\/","url_meta":{"origin":3971,"position":3},"title":"Tausend kurze Reihen","author":"Admin","date":"13. M\u00e4rz 2024","format":false,"excerpt":"So viele d\u00fcrften es in etwa sein. Ich k\u00e4mpfe mich durch die Bord\u00fcre des \"Glittering Snowscapes\" Tuchs, mit dem ich mich an einem Knit-Along beteiligte und das ich schon vor Weihnachten angefangen hatte. Mit den ersten 17 Abschnitten des Tuchs kam ich noch ganz gut voran, aber der letzte Teil\u2026","rel":"","context":"In &quot;Stricken&quot;","block_context":{"text":"Stricken","link":"https:\/\/www.strickforum.de\/blog\/category\/3\/"},"img":{"alt_text":"","src":"https:\/\/i0.wp.com\/www.strickforum.de\/blog\/wp-content\/uploads\/2024\/03\/snowscape-zacken.jpg?resize=350%2C200&ssl=1","width":350,"height":200,"srcset":"https:\/\/i0.wp.com\/www.strickforum.de\/blog\/wp-content\/uploads\/2024\/03\/snowscape-zacken.jpg?resize=350%2C200&ssl=1 1x, https:\/\/i0.wp.com\/www.strickforum.de\/blog\/wp-content\/uploads\/2024\/03\/snowscape-zacken.jpg?resize=525%2C300&ssl=1 1.5x, https:\/\/i0.wp.com\/www.strickforum.de\/blog\/wp-content\/uploads\/2024\/03\/snowscape-zacken.jpg?resize=700%2C400&ssl=1 2x, https:\/\/i0.wp.com\/www.strickforum.de\/blog\/wp-content\/uploads\/2024\/03\/snowscape-zacken.jpg?resize=1050%2C600&ssl=1 3x, https:\/\/i0.wp.com\/www.strickforum.de\/blog\/wp-content\/uploads\/2024\/03\/snowscape-zacken.jpg?resize=1400%2C800&ssl=1 4x"},"classes":[]},{"id":58,"url":"https:\/\/www.strickforum.de\/blog\/ein-dreiecktuch-stricken\/","url_meta":{"origin":3971,"position":4},"title":"Ein Dreiecktuch stricken","author":"Admin","date":"2. September 2005","format":false,"excerpt":"Nein, ich habe meine Ansicht nicht ge\u00e4ndert. Nach wie vor halte ich Dreieckt\u00fccher f\u00fcr ausgesprochen unpraktische Kleidungsst\u00fccke. Zu ihren wenigen Vorteilen geh\u00f6rt, da\u00df sie im allgemeinen auch dann noch passen, wenn man stark an Gewicht zu- oder abnimmt, und da\u00df manche von ihnen so simpel zu stricken sind, da\u00df man\u2026","rel":"","context":"In &quot;Stricken&quot;","block_context":{"text":"Stricken","link":"https:\/\/www.strickforum.de\/blog\/category\/3\/"},"img":{"alt_text":"kraus gestricktes Dreiecktuch mit Zunahmen in der Mitte","src":"https:\/\/i0.wp.com\/www.strickforum.de\/blog\/media\/1\/20050901-dreiecktuch.jpg?resize=350%2C200","width":350,"height":200},"classes":[]},{"id":969,"url":"https:\/\/www.strickforum.de\/blog\/die-verstrickte-dienstagsfrage-252010\/","url_meta":{"origin":3971,"position":5},"title":"Die verstrickte Dienstagsfrage 25\/2010","author":"Admin","date":"22. Juni 2010","format":false,"excerpt":"Das Wollschaf fragt diesmal: Mir f\u00e4llt auf, dass es immer mehr Vorlagen zum Stricken von Haushaltsgegenst\u00e4nden gibt und ich sehe auch in den Blogs interessante Strickst\u00fccke. Ich m\u00f6chte keine Abgrenzung zwischen Gebrauchsgegenst\u00e4nden und Dekorativem machen, weil die Grenzen teilweise flie\u00dfend sind. Hier ein paar Beispiele: Topflappen, Gl\u00e4seruntersetzer, Sp\u00fcl-\/Wischlappen, Schutzh\u00fcllen f\u00fcr\u2026","rel":"","context":"In &quot;Stricken&quot;","block_context":{"text":"Stricken","link":"https:\/\/www.strickforum.de\/blog\/category\/3\/"},"img":{"alt_text":"","src":"","width":0,"height":0},"classes":[]}],"_links":{"self":[{"href":"https:\/\/www.strickforum.de\/blog\/wp-json\/wp\/v2\/posts\/3971","targetHints":{"allow":["GET"]}}],"collection":[{"href":"https:\/\/www.strickforum.de\/blog\/wp-json\/wp\/v2\/posts"}],"about":[{"href":"https:\/\/www.strickforum.de\/blog\/wp-json\/wp\/v2\/types\/post"}],"author":[{"embeddable":true,"href":"https:\/\/www.strickforum.de\/blog\/wp-json\/wp\/v2\/users\/3"}],"replies":[{"embeddable":true,"href":"https:\/\/www.strickforum.de\/blog\/wp-json\/wp\/v2\/comments?post=3971"}],"version-history":[{"count":2,"href":"https:\/\/www.strickforum.de\/blog\/wp-json\/wp\/v2\/posts\/3971\/revisions"}],"predecessor-version":[{"id":3975,"href":"https:\/\/www.strickforum.de\/blog\/wp-json\/wp\/v2\/posts\/3971\/revisions\/3975"}],"wp:attachment":[{"href":"https:\/\/www.strickforum.de\/blog\/wp-json\/wp\/v2\/media?parent=3971"}],"wp:term":[{"taxonomy":"category","embeddable":true,"href":"https:\/\/www.strickforum.de\/blog\/wp-json\/wp\/v2\/categories?post=3971"},{"taxonomy":"post_tag","embeddable":true,"href":"https:\/\/www.strickforum.de\/blog\/wp-json\/wp\/v2\/tags?post=3971"}],"curies":[{"name":"wp","href":"https:\/\/api.w.org\/{rel}","templated":true}]}}