{"id":3983,"date":"2026-01-23T16:29:19","date_gmt":"2026-01-23T15:29:19","guid":{"rendered":"https:\/\/www.strickforum.de\/blog\/?p=3983"},"modified":"2026-01-23T16:29:20","modified_gmt":"2026-01-23T15:29:20","slug":"schnell-und-einfach","status":"publish","type":"post","link":"https:\/\/www.strickforum.de\/blog\/schnell-und-einfach\/","title":{"rendered":"Schnell und einfach?"},"content":{"rendered":"\n<p class=\"wp-block-paragraph\">Schon vergangenen Monat stie\u00df ich auf eine Pulli-Anleitung, die mir auf Anhieb gefiel, n\u00e4mlich <a href=\"https:\/\/www.ravelry.com\/patterns\/library\/endlich-ferien\" target=\"_blank\" rel=\"noreferrer noopener\">&#8222;Endlich Ferien&#8220;<\/a> von Barbara Laumbacher.<\/p>\n\n\n\n<!--more-->\n\n\n\n<p class=\"wp-block-paragraph\">Einfach, schnell und mit Spa\u00df zu stricken ist immer gut. Und bei diesem Modell gefiel mir auch, dass hier zwei kleinere Garnmengen miteinander kombiniert werden, um ein pfiffiges Ergebnis zu erzielen. Deshalb tat ich etwas, was ich sonst nur selten mache: Ich kaufte die Anleitung spontan. Normalerweise begn\u00fcge ich mich ja damit, Pullis oder Jacken optisch mehr oder weniger nachzuempfinden und dabei gleichzeitig auf die Gr\u00f6\u00dfe der Empf\u00e4ngerin anzupassen. Knapp f\u00fcnf Euro fand ich au\u00dferdem nicht wahnsinnig teuer, und selbstst\u00e4ndige Designer soll man ohnehin unterst\u00fctzen.<\/p>\n\n\n\n<p class=\"wp-block-paragraph\">Leider erwies sich diese Anleitung als hundert-, wenn nicht sogar zweihundertprozentige Entt\u00e4uschung. Sie enth\u00e4lt n\u00e4mlich weder Angaben zu einer Maschenprobe noch so etwas wie ein Schnittschema mit Ma\u00dfen. \u00dcblicherweise findet man beides in Anleitungen f\u00fcr Kleidungsst\u00fccke; und selbst wenn nur eine Angabe, also entweder Maschenprobe oder Ma\u00dfe, vorhanden ist, gen\u00fcgt mir das, um so etwas zu stricken oder wenigstens nachzuempfinden. Hier jedoch: Komplette Fehlanzeige.<\/p>\n\n\n\n<p class=\"wp-block-paragraph\">Dieser Pulli funktioniert offenbar nur mit zwei bestimmten Garnen, die ein sehr dehnbares Gestrick ergeben. Ich will aber nicht eigens diese Garne kaufen, sondern vorhandene Garne verbrauchen, denn irgendwie, irgendwann muss mein Vorrat schlie\u00dflich kleiner werden. Und vollst\u00e4ndig auf blauen Dunst ins Leere zu stricken ist nun auch nicht mein Ding; erst recht nicht, wenn das Ergebnis, also der fertige Pulli, f\u00fcr jemand anderen gedacht ist. Ein wenig Planung schadet nicht.<\/p>\n\n\n\n<figure class=\"wp-block-image size-large\"><img data-recalc-dims=\"1\" loading=\"lazy\" decoding=\"async\" width=\"840\" height=\"501\" data-attachment-id=\"3984\" data-permalink=\"https:\/\/www.strickforum.de\/blog\/schnell-und-einfach\/schnell-einfach-1\/\" data-orig-file=\"https:\/\/i0.wp.com\/www.strickforum.de\/blog\/wp-content\/uploads\/2026\/01\/schnell-einfach-1.jpg?fit=1500%2C895&amp;ssl=1\" data-orig-size=\"1500,895\" data-comments-opened=\"1\" data-image-meta=\"{&quot;aperture&quot;:&quot;0&quot;,&quot;credit&quot;:&quot;&quot;,&quot;camera&quot;:&quot;&quot;,&quot;caption&quot;:&quot;&quot;,&quot;created_timestamp&quot;:&quot;0&quot;,&quot;copyright&quot;:&quot;&quot;,&quot;focal_length&quot;:&quot;0&quot;,&quot;iso&quot;:&quot;0&quot;,&quot;shutter_speed&quot;:&quot;0&quot;,&quot;title&quot;:&quot;&quot;,&quot;orientation&quot;:&quot;0&quot;}\" data-image-title=\"schnell-einfach-1\" data-image-description=\"\" data-image-caption=\"\" data-large-file=\"https:\/\/i0.wp.com\/www.strickforum.de\/blog\/wp-content\/uploads\/2026\/01\/schnell-einfach-1.jpg?fit=840%2C501&amp;ssl=1\" src=\"https:\/\/i0.wp.com\/www.strickforum.de\/blog\/wp-content\/uploads\/2026\/01\/schnell-einfach-1.jpg?resize=840%2C501&#038;ssl=1\" alt=\"Schulterpasse\" class=\"wp-image-3984\" srcset=\"https:\/\/i0.wp.com\/www.strickforum.de\/blog\/wp-content\/uploads\/2026\/01\/schnell-einfach-1.jpg?resize=1024%2C611&amp;ssl=1 1024w, https:\/\/i0.wp.com\/www.strickforum.de\/blog\/wp-content\/uploads\/2026\/01\/schnell-einfach-1.jpg?resize=1000%2C597&amp;ssl=1 1000w, https:\/\/i0.wp.com\/www.strickforum.de\/blog\/wp-content\/uploads\/2026\/01\/schnell-einfach-1.jpg?resize=768%2C458&amp;ssl=1 768w, https:\/\/i0.wp.com\/www.strickforum.de\/blog\/wp-content\/uploads\/2026\/01\/schnell-einfach-1.jpg?resize=1200%2C716&amp;ssl=1 1200w, https:\/\/i0.wp.com\/www.strickforum.de\/blog\/wp-content\/uploads\/2026\/01\/schnell-einfach-1.jpg?w=1500&amp;ssl=1 1500w\" sizes=\"auto, (max-width: 709px) 85vw, (max-width: 909px) 67vw, (max-width: 1362px) 62vw, 840px\" \/><\/figure>\n\n\n\n<p class=\"wp-block-paragraph\">Bisher bin ich nicht \u00fcber die Schulter-\u00c4rmel-Passe hinaus gekommen. Allein daf\u00fcr war mehr Garn vonn\u00f6ten, als ich angenommen hatte. Und die Ausschnittblende, die ich versuchsweise angestrickt habe, gef\u00e4llt mir \u00fcberhaupt nicht. Zudem bin ich mir nicht sicher, ob die vorgesehenen Garne \u00fcberhaupt ausreichen werden, obwohl die Angaben zur Laufl\u00e4nge durchaus passen. Also wird es wohl noch ein Weilchen dauern, bis dieses &#8222;schnelle und einfache&#8220; Dingens verschenkt und getragen werden kann.<\/p>\n","protected":false},"excerpt":{"rendered":"<p>Schon vergangenen Monat stie\u00df ich auf eine Pulli-Anleitung, die mir auf Anhieb gefiel, n\u00e4mlich &#8222;Endlich Ferien&#8220; von Barbara Laumbacher.<\/p>\n","protected":false},"author":3,"featured_media":0,"comment_status":"open","ping_status":"open","sticky":false,"template":"","format":"standard","meta":{"_seopress_robots_primary_cat":"","_seopress_titles_title":"","_seopress_titles_desc":"","_seopress_robots_index":"","_crdt_document":"","jetpack_post_was_ever_published":false,"_jetpack_newsletter_access":"","_jetpack_dont_email_post_to_subs":false,"_jetpack_newsletter_tier_id":0,"_jetpack_memberships_contains_paywalled_content":false,"_jetpack_memberships_contains_paid_content":false,"footnotes":"","jetpack_publicize_message":"","jetpack_publicize_feature_enabled":true,"jetpack_social_post_already_shared":true,"jetpack_social_options":{"image_generator_settings":{"template":"highway","default_image_id":0,"font":"","enabled":false},"version":2}},"categories":[6],"tags":[],"class_list":["post-3983","post","type-post","status-publish","format-standard","hentry","category-6"],"jetpack_publicize_connections":[],"jetpack_featured_media_url":"","jetpack_sharing_enabled":true,"jetpack_shortlink":"https:\/\/wp.me\/p7JbSI-12f","jetpack-related-posts":[{"id":68,"url":"https:\/\/www.strickforum.de\/blog\/was-mag-das-sein\/","url_meta":{"origin":3983,"position":0},"title":"Was mag das sein?","author":"Admin","date":"6. Oktober 2005","format":false,"excerpt":"Ganz recht: \u201cRuffles\u201d von Amanda Blair Brown, allerdings durchgehend kraus gestrickt. Meine Probe in ihrer Rechts-Links-Version gefiel mir \u00fcberhaupt nicht, aber das Prinzip fand ich interessant. Deshalb entschlo\u00df ich mich, es einfach anders zu machen als alle anderen, die da fr\u00f6hlich Fransen-Effektgarne verarbeiten. Verstrickt habe ich drei 50-g-Kn\u00e4uel naturfarbene Bouretteseide\u2026","rel":"","context":"In &quot;Stricken&quot;","block_context":{"text":"Stricken","link":"https:\/\/www.strickforum.de\/blog\/category\/3\/"},"img":{"alt_text":"\u201cRuffles\u201d-Schal von Amanda Blair Brown, kraus gestrickt","src":"https:\/\/i0.wp.com\/www.strickforum.de\/blog\/media\/1\/20051006-ruffles_kraus.jpg?resize=350%2C200","width":350,"height":200},"classes":[]},{"id":4046,"url":"https:\/\/www.strickforum.de\/blog\/problem-mit-den-strickraendern\/","url_meta":{"origin":3983,"position":1},"title":"Problem mit den Strickr\u00e4ndern","author":"Admin","date":"12. April 2026","format":false,"excerpt":"Was meine Strickf\u00e4higkeiten betrifft, halte ich mich f\u00fcr ziemlich kompetent. Ich schrecke im allgemeinen nicht davor zur\u00fcck, Design-Details ein wenig (oder auch ein wenig mehr) zu modifizieren, wenn ich mir davon ein besseres Aussehen oder eine bessere Passform verspreche. Neulich stie\u00df ich aber an meine Grenzen. Was ist passiert? Ich\u2026","rel":"","context":"In &quot;Stricken&quot;","block_context":{"text":"Stricken","link":"https:\/\/www.strickforum.de\/blog\/category\/3\/"},"img":{"alt_text":"","src":"","width":0,"height":0},"classes":[]},{"id":3510,"url":"https:\/\/www.strickforum.de\/blog\/zwischendurch-gestrick-zwischen-den-jahren\/","url_meta":{"origin":3983,"position":2},"title":"Zwischendurch-Gestrick zwischen den Jahren","author":"Admin","date":"30. Dezember 2022","format":false,"excerpt":"Am 1. Januar startet ein (unmysteri\u00f6ser) Knit-Along mit Entw\u00fcrfen von Mary-Ann Lammers, auf den ich mich schon freue. Damit ich aber bis dahin nicht vor Langeweile umkomme, begann ich mit einem Cowl (Loop, Infinity Scarf, was auch immer, halt ein Gestrick mit einem gro\u00dfen Loch in der Mitte) aus einer\u2026","rel":"","context":"In &quot;Stricken&quot;","block_context":{"text":"Stricken","link":"https:\/\/www.strickforum.de\/blog\/category\/3\/"},"img":{"alt_text":"","src":"https:\/\/i0.wp.com\/www.strickforum.de\/blog\/wp-content\/uploads\/2022\/12\/downtown.jpg?resize=350%2C200&ssl=1","width":350,"height":200,"srcset":"https:\/\/i0.wp.com\/www.strickforum.de\/blog\/wp-content\/uploads\/2022\/12\/downtown.jpg?resize=350%2C200&ssl=1 1x, https:\/\/i0.wp.com\/www.strickforum.de\/blog\/wp-content\/uploads\/2022\/12\/downtown.jpg?resize=525%2C300&ssl=1 1.5x, https:\/\/i0.wp.com\/www.strickforum.de\/blog\/wp-content\/uploads\/2022\/12\/downtown.jpg?resize=700%2C400&ssl=1 2x, https:\/\/i0.wp.com\/www.strickforum.de\/blog\/wp-content\/uploads\/2022\/12\/downtown.jpg?resize=1050%2C600&ssl=1 3x, https:\/\/i0.wp.com\/www.strickforum.de\/blog\/wp-content\/uploads\/2022\/12\/downtown.jpg?resize=1400%2C800&ssl=1 4x"},"classes":[]},{"id":90,"url":"https:\/\/www.strickforum.de\/blog\/ein-strickgarn-ersetzen\/","url_meta":{"origin":3983,"position":3},"title":"Ein Strickgarn ersetzen","author":"Admin","date":"27. November 2005","format":false,"excerpt":"Wer nach einer Anleitung aus einer Zeitschrift, einem Buch oder dem Internet stricken will, kennt das Problem: Nicht immer hat man das Garn zur Verf\u00fcgung, das in der Anleitung angegeben wird. Und so macht man sich auf die Suche nach einem Ersatzgarn, teils mehr, teils weniger erfolgreich, und gerade die\u2026","rel":"","context":"In &quot;Stricken&quot;","block_context":{"text":"Stricken","link":"https:\/\/www.strickforum.de\/blog\/category\/3\/"},"img":{"alt_text":"Pullover im B\u00e4rentatzenmuster","src":"https:\/\/i0.wp.com\/www.strickforum.de\/blog\/media\/1\/20051127-baerentatzenmuster.jpg?resize=350%2C200","width":350,"height":200},"classes":[]},{"id":1519,"url":"https:\/\/www.strickforum.de\/blog\/13aus13-das-sechste-projekt\/","url_meta":{"origin":3983,"position":4},"title":"13aus13 &#8211; das sechste Projekt","author":"Admin","date":"16. Februar 2013","format":false,"excerpt":"Die bisherigen Projekte hatte ich mit der Strickmaschine gestrickt, dies ist nun das erste von Hand: (Foto von mir, Model: Diana K.) Dies ist die M\u00fctze \u201cQuerdenker\u201d aus dem Buch \u201cKopfsache\u201d. Gestrickt ist sie aus 100 g Lang Jawoll Magic mit doppeltem Faden und Nadelst\u00e4rke 3,5. Eigentlich soll man sie\u2026","rel":"","context":"In &quot;13aus13 \/ 13from13&quot;","block_context":{"text":"13aus13 \/ 13from13","link":"https:\/\/www.strickforum.de\/blog\/category\/11\/"},"img":{"alt_text":"","src":"","width":0,"height":0},"classes":[]},{"id":1539,"url":"https:\/\/www.strickforum.de\/blog\/endlich\/","url_meta":{"origin":3983,"position":5},"title":"Endlich!","author":"Admin","date":"1. April 2013","format":false,"excerpt":"Es ist geschafft, der \u201cStrandwanderer\u201d ist fertig, und ein ungeliebter Strang Wollmeise ist verarbeitet. Ich habe insgesamt 18 Querstreifen gestrickt, wie in der Anleitung angegeben. Zwar hatte ich in den letzten Reihen Angst, dass das Garn nicht reichen w\u00fcrde, aber ich hab's einfach riskiert, und zu guter Letzt waren sogar\u2026","rel":"","context":"In &quot;Stricken&quot;","block_context":{"text":"Stricken","link":"https:\/\/www.strickforum.de\/blog\/category\/3\/"},"img":{"alt_text":"","src":"","width":0,"height":0},"classes":[]}],"_links":{"self":[{"href":"https:\/\/www.strickforum.de\/blog\/wp-json\/wp\/v2\/posts\/3983","targetHints":{"allow":["GET"]}}],"collection":[{"href":"https:\/\/www.strickforum.de\/blog\/wp-json\/wp\/v2\/posts"}],"about":[{"href":"https:\/\/www.strickforum.de\/blog\/wp-json\/wp\/v2\/types\/post"}],"author":[{"embeddable":true,"href":"https:\/\/www.strickforum.de\/blog\/wp-json\/wp\/v2\/users\/3"}],"replies":[{"embeddable":true,"href":"https:\/\/www.strickforum.de\/blog\/wp-json\/wp\/v2\/comments?post=3983"}],"version-history":[{"count":2,"href":"https:\/\/www.strickforum.de\/blog\/wp-json\/wp\/v2\/posts\/3983\/revisions"}],"predecessor-version":[{"id":3986,"href":"https:\/\/www.strickforum.de\/blog\/wp-json\/wp\/v2\/posts\/3983\/revisions\/3986"}],"wp:attachment":[{"href":"https:\/\/www.strickforum.de\/blog\/wp-json\/wp\/v2\/media?parent=3983"}],"wp:term":[{"taxonomy":"category","embeddable":true,"href":"https:\/\/www.strickforum.de\/blog\/wp-json\/wp\/v2\/categories?post=3983"},{"taxonomy":"post_tag","embeddable":true,"href":"https:\/\/www.strickforum.de\/blog\/wp-json\/wp\/v2\/tags?post=3983"}],"curies":[{"name":"wp","href":"https:\/\/api.w.org\/{rel}","templated":true}]}}