{"id":4012,"date":"2026-03-02T16:39:49","date_gmt":"2026-03-02T15:39:49","guid":{"rendered":"https:\/\/www.strickforum.de\/blog\/?p=4012"},"modified":"2026-03-02T16:39:51","modified_gmt":"2026-03-02T15:39:51","slug":"kaltgestellt","status":"publish","type":"post","link":"https:\/\/www.strickforum.de\/blog\/kaltgestellt\/","title":{"rendered":"Kaltgestellt"},"content":{"rendered":"\n<p class=\"wp-block-paragraph\">Seit Jahren backe ich jedes Wochenende Kuchen oder Kleingeb\u00e4ck. Dabei versuche ich, mich so wenig wie m\u00f6glich zu wiederholen. Au\u00dferdem verwende ich gern, was in K\u00fchl- und Vorratsschrank gerade \u00fcbrig geblieben oder kurz vor dem Ablaufdatum ist. Gute Lebensmittel sind zu wertvoll zum Wegwerfen, und wenn zwecks Resteverbrauch das Rezept etwas Modifikation ben\u00f6tigt, macht es mir noch mehr Spa\u00df.<\/p>\n\n\n\n<!--more-->\n\n\n\n<p class=\"wp-block-paragraph\">Manchmal ist es dabei jedoch schwierig, Zeitbedarf und tats\u00e4chlich vorhandene Zeit in Einklang zu bringen. Besonders bei Hefeteig, der ja immer eine gewisse Ruhezeit ben\u00f6tigt, kann es mitunter schwierig werden. Deshalb wollte ich am vergangenen Wochenende eine andere Methode der Zubereitung nutzen, n\u00e4mlich die kalte F\u00fchrung.<\/p>\n\n\n\n<p class=\"wp-block-paragraph\">Gl\u00fccklicherweise gibt es im Internet ausreichend Informationen zur Vorgehensweise. Man verwendet grunds\u00e4tzlich nur kalte Zutaten, also z.B. keine warme Fl\u00fcssigkeit, und setzt auch keinen Vorteig an. Mein Hefew\u00fcrfel war mit einer Mindesthaltbarkeit bis 19. Januar auch nicht mehr ganz frisch; aber bei kalter Teigf\u00fchrung ben\u00f6tigt man ohnehin weniger Triebkraft.<\/p>\n\n\n\n<p class=\"wp-block-paragraph\">Abgesehen von der etwas \u00fcberalterten Hefe fand sich im Vorratsschrank auch noch eine 200-g-Packung Mandeln, die ebenfalls allm\u00e4hlich in die rum-fort-Kategorie geh\u00f6rte. Ich fand ein interessantes Rezept f\u00fcr Nuss-Schnecken, bei dem auf 500 g Mehl 250 g gemahlene Haseln\u00fcsse kamen. F\u00fcr einen kleineren Haushalt sind 500 g Mehl allerdings zu viel, selbst wenn man den Appetit meiner ausnahmslos freundlichen Nachbarn in Betracht zieht, die \u00fcblicherweise das \u00fcbrig gebliebene Backwerk erhalten. Also reduzierte ich als erstes die Mehlmenge auf 300 g. 250 g N\u00fcsse waren ohnehin nicht vorhanden. Die 200 g Mandeln bildeten einen perfekten Ersatz, und wenn die F\u00fcllung im Verh\u00e4ltnis zum Teig ein wenig dicker ausf\u00e4llt, st\u00f6rt das niemanden.<\/p>\n\n\n\n<p class=\"wp-block-paragraph\">Am Freitagnachmittag r\u00fchrte ich den Teig an und stellte den K\u00fchlschrank auf 10\u00b0 C (angeblich die optimale Temperatur f\u00fcr kalt gehenden Hefeteig). Seit knapp drei Jahren habe ich die Edelstahl-R\u00fchrsch\u00fcsseln von R\u00f6sle in allen f\u00fcnf Gr\u00f6\u00dfen. Sie haben luftdichte Deckel und eignen sich damit perfekt nicht nur f\u00fcr Hefeteig. Deckel drauf, rein in den K\u00fchlschrank, fertig.<\/p>\n\n\n\n<p class=\"wp-block-paragraph\">Am n\u00e4chsten Morgen sollte der Teig vor der Weiterverarbeitung erst einmal auf Zimmertemperatur kommen. Durch den Deckel konnte ich schon sehen, dass er wunderbar aufgegangen war. W\u00e4hrend der Wartezeit bereitete ich die F\u00fcllung f\u00fcr die Schnecken vor. Dann rollte ich den Teig aus. Vorsichtshalber machte ich das auf einem bemehlten Geschirrtuch, so wie ich auch bei Strudelteig vorgehe, nur dass der Hefeteig nat\u00fcrlich nicht d\u00fcnn ausgerollt oder ausgezogen wird.<\/p>\n\n\n\n<figure class=\"wp-block-image size-large\"><img data-recalc-dims=\"1\" loading=\"lazy\" decoding=\"async\" width=\"840\" height=\"630\" data-attachment-id=\"4013\" data-permalink=\"https:\/\/www.strickforum.de\/blog\/kaltgestellt\/mandelschnecken\/\" data-orig-file=\"https:\/\/i0.wp.com\/www.strickforum.de\/blog\/wp-content\/uploads\/2026\/03\/mandelschnecken-1.jpg?fit=1500%2C1125&amp;ssl=1\" data-orig-size=\"1500,1125\" data-comments-opened=\"1\" data-image-meta=\"{&quot;aperture&quot;:&quot;0&quot;,&quot;credit&quot;:&quot;&quot;,&quot;camera&quot;:&quot;&quot;,&quot;caption&quot;:&quot;&quot;,&quot;created_timestamp&quot;:&quot;0&quot;,&quot;copyright&quot;:&quot;&quot;,&quot;focal_length&quot;:&quot;0&quot;,&quot;iso&quot;:&quot;0&quot;,&quot;shutter_speed&quot;:&quot;0&quot;,&quot;title&quot;:&quot;&quot;,&quot;orientation&quot;:&quot;0&quot;}\" data-image-title=\"mandelschnecken\" data-image-description=\"\" data-image-caption=\"\" data-large-file=\"https:\/\/i0.wp.com\/www.strickforum.de\/blog\/wp-content\/uploads\/2026\/03\/mandelschnecken-1.jpg?fit=840%2C630&amp;ssl=1\" src=\"https:\/\/i0.wp.com\/www.strickforum.de\/blog\/wp-content\/uploads\/2026\/03\/mandelschnecken.jpg?resize=840%2C630&#038;ssl=1\" alt=\"\" class=\"wp-image-4013\" srcset=\"https:\/\/i0.wp.com\/www.strickforum.de\/blog\/wp-content\/uploads\/2026\/03\/mandelschnecken-1.jpg?resize=1024%2C768&amp;ssl=1 1024w, https:\/\/i0.wp.com\/www.strickforum.de\/blog\/wp-content\/uploads\/2026\/03\/mandelschnecken-1.jpg?resize=933%2C700&amp;ssl=1 933w, https:\/\/i0.wp.com\/www.strickforum.de\/blog\/wp-content\/uploads\/2026\/03\/mandelschnecken-1.jpg?resize=768%2C576&amp;ssl=1 768w, https:\/\/i0.wp.com\/www.strickforum.de\/blog\/wp-content\/uploads\/2026\/03\/mandelschnecken-1.jpg?resize=1200%2C900&amp;ssl=1 1200w, https:\/\/i0.wp.com\/www.strickforum.de\/blog\/wp-content\/uploads\/2026\/03\/mandelschnecken-1.jpg?w=1500&amp;ssl=1 1500w\" sizes=\"auto, (max-width: 709px) 85vw, (max-width: 909px) 67vw, (max-width: 1362px) 62vw, 840px\" \/><\/figure>\n\n\n\n<p class=\"wp-block-paragraph\">Man streicht die F\u00fcllung auf die Teigplatte, rollt diese zusammen und schneidet sie (in meinem Fall) in zw\u00f6lf Scheiben. Die werden bei weichem Teig immer etwas ungleichm\u00e4\u00dfig, aber das beeintr\u00e4chtigt nicht den Geschmack. Nach etwa 20 Minuten waren die Schnecken fertig gebacken, und ich gab noch eine sehr d\u00fcnne Zuckerguss-Schicht drauf.<\/p>\n\n\n\n<p class=\"wp-block-paragraph\">Die Schnecken schmeckten gro\u00dfartig. Der Teig war durch den langen Aufenthalt im K\u00fchlschrank lockerer als sonst; die kalte Teigf\u00fchrung hat sich gelohnt.<\/p>\n","protected":false},"excerpt":{"rendered":"<p>Seit Jahren backe ich jedes Wochenende Kuchen oder Kleingeb\u00e4ck. Dabei versuche ich, mich so wenig wie m\u00f6glich zu wiederholen. Au\u00dferdem verwende ich gern, was in K\u00fchl- und Vorratsschrank gerade \u00fcbrig geblieben oder kurz vor dem Ablaufdatum ist. Gute Lebensmittel sind zu wertvoll zum Wegwerfen, und wenn zwecks Resteverbrauch das Rezept etwas Modifikation ben\u00f6tigt, macht es &hellip; <a href=\"https:\/\/www.strickforum.de\/blog\/kaltgestellt\/\" class=\"more-link\"><span class=\"screen-reader-text\">\u201eKaltgestellt\u201c <\/span>weiterlesen<\/a><\/p>\n","protected":false},"author":3,"featured_media":0,"comment_status":"open","ping_status":"open","sticky":false,"template":"","format":"standard","meta":{"_seopress_robots_primary_cat":"","_seopress_titles_title":"","_seopress_titles_desc":"","_seopress_robots_index":"","_crdt_document":"","jetpack_post_was_ever_published":false,"_jetpack_newsletter_access":"","_jetpack_dont_email_post_to_subs":false,"_jetpack_newsletter_tier_id":0,"_jetpack_memberships_contains_paywalled_content":false,"_jetpack_memberships_contains_paid_content":false,"footnotes":"","jetpack_publicize_message":"","jetpack_publicize_feature_enabled":true,"jetpack_social_post_already_shared":true,"jetpack_social_options":{"image_generator_settings":{"template":"highway","default_image_id":0,"font":"","enabled":false},"version":2}},"categories":[8],"tags":[204,205],"class_list":["post-4012","post","type-post","status-publish","format-standard","hentry","category-8","tag-hefeteig","tag-mandelschnecken"],"jetpack_publicize_connections":[],"jetpack_featured_media_url":"","jetpack_sharing_enabled":true,"jetpack_shortlink":"https:\/\/wp.me\/p7JbSI-12I","jetpack-related-posts":[{"id":269,"url":"https:\/\/www.strickforum.de\/blog\/unsuser-birnen-kase-kuchen\/","url_meta":{"origin":4012,"position":0},"title":"Uns\u00fc\u00dfer Birnen-K\u00e4se-Kuchen","author":"Admin","date":"1. September 2007","format":false,"excerpt":"Niemand hat behauptet, ein Kuchen m\u00fcsse immer s\u00fc\u00df sein. Und gerade jetzt, zur Birnenzeit, macht mir das Experimentieren besonderen Spa\u00df. So entstand dieses Rezept f\u00fcr einen pikanten Birnenkuchen. Hefeteig: 220 g Vollkornmehl 1 P\u00e4ckchen Trockenhefe 1 TL Zucker 1 gestr. TL Salz ca. 1\/8 l Wasser 2 EL \u00d6l Belag:\u2026","rel":"","context":"In &quot;Kulinarisches&quot;","block_context":{"text":"Kulinarisches","link":"https:\/\/www.strickforum.de\/blog\/category\/7\/"},"img":{"alt_text":"Birnen-K\u00e4se-Kuchen pikant","src":"https:\/\/i0.wp.com\/www.strickforum.de\/blog\/media\/1\/20070901-birnen_kaese-kuchen.jpg?resize=350%2C200","width":350,"height":200},"classes":[]},{"id":2988,"url":"https:\/\/www.strickforum.de\/blog\/weiche-butter\/","url_meta":{"origin":4012,"position":1},"title":"Weiche Butter?","author":"Admin","date":"30. April 2020","format":false,"excerpt":"Nach wie vor backe ich praktisch jedes Wochenende Kuchen, auch wenn ich fast immer vergesse, etwas davon hier im Blog zu zeigen. Gerade in modernen Rezepten finde ich immer \u00f6fter die Angabe, f\u00fcr einen \"Knetteig\" weiche Butter zu verwenden.Mir graut's. \"Knetteig\" ist f\u00fcr mich das, was in der Back-Industrie eine\u2026","rel":"","context":"In &quot;Kulinarisches&quot;","block_context":{"text":"Kulinarisches","link":"https:\/\/www.strickforum.de\/blog\/category\/7\/"},"img":{"alt_text":"","src":"","width":0,"height":0},"classes":[]},{"id":150,"url":"https:\/\/www.strickforum.de\/blog\/spargel-mal-anders\/","url_meta":{"origin":4012,"position":2},"title":"Spargel mal anders","author":"Admin","date":"8. Mai 2006","format":false,"excerpt":"Wer Spargel nicht immer nur auf herk\u00f6mmliche Weise, mit Hollandaise, Kartoffeln und Schinken, essen will, mag vielleicht mal dieses Rezept f\u00fcr Spargel-Quiche ausprobieren. Um es etwas \u201cabzumagern\u201d, habe ich Hefeteig anstelle von M\u00fcrbeteig genommen. F\u00fcr eine Quiche-Form von 24 cm Durchmesser. F\u00fcr den Teig: 200 g Mehl, 1 T\u00fctchen Trockenhefe,\u2026","rel":"","context":"In &quot;Kulinarisches&quot;","block_context":{"text":"Kulinarisches","link":"https:\/\/www.strickforum.de\/blog\/category\/7\/"},"img":{"alt_text":"Spargelquiche","src":"https:\/\/i0.wp.com\/www.strickforum.de\/blog\/media\/1\/20060508-spargelquiche.jpg?resize=350%2C200","width":350,"height":200},"classes":[]},{"id":599,"url":"https:\/\/www.strickforum.de\/blog\/badischer-speck-gugelhupf\/","url_meta":{"origin":4012,"position":3},"title":"Badischer Speck-Gugelhupf","author":"Admin","date":"28. Dezember 2008","format":false,"excerpt":"Wem nach Weihnachten die vielen s\u00fc\u00dfen Sachen zum Hals heraush\u00e4ngen, der freut sich vielleicht \u00fcber diesen pikanten Gugelhupf, der auch gut auf ein Silvesterbuffet passt. Das Originalrezept ist aus dem Buch \u201cBadisch backen\u201d von Achim K\u00e4flein. Ich habe es geringf\u00fcgig abgewandelt, meine Version geht folgenderma\u00dfen: - 250 g Mehl (630er\u2026","rel":"","context":"In &quot;Kulinarisches&quot;","block_context":{"text":"Kulinarisches","link":"https:\/\/www.strickforum.de\/blog\/category\/7\/"},"img":{"alt_text":"Badischer Speck-Gugelhupf","src":"https:\/\/i0.wp.com\/www.strickforum.de\/blog\/media\/1\/20081228-speckgugelhupf.jpg?resize=350%2C200","width":350,"height":200},"classes":[]},{"id":794,"url":"https:\/\/www.strickforum.de\/blog\/zwetschgenkuchenzeit\/","url_meta":{"origin":4012,"position":4},"title":"Zwetschgenkuchenzeit","author":"Admin","date":"20. September 2009","format":false,"excerpt":"Zu den Dingen, die ich nicht ausstehen kann, geh\u00f6rt Zwetschgenkuchen mit zuwenig Zwetschgen drauf. Wenn ein paar wenige plattgedr\u00fcckte Fr\u00fcchte sich auf einem gro\u00dfen St\u00fcck Teig breitzumachen versuchen, dann ist das einfach nur traurig. Damit kann man nicht einmal schw\u00e4bische Schwiegerm\u00fctter beeindrucken. Man sollte nie am falschen Ende sparen. Mein\u2026","rel":"","context":"In &quot;Kulinarisches&quot;","block_context":{"text":"Kulinarisches","link":"https:\/\/www.strickforum.de\/blog\/category\/7\/"},"img":{"alt_text":"Zwetschgenkuchen, bereit zum Backen","src":"https:\/\/i0.wp.com\/www.strickforum.de\/blog\/media\/1\/20090920-zwetschgenkuchen-1.jpg?resize=350%2C200","width":350,"height":200},"classes":[]},{"id":255,"url":"https:\/\/www.strickforum.de\/blog\/resteverarbeitung-der-etwas-anderen-art\/","url_meta":{"origin":4012,"position":5},"title":"Resteverarbeitung der etwas anderen Art","author":"Admin","date":"29. Juli 2007","format":false,"excerpt":"K\u00fcrzlich habe ich ich pikante Hefeschnecken gebacken. Das Rezept ist sehr empfehlenswert, die Schnecken haben prima geschmeckt. :-) Aus dem Rezept ging allerdings nicht hervor, dass die Angaben f\u00fcr die verschiedenen F\u00fcllungen jeweils f\u00fcr die gesamte Portion Teig gelten. Macht man also alle vier F\u00fcllungen, dann kann man damit vier\u2026","rel":"","context":"In &quot;Kulinarisches&quot;","block_context":{"text":"Kulinarisches","link":"https:\/\/www.strickforum.de\/blog\/category\/7\/"},"img":{"alt_text":"Hefekuchen pikant","src":"https:\/\/i0.wp.com\/www.strickforum.de\/blog\/media\/1\/20070729-pikante_fuellungen.jpg?resize=350%2C200","width":350,"height":200},"classes":[]}],"_links":{"self":[{"href":"https:\/\/www.strickforum.de\/blog\/wp-json\/wp\/v2\/posts\/4012","targetHints":{"allow":["GET"]}}],"collection":[{"href":"https:\/\/www.strickforum.de\/blog\/wp-json\/wp\/v2\/posts"}],"about":[{"href":"https:\/\/www.strickforum.de\/blog\/wp-json\/wp\/v2\/types\/post"}],"author":[{"embeddable":true,"href":"https:\/\/www.strickforum.de\/blog\/wp-json\/wp\/v2\/users\/3"}],"replies":[{"embeddable":true,"href":"https:\/\/www.strickforum.de\/blog\/wp-json\/wp\/v2\/comments?post=4012"}],"version-history":[{"count":1,"href":"https:\/\/www.strickforum.de\/blog\/wp-json\/wp\/v2\/posts\/4012\/revisions"}],"predecessor-version":[{"id":4014,"href":"https:\/\/www.strickforum.de\/blog\/wp-json\/wp\/v2\/posts\/4012\/revisions\/4014"}],"wp:attachment":[{"href":"https:\/\/www.strickforum.de\/blog\/wp-json\/wp\/v2\/media?parent=4012"}],"wp:term":[{"taxonomy":"category","embeddable":true,"href":"https:\/\/www.strickforum.de\/blog\/wp-json\/wp\/v2\/categories?post=4012"},{"taxonomy":"post_tag","embeddable":true,"href":"https:\/\/www.strickforum.de\/blog\/wp-json\/wp\/v2\/tags?post=4012"}],"curies":[{"name":"wp","href":"https:\/\/api.w.org\/{rel}","templated":true}]}}