{"id":4026,"date":"2026-03-15T13:00:47","date_gmt":"2026-03-15T12:00:47","guid":{"rendered":"https:\/\/www.strickforum.de\/blog\/?p=4026"},"modified":"2026-03-15T13:00:49","modified_gmt":"2026-03-15T12:00:49","slug":"ach-ja-die-soffi","status":"publish","type":"post","link":"https:\/\/www.strickforum.de\/blog\/ach-ja-die-soffi\/","title":{"rendered":"Ach ja, die Soffi"},"content":{"rendered":"\n<p class=\"wp-block-paragraph\">Bei der vorletzten \u00dcberpr\u00fcfung, die eine Strickfreundin und ich k\u00fcrzlich in der besten Konditorei der Stadt vornahmen, gab es zum <a href=\"https:\/\/www.ravelry.com\/patterns\/library\/sophie-scarf-2\" target=\"_blank\" rel=\"noreferrer noopener\">&#8222;Sophie Scarf&#8220;<\/a> auf Ravelry etwas \u00fcber 40.000 (in Worten: vierzigtausend) Projekte.<\/p>\n\n\n\n<!--more-->\n\n\n\n<p class=\"wp-block-paragraph\">Mittlerweile fehlt nicht mehr viel an 50.000. Und ja, ich habe spa\u00dfeshalber auch so ein Teilchen gestrickt, allerdings ohne mir die Anleitung zu kaufen, denn alles, was man dazu wissen muss, kann eine halbwegs erfahrene Strickerin den Fotos entnehmen. Nat\u00fcrlich strickte ich auch nicht mit Kaschmir-Garn, sondern mit einem Rest von 38 g solider Merinowolle. Meine Version ist etwa 115 cm lang und kommt an der breitesten Stelle auf 10 cm.<\/p>\n\n\n\n<figure class=\"wp-block-image size-full\"><img data-recalc-dims=\"1\" loading=\"lazy\" decoding=\"async\" width=\"840\" height=\"1084\" data-attachment-id=\"4028\" data-permalink=\"https:\/\/www.strickforum.de\/blog\/ach-ja-die-soffi\/soffi-dupe\/\" data-orig-file=\"https:\/\/i0.wp.com\/www.strickforum.de\/blog\/wp-content\/uploads\/2026\/03\/soffi-dupe.jpg?fit=1500%2C1936&amp;ssl=1\" data-orig-size=\"1500,1936\" data-comments-opened=\"1\" data-image-meta=\"{&quot;aperture&quot;:&quot;0&quot;,&quot;credit&quot;:&quot;&quot;,&quot;camera&quot;:&quot;&quot;,&quot;caption&quot;:&quot;&quot;,&quot;created_timestamp&quot;:&quot;0&quot;,&quot;copyright&quot;:&quot;&quot;,&quot;focal_length&quot;:&quot;0&quot;,&quot;iso&quot;:&quot;0&quot;,&quot;shutter_speed&quot;:&quot;0&quot;,&quot;title&quot;:&quot;&quot;,&quot;orientation&quot;:&quot;0&quot;}\" data-image-title=\"soffi-dupe\" data-image-description=\"\" data-image-caption=\"\" data-large-file=\"https:\/\/i0.wp.com\/www.strickforum.de\/blog\/wp-content\/uploads\/2026\/03\/soffi-dupe.jpg?fit=793%2C1024&amp;ssl=1\" src=\"https:\/\/i0.wp.com\/www.strickforum.de\/blog\/wp-content\/uploads\/2026\/03\/soffi-dupe.jpg?resize=840%2C1084&#038;ssl=1\" alt=\"\" class=\"wp-image-4028\"\/><\/figure>\n\n\n\n<p class=\"wp-block-paragraph\">Das Sch\u00f6ne bei derart nachempfundenen Modellen ist, dass man eigene Vorstellungen umsetzen kann Man macht einfach, was einem einf\u00e4llt und was man f\u00fcr richtig h\u00e4lt. So startete ich mit Kontrastgarn und dar\u00fcber einem Miniatur-Icord-Tab, dessen &#8222;\u00c4rmchen&#8220; als Umrandung fortgef\u00fchrt wurden. Die Zunahmen machte ich in jeder sechsten Reihe, dann kamen diverse Zentimeter geradeaus, und als ich fand, dass es Zeit f\u00fcr die Abnahmen sei, war noch so viel Garn \u00fcbrig, dass ich in jeder achten Reihe abnahm. Dadurch ist das Sch\u00e4lchen (= Diminutiv von &#8222;Schal&#8220;) ein wenig asymmetrisch, was den Trage-Komfort jedoch nicht beeintr\u00e4chtigt.<\/p>\n\n\n\n<p class=\"wp-block-paragraph\">Werde ich das Ding nochmals stricken? Wahrscheinlich, denn es erfordert nahezu null Hirn-Einsatz, eignet sich gut zum Verbrauch kleinerer Garnmengen, und ich kann mir mehrere Nichtstrickerinnen in meiner Bekanntschaft vorstellen, die Freude am Ergebnis h\u00e4tten. Wer etwas weniger Simples stricken m\u00f6chte und vor Linksmaschen nicht zur\u00fcckschreckt (das Original enth\u00e4lt, soweit ich es erkennen kann, keine einzige), der hat sicherlich Spa\u00df daran, zwischen den Idiotenkordeln ein Mini-Muster einzuf\u00fcgen. Ein Perlmuster oder das einfachste aller Lochmuster w\u00fcrden sich daf\u00fcr eignen. Vielleicht probiere ich das bei Gelegenheit mal aus.<\/p>\n","protected":false},"excerpt":{"rendered":"<p>Bei der vorletzten \u00dcberpr\u00fcfung, die eine Strickfreundin und ich k\u00fcrzlich in der besten Konditorei der Stadt vornahmen, gab es zum &#8222;Sophie Scarf&#8220; auf Ravelry etwas \u00fcber 40.000 (in Worten: vierzigtausend) Projekte.<\/p>\n","protected":false},"author":3,"featured_media":0,"comment_status":"open","ping_status":"open","sticky":false,"template":"","format":"standard","meta":{"_seopress_robots_primary_cat":"","_seopress_titles_title":"","_seopress_titles_desc":"","_seopress_robots_index":"","_crdt_document":"","jetpack_post_was_ever_published":false,"_jetpack_newsletter_access":"","_jetpack_dont_email_post_to_subs":false,"_jetpack_newsletter_tier_id":0,"_jetpack_memberships_contains_paywalled_content":false,"_jetpack_memberships_contains_paid_content":false,"footnotes":"","jetpack_publicize_message":"","jetpack_publicize_feature_enabled":true,"jetpack_social_post_already_shared":true,"jetpack_social_options":{"image_generator_settings":{"template":"highway","default_image_id":0,"font":"","enabled":false},"version":2}},"categories":[6],"tags":[],"class_list":["post-4026","post","type-post","status-publish","format-standard","hentry","category-6"],"jetpack_publicize_connections":[],"jetpack_featured_media_url":"","jetpack_sharing_enabled":true,"jetpack_shortlink":"https:\/\/wp.me\/p7JbSI-12W","jetpack-related-posts":[{"id":1300,"url":"https:\/\/www.strickforum.de\/blog\/die-verstrickte-dienstagsfrage-22012\/","url_meta":{"origin":4026,"position":0},"title":"Die verstrickte Dienstagsfrage 2\/2012","author":"Admin","date":"11. Januar 2012","format":false,"excerpt":"Das Wollschaf fragt diesmal: Wie strickt ihr in Runden gestrickte Kleinteile (Socken, M\u00fctzen usw.)? Benutzt ihr ein Nadelspiel? Was f\u00fcr eins, ein herk\u00f6mmliches oder lieber Cubics??? Oder strickt ihr mit dem Magic Loop (Wunderschlinge) ?? Wenn ihr Socken mit Magic Loop strickt, strickt ihr jeden einzeln, oder gleich beide auf\u2026","rel":"","context":"In &quot;Stricken&quot;","block_context":{"text":"Stricken","link":"https:\/\/www.strickforum.de\/blog\/category\/3\/"},"img":{"alt_text":"","src":"","width":0,"height":0},"classes":[]},{"id":80,"url":"https:\/\/www.strickforum.de\/blog\/masarbeit\/","url_meta":{"origin":4026,"position":1},"title":"Ma\u00dfarbeit","author":"Admin","date":"3. November 2005","format":false,"excerpt":"Der Kombu Scarf wurde am Wochenende fertig. Wie ich schon gesch\u00e4tzt hatte, ist er fast exakt 140 cm lang geworden. Ich finde, in diesem glatten, einfarbigen Garn kommt die Struktur besonders sch\u00f6n zur Geltung. Von den drei Kn\u00e4ueln \u00e0 90 m blieben ziemlich genau 120 cm \u00fcbrig. Und f\u00fcr die\u2026","rel":"","context":"In &quot;Stricken&quot;","block_context":{"text":"Stricken","link":"https:\/\/www.strickforum.de\/blog\/category\/3\/"},"img":{"alt_text":"Kombu Scarf, fertig gestrickt","src":"https:\/\/i0.wp.com\/www.strickforum.de\/blog\/media\/1\/20051103-kombu_scarf_kpl.jpg?resize=350%2C200","width":350,"height":200},"classes":[]},{"id":1995,"url":"https:\/\/www.strickforum.de\/blog\/es-ist-wurst-was-draus-wird\/","url_meta":{"origin":4026,"position":2},"title":"Es ist Wurst, was draus wird","author":"Admin","date":"9. Juni 2016","format":false,"excerpt":"Vor gut zwei Wochen begann in einem der zahlreichen Ravelry-Foren der Knitalong f\u00fcr einen sommerlichen Schal, genannt Up and Down Summer Scarf. Da ich gerade mit einem Projekt fertig war und Lust auf etwas Neues hatte, machte ich mit. In meinem Fundus fand sich ein mehr als f\u00fcnf Jahre alter\u2026","rel":"","context":"In &quot;Stricken&quot;","block_context":{"text":"Stricken","link":"https:\/\/www.strickforum.de\/blog\/category\/3\/"},"img":{"alt_text":"","src":"","width":0,"height":0},"classes":[]},{"id":3352,"url":"https:\/\/www.strickforum.de\/blog\/weste-stricken\/","url_meta":{"origin":4026,"position":3},"title":"Weste stricken","author":"Admin","date":"10. Februar 2022","format":false,"excerpt":"Heute gibt es einen hilfreichen und spannenden Gastbeitrag von Pro Lana. Viel Spa\u00df damit! In sieben Schritten eine schicke Weste stricken Eine sch\u00f6n warme K\u00f6rpermitte verbessert das Wohlbefinden. Nicht nur deshalb sind Westen so beliebt. In diesem Artikel erfahren Sie, wie Sie in wenigen Schritten Ihre eigene Weste stricken. Die\u2026","rel":"","context":"In &quot;Stricken&quot;","block_context":{"text":"Stricken","link":"https:\/\/www.strickforum.de\/blog\/category\/3\/"},"img":{"alt_text":"","src":"https:\/\/i0.wp.com\/www.strickforum.de\/blog\/wp-content\/uploads\/2022\/02\/weste-stricken-scaled.jpg?resize=350%2C200&ssl=1","width":350,"height":200,"srcset":"https:\/\/i0.wp.com\/www.strickforum.de\/blog\/wp-content\/uploads\/2022\/02\/weste-stricken-scaled.jpg?resize=350%2C200&ssl=1 1x, https:\/\/i0.wp.com\/www.strickforum.de\/blog\/wp-content\/uploads\/2022\/02\/weste-stricken-scaled.jpg?resize=525%2C300&ssl=1 1.5x, https:\/\/i0.wp.com\/www.strickforum.de\/blog\/wp-content\/uploads\/2022\/02\/weste-stricken-scaled.jpg?resize=700%2C400&ssl=1 2x, https:\/\/i0.wp.com\/www.strickforum.de\/blog\/wp-content\/uploads\/2022\/02\/weste-stricken-scaled.jpg?resize=1050%2C600&ssl=1 3x, https:\/\/i0.wp.com\/www.strickforum.de\/blog\/wp-content\/uploads\/2022\/02\/weste-stricken-scaled.jpg?resize=1400%2C800&ssl=1 4x"},"classes":[]},{"id":3462,"url":"https:\/\/www.strickforum.de\/blog\/total-schraeg\/","url_meta":{"origin":4026,"position":4},"title":"Total schr\u00e4g","author":"Admin","date":"15. September 2022","format":false,"excerpt":"Aus gegebenem Anlass m\u00f6chte ich heute erl\u00e4utern, wie man bei einer gestrickten Schr\u00e4gung die Zu- oder Abnahmen berechnet. Auf geht's. Wo es Schr\u00e4gungen gibt Zu- oder Abnahmen innerhalb der unteren Leibteile, z.B. f\u00fcr eine Taillierung oder A-Linie; V-Ausschnitte; Raglan-Linien an Leibteilen und \u00c4rmeln (die verschieden sein k\u00f6nnen); Zu- bzw. Abnahmen\u2026","rel":"","context":"In &quot;Stricken&quot;","block_context":{"text":"Stricken","link":"https:\/\/www.strickforum.de\/blog\/category\/3\/"},"img":{"alt_text":"","src":"","width":0,"height":0},"classes":[]},{"id":105,"url":"https:\/\/www.strickforum.de\/blog\/anleitung-fur-mobiusschal-oder-mobiusstirnband\/","url_meta":{"origin":4026,"position":5},"title":"Anleitung f\u00fcr M\u00f6biusschal oder M\u00f6biusstirnband","author":"Admin","date":"21. Dezember 2005","format":false,"excerpt":"Referrer sind eine feine Sache. Aus ihnen kann ich erkennen, woher meine Besucher kommen, und wenn sie von einer Suchmaschine kommen, wei\u00df ich auch, wonach sie gesucht haben. Seit ich erw\u00e4hnte, da\u00df meine Kollegin an einem h\u00fchnerfarbenen M\u00f6bius strickt, ist die Zahl der m\u00f6biusanleitungssuchenden Besucher signifikant gestiegen. Nur haben sie\u2026","rel":"","context":"In &quot;Stricken&quot;","block_context":{"text":"Stricken","link":"https:\/\/www.strickforum.de\/blog\/category\/3\/"},"img":{"alt_text":"","src":"","width":0,"height":0},"classes":[]}],"_links":{"self":[{"href":"https:\/\/www.strickforum.de\/blog\/wp-json\/wp\/v2\/posts\/4026","targetHints":{"allow":["GET"]}}],"collection":[{"href":"https:\/\/www.strickforum.de\/blog\/wp-json\/wp\/v2\/posts"}],"about":[{"href":"https:\/\/www.strickforum.de\/blog\/wp-json\/wp\/v2\/types\/post"}],"author":[{"embeddable":true,"href":"https:\/\/www.strickforum.de\/blog\/wp-json\/wp\/v2\/users\/3"}],"replies":[{"embeddable":true,"href":"https:\/\/www.strickforum.de\/blog\/wp-json\/wp\/v2\/comments?post=4026"}],"version-history":[{"count":1,"href":"https:\/\/www.strickforum.de\/blog\/wp-json\/wp\/v2\/posts\/4026\/revisions"}],"predecessor-version":[{"id":4029,"href":"https:\/\/www.strickforum.de\/blog\/wp-json\/wp\/v2\/posts\/4026\/revisions\/4029"}],"wp:attachment":[{"href":"https:\/\/www.strickforum.de\/blog\/wp-json\/wp\/v2\/media?parent=4026"}],"wp:term":[{"taxonomy":"category","embeddable":true,"href":"https:\/\/www.strickforum.de\/blog\/wp-json\/wp\/v2\/categories?post=4026"},{"taxonomy":"post_tag","embeddable":true,"href":"https:\/\/www.strickforum.de\/blog\/wp-json\/wp\/v2\/tags?post=4026"}],"curies":[{"name":"wp","href":"https:\/\/api.w.org\/{rel}","templated":true}]}}