{"id":431,"date":"2008-07-01T08:03:14","date_gmt":"2008-07-01T06:03:14","guid":{"rendered":"http:\/\/www.strickforum.de\/blog\/?p=431"},"modified":"2008-07-01T08:03:14","modified_gmt":"2008-07-01T06:03:14","slug":"die-verstrickte-dienstagsfrage-the-wool-sheeps-question-272008","status":"publish","type":"post","link":"https:\/\/www.strickforum.de\/blog\/die-verstrickte-dienstagsfrage-the-wool-sheeps-question-272008\/","title":{"rendered":"Die verstrickte Dienstagsfrage &#8211; the Wool Sheep&#8217;s question 27\/2008"},"content":{"rendered":"<p><b>Das <a href=\"http:\/\/board.stricknetz.net\/blog\/das-wollschaf\/index.php?showentry=2998\">Wollschaf<\/a> fragt: Wann, wie und durch wen hast du stricken gelernt? Herzlichen Dank an Kerstin (das bin ich) f\u00fcr die heutige Frage!<\/b><br \/>\nDas kann ich nicht genau beantworten, weil es schon soooo lange her ist. \ud83d\ude09<br \/>\nIch ging jedenfalls noch nicht zur Schule, und meine Mutter hat es mir gezeigt. Es ging los mit dem Maschenanschlag, dann folgten rechte Maschen. So genau kann ich mich gar nicht mehr daran erinnern, aber ich wei\u00df noch, wie entt\u00e4uscht ich war, dass ich nicht die sch\u00f6ne glatt rechte Fl\u00e4che bekam, die meine Mutter in ihrer Jacke hatte, sondern nur Krausrippen. Darum wollte ich auch gleich Linksmaschen lernen.<br \/>\nAllerdings fand ich Stricken dann etwas zu langsam, H\u00e4keln machte mir mehr Spa\u00df, und die Formgebung fand ich damit auch einfacher. Deshalb wurden meine Puppen umh\u00e4kelt statt umstrickt. Die richtig gro\u00dfe Strickbegeisterung \u00fcberkam mich erst viel sp\u00e4ter, hat mich aber seither nicht mehr losgelassen.<\/p>\n<p><b>The <a href=\"http:\/\/board.stricknetz.net\/blog\/das-wollschaf\/index.php?showentry=2998\">wool sheep<\/a> asks: When, how and by whom where you taught to knit? Thank you Kerstin (that&#8217;s me, again) for today&#8217;s question!<\/b><br \/>\nI can hardly answer this question because it&#8217;s such a looong time ago. \ud83d\ude09<br \/>\nIt was before I went to school, and my mother showed me how. She started with the German longtail cast-on, the I learnt how to do the knit stitch. What I remember most vividly is my disappointment when I did not get the nice smooth surface of plain knitting that my mother&#8217;s cardigan had, but ordinary garter ridges. That&#8217;s why I wanted to learn to purl immediately.<br \/>\nBut then I found knitting too slow. Crocheting was more fun, and shaping in crochet was a lot easier. So my dolls got an all-crochet wardrobe. The real knitting enthusiasm only came many years later, but it did not cease so far.<\/p>\n","protected":false},"excerpt":{"rendered":"<p>Das Wollschaf fragt: Wann, wie und durch wen hast du stricken gelernt? Herzlichen Dank an Kerstin (das bin ich) f\u00fcr die heutige Frage! Das kann ich nicht genau beantworten, weil es schon soooo lange her ist. \ud83d\ude09 Ich ging jedenfalls noch nicht zur Schule, und meine Mutter hat es mir gezeigt. Es ging los mit &hellip; <a href=\"https:\/\/www.strickforum.de\/blog\/die-verstrickte-dienstagsfrage-the-wool-sheeps-question-272008\/\" class=\"more-link\"><span class=\"screen-reader-text\">\u201eDie verstrickte Dienstagsfrage &#8211; the Wool Sheep&#8217;s question 27\/2008\u201c <\/span>weiterlesen<\/a><\/p>\n","protected":false},"author":3,"featured_media":0,"comment_status":"open","ping_status":"open","sticky":false,"template":"","format":"standard","meta":{"_seopress_robots_primary_cat":"","_seopress_titles_title":"","_seopress_titles_desc":"","_seopress_robots_index":"","_crdt_document":"","jetpack_post_was_ever_published":false,"_jetpack_newsletter_access":"","_jetpack_dont_email_post_to_subs":false,"_jetpack_newsletter_tier_id":0,"_jetpack_memberships_contains_paywalled_content":false,"_jetpack_memberships_contains_paid_content":false,"footnotes":"","jetpack_publicize_message":"","jetpack_publicize_feature_enabled":true,"jetpack_social_post_already_shared":false,"jetpack_social_options":{"image_generator_settings":{"template":"highway","default_image_id":0,"font":"","enabled":false},"version":2}},"categories":[6],"tags":[],"class_list":["post-431","post","type-post","status-publish","format-standard","hentry","category-6"],"jetpack_publicize_connections":[],"jetpack_featured_media_url":"","jetpack_sharing_enabled":true,"jetpack_shortlink":"https:\/\/wp.me\/p7JbSI-6X","jetpack-related-posts":[{"id":1652,"url":"https:\/\/www.strickforum.de\/blog\/der-klassische-pullover-mit-drei-armeln\/","url_meta":{"origin":431,"position":0},"title":"Der klassische Pullover mit drei \u00c4rmeln","author":"Admin","date":"25. Oktober 2013","format":false,"excerpt":"Diese Art von Modell kennen vermutlich die meisten Strickerinnen. Heute habe ich an so einem Pullover gearbeitet. Wie das passierte? Naja, wie meistens. Meine Mutter w\u00fcnscht sich endlich auch eine Variante meines Lieblings-Rippenpullovers, den ich f\u00fcr mich selbst schon ein halbes Dutzend Mal gestrickt habe. Damit er ihr passt, musste\u2026","rel":"","context":"In &quot;Stricken&quot;","block_context":{"text":"Stricken","link":"https:\/\/www.strickforum.de\/blog\/category\/3\/"},"img":{"alt_text":"","src":"","width":0,"height":0},"classes":[]},{"id":1619,"url":"https:\/\/www.strickforum.de\/blog\/die-verstrickte-dienstagsfrage-372013\/","url_meta":{"origin":431,"position":1},"title":"Die verstrickte Dienstagsfrage 37\/2013","author":"Admin","date":"10. September 2013","format":false,"excerpt":"Diese Woche stellt das Wollschaf eine Frage von mir: In letzter Zeit hat das H\u00e4keln wieder an Bedeutung gewonnen. Man sieht viele H\u00e4kelanleitungen online und in Zeitschriften. Hast Du in der letzten Zeit geh\u00e4kelt? Wenn ja, was? H\u00e4kelst Du gern, magst Du vielleicht sogar noch lieber als Stricken? Weshalb, oder\u2026","rel":"","context":"In &quot;Stricken&quot;","block_context":{"text":"Stricken","link":"https:\/\/www.strickforum.de\/blog\/category\/3\/"},"img":{"alt_text":"","src":"","width":0,"height":0},"classes":[]},{"id":1521,"url":"https:\/\/www.strickforum.de\/blog\/die-verstrickte-dienstagsfrage-82013\/","url_meta":{"origin":431,"position":2},"title":"Die verstrickte Dienstagsfrage 8\/2013","author":"Admin","date":"19. Februar 2013","format":false,"excerpt":"Diese Woche fragt das Wollschaf: Irgendwann haben alle einmal das Stricken freiwillig oder durch einen Bildungsplan verordnet gelernt. Erinnert ihr euch noch, wie das war? Was machte euch die meisten Probleme? Wann fing es an, euch richtig zu packen? Vielen Dank an Michaela f\u00fcr die heutige Frage! Meine ersten Strickversuche\u2026","rel":"","context":"In &quot;Stricken&quot;","block_context":{"text":"Stricken","link":"https:\/\/www.strickforum.de\/blog\/category\/3\/"},"img":{"alt_text":"","src":"","width":0,"height":0},"classes":[]},{"id":1941,"url":"https:\/\/www.strickforum.de\/blog\/abketten-ist-nicht-gleich-abketten\/","url_meta":{"origin":431,"position":3},"title":"Abketten ist nicht gleich Abketten","author":"Admin","date":"6. September 2015","format":false,"excerpt":"Nach wie vor habe ich das Modell Shleeves in Arbeit. Gestern abend kettete ich die Spitzenbord\u00fcre ab. Daf\u00fcr brauchte ich drei Anl\u00e4ufe. Meinen ersten Versuch startete ich mit der herk\u00f6mmlichen Methode: Eine Masche abstricken und die vorherige Masche \u00fcberziehen. Das ergab trotz dickerer Nadel eine zwar saubere, aber zu feste\u2026","rel":"","context":"In &quot;Stricken&quot;","block_context":{"text":"Stricken","link":"https:\/\/www.strickforum.de\/blog\/category\/3\/"},"img":{"alt_text":"","src":"","width":0,"height":0},"classes":[]},{"id":3616,"url":"https:\/\/www.strickforum.de\/blog\/es-funktioniert-nicht\/","url_meta":{"origin":431,"position":4},"title":"Es funktioniert nicht","author":"Admin","date":"11. Juli 2023","format":false,"excerpt":"Es gibt Strickmuster, die ganz offensichtlich nicht f\u00fcr mich gedacht sind. Dazu geh\u00f6ren solche, bei denen der Faden mehrfach um die Nadel gewickelt wird, damit man in der folgenden Reihe lange Maschen erzielt. Wieder einmal wollte ich ein Modell stricken, in dem so ein Muster Akzente setzt. Es handelt sich\u2026","rel":"","context":"In &quot;Stricken&quot;","block_context":{"text":"Stricken","link":"https:\/\/www.strickforum.de\/blog\/category\/3\/"},"img":{"alt_text":"","src":"https:\/\/i0.wp.com\/www.strickforum.de\/blog\/wp-content\/uploads\/2023\/07\/madeleine-test.jpg?resize=350%2C200&ssl=1","width":350,"height":200,"srcset":"https:\/\/i0.wp.com\/www.strickforum.de\/blog\/wp-content\/uploads\/2023\/07\/madeleine-test.jpg?resize=350%2C200&ssl=1 1x, https:\/\/i0.wp.com\/www.strickforum.de\/blog\/wp-content\/uploads\/2023\/07\/madeleine-test.jpg?resize=525%2C300&ssl=1 1.5x, https:\/\/i0.wp.com\/www.strickforum.de\/blog\/wp-content\/uploads\/2023\/07\/madeleine-test.jpg?resize=700%2C400&ssl=1 2x, https:\/\/i0.wp.com\/www.strickforum.de\/blog\/wp-content\/uploads\/2023\/07\/madeleine-test.jpg?resize=1050%2C600&ssl=1 3x, https:\/\/i0.wp.com\/www.strickforum.de\/blog\/wp-content\/uploads\/2023\/07\/madeleine-test.jpg?resize=1400%2C800&ssl=1 4x"},"classes":[]},{"id":1641,"url":"https:\/\/www.strickforum.de\/blog\/die-verstrickte-dienstagsfrage-412013\/","url_meta":{"origin":431,"position":5},"title":"Die verstrickte Dienstagsfrage 41\/2013","author":"Admin","date":"8. Oktober 2013","format":false,"excerpt":"Diese Woche bringt das Wollschaf eine Frage von mir: Welches war das bisher gr\u00f6\u00dfte Strick-Desaster, das Du mal produziert hast? Was genau war daran so schrecklich? Konntest Du daraus Lehren f\u00fcr Deine weitere Strick-Karriere ziehen? Da ich schon ziemlich lange stricke, habe ich auch schon viele Desaster-Teile zustande gebracht. Exemplarisch\u2026","rel":"","context":"In &quot;Stricken&quot;","block_context":{"text":"Stricken","link":"https:\/\/www.strickforum.de\/blog\/category\/3\/"},"img":{"alt_text":"","src":"","width":0,"height":0},"classes":[]}],"_links":{"self":[{"href":"https:\/\/www.strickforum.de\/blog\/wp-json\/wp\/v2\/posts\/431","targetHints":{"allow":["GET"]}}],"collection":[{"href":"https:\/\/www.strickforum.de\/blog\/wp-json\/wp\/v2\/posts"}],"about":[{"href":"https:\/\/www.strickforum.de\/blog\/wp-json\/wp\/v2\/types\/post"}],"author":[{"embeddable":true,"href":"https:\/\/www.strickforum.de\/blog\/wp-json\/wp\/v2\/users\/3"}],"replies":[{"embeddable":true,"href":"https:\/\/www.strickforum.de\/blog\/wp-json\/wp\/v2\/comments?post=431"}],"version-history":[{"count":0,"href":"https:\/\/www.strickforum.de\/blog\/wp-json\/wp\/v2\/posts\/431\/revisions"}],"wp:attachment":[{"href":"https:\/\/www.strickforum.de\/blog\/wp-json\/wp\/v2\/media?parent=431"}],"wp:term":[{"taxonomy":"category","embeddable":true,"href":"https:\/\/www.strickforum.de\/blog\/wp-json\/wp\/v2\/categories?post=431"},{"taxonomy":"post_tag","embeddable":true,"href":"https:\/\/www.strickforum.de\/blog\/wp-json\/wp\/v2\/tags?post=431"}],"curies":[{"name":"wp","href":"https:\/\/api.w.org\/{rel}","templated":true}]}}