{"id":436,"date":"2008-07-08T07:45:15","date_gmt":"2008-07-08T05:45:15","guid":{"rendered":"http:\/\/www.strickforum.de\/blog\/?p=436"},"modified":"2008-07-08T07:45:15","modified_gmt":"2008-07-08T05:45:15","slug":"die-verstrickte-dienstagsfrage-282008","status":"publish","type":"post","link":"https:\/\/www.strickforum.de\/blog\/die-verstrickte-dienstagsfrage-282008\/","title":{"rendered":"Die verstrickte Dienstagsfrage 28\/2008"},"content":{"rendered":"<p><b>Das <a href=\"http:\/\/board.stricknetz.net\/blog\/das-wollschaf\/index.php?\">Wollschaf<\/a> fragt:<br \/>\nneulich las ich in einer Zeitung folgenden Tipp, kann es mir nicht vorstellen und m\u00f6chte dazu die Meinung anderer h\u00f6ren. &#8222;Angora- oder Mohairwolle l\u00e4sst sich leichter stricken, wenn man die Kn\u00e4uel vorher \u00fcber Nacht in einer Plastikt\u00fcte im Gefrierfach aufbewahrt.&#8220;<br \/>\nHerzlichen Dank an <a href=\"http:\/\/bergfee\/myblog.de\">Karin<\/a> f\u00fcr die heutige Frage <\/b><br \/>\nHm, seltsame Frage. Angora l\u00e4sst sich ziemlich einfach verstricken, es fusselt halt nur. Mohair l\u00e4sst sich auch relativ einfach verstricken; wenn es lange gelagert wurde, k\u00f6nnen die F\u00e4den allerdings miteinander verhakt sein, dann &#8220;klebt&#8221; es. Ich glaube nicht, dass Einfrieren dagegen hilft.<br \/>\nDer angebliche Trick mit dem Einfrieren ging vor Jahrzehnten, bei der letzten Angora-und-Mohair-Welle, schon durch die Strickzeitschriften, er sollte damals das Fusseln eind\u00e4mmen. Da mein Gefrierschrank immer schon voll mit anderen Dingen war und ist (keine Panik bitte, es ist heute nicht dieselbe Lammkeule wie vor 20 Jahren, und auch das eingefrorene Obst hatte zwischendurch diverse Schichtwechsel), habe ich das allerdings selbst nie ausprobiert.<br \/>\nSeinerzeit habe ich viel mit Angora gestrickt, und hier warten auch immer noch einige Partien auf ihre Verarbeitung. Meine Erfahrungen: Billig-Qualit\u00e4ten fusseln st\u00e4rker. Hochwertige, langfaserige Garne fusseln weniger. Und wenn du Angora tr\u00e4gst, achte darauf, dass die Farbe nicht zu stark vom Rest deiner Kleidung abweicht. Dann sieht man die Fusseln nicht so sehr. \ud83d\ude09<\/p>\n","protected":false},"excerpt":{"rendered":"<p>Das Wollschaf fragt: neulich las ich in einer Zeitung folgenden Tipp, kann es mir nicht vorstellen und m\u00f6chte dazu die Meinung anderer h\u00f6ren. &#8222;Angora- oder Mohairwolle l\u00e4sst sich leichter stricken, wenn man die Kn\u00e4uel vorher \u00fcber Nacht in einer Plastikt\u00fcte im Gefrierfach aufbewahrt.&#8220; Herzlichen Dank an Karin f\u00fcr die heutige Frage Hm, seltsame Frage. Angora &hellip; <a href=\"https:\/\/www.strickforum.de\/blog\/die-verstrickte-dienstagsfrage-282008\/\" class=\"more-link\"><span class=\"screen-reader-text\">\u201eDie verstrickte Dienstagsfrage 28\/2008\u201c <\/span>weiterlesen<\/a><\/p>\n","protected":false},"author":3,"featured_media":0,"comment_status":"open","ping_status":"open","sticky":false,"template":"","format":"standard","meta":{"_seopress_robots_primary_cat":"","_seopress_titles_title":"","_seopress_titles_desc":"","_seopress_robots_index":"","_crdt_document":"","jetpack_post_was_ever_published":false,"_jetpack_newsletter_access":"","_jetpack_dont_email_post_to_subs":false,"_jetpack_newsletter_tier_id":0,"_jetpack_memberships_contains_paywalled_content":false,"_jetpack_memberships_contains_paid_content":false,"footnotes":"","jetpack_publicize_message":"","jetpack_publicize_feature_enabled":true,"jetpack_social_post_already_shared":false,"jetpack_social_options":{"image_generator_settings":{"template":"highway","default_image_id":0,"font":"","enabled":false},"version":2}},"categories":[6],"tags":[],"class_list":["post-436","post","type-post","status-publish","format-standard","hentry","category-6"],"jetpack_publicize_connections":[],"jetpack_featured_media_url":"","jetpack_sharing_enabled":true,"jetpack_shortlink":"https:\/\/wp.me\/p7JbSI-72","jetpack-related-posts":[{"id":1650,"url":"https:\/\/www.strickforum.de\/blog\/die-verstrickte-dienstagsfrage-432013\/","url_meta":{"origin":436,"position":0},"title":"Die verstrickte Dienstagsfrage 43\/2013","author":"Admin","date":"22. Oktober 2013","format":false,"excerpt":"Diese Woche fragt das Wollschaf: Bisher habe ich ja immer einen gro\u00dfen Bogen um Mohairwolle gemacht, aber jetzt hat sie mich doch eingeholt. Gerade verstricke ich Ito Sensai, und w\u00e4hrend ich noch versuche, mit der Fusselb\u00fcrste den Ansturm an Flusen auf meiner Kleidung einzud\u00e4mmen, stellen sich mir ein paar Fragen.\u2026","rel":"","context":"In &quot;Stricken&quot;","block_context":{"text":"Stricken","link":"https:\/\/www.strickforum.de\/blog\/category\/3\/"},"img":{"alt_text":"","src":"","width":0,"height":0},"classes":[]},{"id":1678,"url":"https:\/\/www.strickforum.de\/blog\/versemmeln-und-verzetteln\/","url_meta":{"origin":436,"position":1},"title":"Versemmeln und verzetteln","author":"Admin","date":"5. Dezember 2013","format":false,"excerpt":"Wie die \u00dcberschrift schon andeutet, l\u00e4uft bei mir derzeit vieles schief, oder sagen wir mal, nicht ganz so, wie ich es mir w\u00fcnschen w\u00fcrde. Ich will dabei nicht behaupten, dass ich nichts gebacken kriege, denn die drei letzten Kuchen gerieten sehr gut und fanden viel Beifall. Aber in punkto Stricken\u2026","rel":"","context":"In &quot;Stricken&quot;","block_context":{"text":"Stricken","link":"https:\/\/www.strickforum.de\/blog\/category\/3\/"},"img":{"alt_text":"","src":"","width":0,"height":0},"classes":[]},{"id":71,"url":"https:\/\/www.strickforum.de\/blog\/ein-geschenk\/","url_meta":{"origin":436,"position":2},"title":"Ein Geschenk","author":"Admin","date":"13. Oktober 2005","format":false,"excerpt":"Die zu Beschenkende liest hier mit gr\u00f6\u00dfter Wahrscheinlichkeit nicht mit, deshalb wage ich es mal, dieses Bild eines \u00c4rmels zu zeigen: Das Hauptgarn ist Schoeller \u201cTurbo\u201d aus meinem Vorrat, noch mit vierstelliger Postleitzahl auf der Banderole und deshalb mindestens zw\u00f6lf Jahre alt. Es ist ein Gemisch aus 80 % Wolle\u2026","rel":"","context":"In &quot;Stricken&quot;","block_context":{"text":"Stricken","link":"https:\/\/www.strickforum.de\/blog\/category\/3\/"},"img":{"alt_text":"\u00c4rmel aus Schoeller \u201cTurbo\u201d mit Blende aus Noro \u201cShinano\u201d","src":"https:\/\/i0.wp.com\/www.strickforum.de\/blog\/media\/1\/20051013-turbo_shinano.jpg?resize=350%2C200","width":350,"height":200},"classes":[]},{"id":648,"url":"https:\/\/www.strickforum.de\/blog\/leaf-scarf\/","url_meta":{"origin":436,"position":3},"title":"Leaf Scarf","author":"Admin","date":"19. Februar 2009","format":false,"excerpt":"Dieser lustige kleine Schal ist eine Variante des \u201cAngora Leaf Scarf\u201d aus Lise-Lotte Lystrups Buch \u201cVintage Knitwear for Modern Knitters\u201d. Er fiel mir sofort ins Auge, als ich das Buch zum ersten Mal durchbl\u00e4tterte, und nun habe ich ihn nachgestrickt, allerdings nicht aus Angora, sondern zu Testzwecken aus einem uralten\u2026","rel":"","context":"In &quot;Stricken&quot;","block_context":{"text":"Stricken","link":"https:\/\/www.strickforum.de\/blog\/category\/3\/"},"img":{"alt_text":"Lise-Lotte Lystrup","src":"https:\/\/i0.wp.com\/www.strickforum.de\/blog\/media\/1\/20090219-leafscarf.jpg?resize=350%2C200","width":350,"height":200},"classes":[]},{"id":1225,"url":"https:\/\/www.strickforum.de\/blog\/die-verstrickte-dienstagsfrage-332011\/","url_meta":{"origin":436,"position":4},"title":"Die verstrickte Dienstagsfrage 33\/2011","author":"Admin","date":"16. August 2011","format":false,"excerpt":"Das Wollschaf fragt diese Woche: Habt ihr eigentlich eine \u201cTraumwolle\u201d, die ihr mal gerne verstricken wuerdet (oder auch schon verstrickt habt)? Warum ist sie eure Traumwolle? Wegen der Qualitaet, der Farben, des Strickgefuehls? Und was wuerdet ihr daraus stricken oder habt ihr daraus gestrickt? (Bilder waeren nett!) Vielen Dank an\u2026","rel":"","context":"In &quot;Stricken&quot;","block_context":{"text":"Stricken","link":"https:\/\/www.strickforum.de\/blog\/category\/3\/"},"img":{"alt_text":"Lana 200 von Lanarte","src":"https:\/\/i0.wp.com\/www.strickforum.de\/blog\/media\/1\/20110816-lana-200_lanarte.jpg?resize=350%2C200","width":350,"height":200},"classes":[]},{"id":391,"url":"https:\/\/www.strickforum.de\/blog\/lieblings-strickbuch-favourite-knitting-book\/","url_meta":{"origin":436,"position":5},"title":"Lieblings-Strickbuch? &#8211; Favourite Knitting Book?","author":"Admin","date":"16. Mai 2008","format":false,"excerpt":"Die Frage nach dem Lieblingsbuch wurde bei Ravelry gestellt. Und ich finde sie nicht einfach zu beantworten, weil meine Lieblingsb\u00fccher \u00fcber die Jahre wechseln. Man \u00e4ndert seine Vorlieben, man lernt und sammelt Erfahrungen, man stolpert \u00fcber neue, aufregende Ideen. Soll man da nach zwanzig oder mehr Jahren allen Ernstes noch\u2026","rel":"","context":"In &quot;Stricken&quot;","block_context":{"text":"Stricken","link":"https:\/\/www.strickforum.de\/blog\/category\/3\/"},"img":{"alt_text":"","src":"","width":0,"height":0},"classes":[]}],"_links":{"self":[{"href":"https:\/\/www.strickforum.de\/blog\/wp-json\/wp\/v2\/posts\/436","targetHints":{"allow":["GET"]}}],"collection":[{"href":"https:\/\/www.strickforum.de\/blog\/wp-json\/wp\/v2\/posts"}],"about":[{"href":"https:\/\/www.strickforum.de\/blog\/wp-json\/wp\/v2\/types\/post"}],"author":[{"embeddable":true,"href":"https:\/\/www.strickforum.de\/blog\/wp-json\/wp\/v2\/users\/3"}],"replies":[{"embeddable":true,"href":"https:\/\/www.strickforum.de\/blog\/wp-json\/wp\/v2\/comments?post=436"}],"version-history":[{"count":0,"href":"https:\/\/www.strickforum.de\/blog\/wp-json\/wp\/v2\/posts\/436\/revisions"}],"wp:attachment":[{"href":"https:\/\/www.strickforum.de\/blog\/wp-json\/wp\/v2\/media?parent=436"}],"wp:term":[{"taxonomy":"category","embeddable":true,"href":"https:\/\/www.strickforum.de\/blog\/wp-json\/wp\/v2\/categories?post=436"},{"taxonomy":"post_tag","embeddable":true,"href":"https:\/\/www.strickforum.de\/blog\/wp-json\/wp\/v2\/tags?post=436"}],"curies":[{"name":"wp","href":"https:\/\/api.w.org\/{rel}","templated":true}]}}