{"id":599,"date":"2008-12-28T17:27:00","date_gmt":"2008-12-28T16:27:00","guid":{"rendered":"http:\/\/www.strickforum.de\/blog\/?p=599"},"modified":"2017-08-25T21:42:30","modified_gmt":"2017-08-25T19:42:30","slug":"badischer-speck-gugelhupf","status":"publish","type":"post","link":"https:\/\/www.strickforum.de\/blog\/badischer-speck-gugelhupf\/","title":{"rendered":"Badischer Speck-Gugelhupf"},"content":{"rendered":"<p>Wem nach Weihnachten die vielen s\u00fc\u00dfen Sachen zum Hals heraush\u00e4ngen, der freut sich vielleicht \u00fcber diesen pikanten Gugelhupf, der auch gut auf ein Silvesterbuffet passt.<\/p>\n<p><img data-recalc-dims=\"1\" loading=\"lazy\" decoding=\"async\" src=\"https:\/\/i0.wp.com\/www.strickforum.de\/blog\/media\/1\/20081228-speckgugelhupf.jpg?resize=400%2C349\" alt=\"Badischer Speck-Gugelhupf\" width=\"400\" height=\"349\" \/><\/p>\n<p>Das Originalrezept ist aus dem Buch \u201cBadisch backen\u201d von Achim K\u00e4flein. Ich habe es geringf\u00fcgig abgewandelt, meine Version geht folgenderma\u00dfen:<br \/>\n&#8211; 250 g Mehl (630er Dinkelmehl)<br \/>\n&#8211; 1 T\u00fctchen Trockenhefe<br \/>\n&#8211; 1 Essl\u00f6ffel Zucker<br \/>\n&#8211; Salz<br \/>\n&#8211; 1 Ei<br \/>\n&#8211; einen halben Becher saure Sahne<br \/>\n&#8211; zwei Essl\u00f6ffel \u00d6l<br \/>\n&#8211; etwas warmes Wasser<br \/>\n&#8211; 1 Zwiebel, fein gehackt<br \/>\n&#8211; 75 g Schinkenspeck, fein gehackt<br \/>\n&#8211; 1 kleines Bund Petersilie, gehackt<br \/>\n&#8211; 30 g Waln\u00fcsse, grob gehackt<br \/>\n&#8211; 15 Walnussh\u00e4lften<br \/>\n&#8211; Butter und Mehl f\u00fcr die Form<br \/>\nAus den Zutaten von Mehl bis Wasser einen Hefeteig herstellen, dabei nur soviel warmes Wasser verwenden, dass der Teig gut knetbar, aber nicht zu weich ist. Etwa eine halbe Stunde gehen lassen.<br \/>\nIn der Zwischenzeit Speck und Zwiebel in sehr wenig Fett and\u00fcnsten und abk\u00fchlen lassen. Die Gugelhupfform mit Butter ausstreichen, mit Mehl ausstreuen und die 15 Waln\u00fcsse ringsum auf den Grund legen.<br \/>\nGehackte Waln\u00fcsse, Petersilie und die abgek\u00fchlte Speckmischung unter den Teig kneten. In die Form geben und nochmals mindestens eine halbe Stunde gehen lassen, bis die Form gef\u00fcllt ist. Im Backofen bei 175 Grad (Umluft) 35 Minuten backen.<br \/>\nKann warm oder kalt gegessen werden, schmeckt am Backtag am besten.<\/p>\n","protected":false},"excerpt":{"rendered":"<p>Wem nach Weihnachten die vielen s\u00fc\u00dfen Sachen zum Hals heraush\u00e4ngen, der freut sich vielleicht \u00fcber diesen pikanten Gugelhupf, der auch gut auf ein Silvesterbuffet passt. Das Originalrezept ist aus dem Buch \u201cBadisch backen\u201d von Achim K\u00e4flein. Ich habe es geringf\u00fcgig abgewandelt, meine Version geht folgenderma\u00dfen: &#8211; 250 g Mehl (630er Dinkelmehl) &#8211; 1 T\u00fctchen Trockenhefe &hellip; <a href=\"https:\/\/www.strickforum.de\/blog\/badischer-speck-gugelhupf\/\" class=\"more-link\"><span class=\"screen-reader-text\">\u201eBadischer Speck-Gugelhupf\u201c <\/span>weiterlesen<\/a><\/p>\n","protected":false},"author":3,"featured_media":0,"comment_status":"open","ping_status":"open","sticky":false,"template":"","format":"standard","meta":{"_seopress_robots_primary_cat":"","_seopress_titles_title":"","_seopress_titles_desc":"","_seopress_robots_index":"","_crdt_document":"","jetpack_post_was_ever_published":false,"_jetpack_newsletter_access":"","_jetpack_dont_email_post_to_subs":false,"_jetpack_newsletter_tier_id":0,"_jetpack_memberships_contains_paywalled_content":false,"_jetpack_memberships_contains_paid_content":false,"footnotes":"","jetpack_publicize_message":"","jetpack_publicize_feature_enabled":true,"jetpack_social_post_already_shared":false,"jetpack_social_options":{"image_generator_settings":{"template":"highway","default_image_id":0,"font":"","enabled":false},"version":2}},"categories":[8],"tags":[],"class_list":["post-599","post","type-post","status-publish","format-standard","hentry","category-8"],"jetpack_publicize_connections":[],"jetpack_featured_media_url":"","jetpack_sharing_enabled":true,"jetpack_shortlink":"https:\/\/wp.me\/p7JbSI-9F","jetpack-related-posts":[{"id":1955,"url":"https:\/\/www.strickforum.de\/blog\/adventskuchen-mit-mohren\/","url_meta":{"origin":599,"position":0},"title":"Adventskuchen mit M\u00f6hren","author":"Admin","date":"28. November 2015","format":false,"excerpt":"Vorgestern wies mich eine Kollegin, die wei\u00df, dass ich gern koche und backe, auf diesen Blogeintrag hin. Da ich sowieso noch auf der Suche nach einem Kuchen war, der sich f\u00fcr den ersten Advent eignet, und weil im Prinzip alle Zutaten vorhanden waren, kam er gleich in die engere Wahl.\u2026","rel":"","context":"In &quot;Kulinarisches&quot;","block_context":{"text":"Kulinarisches","link":"https:\/\/www.strickforum.de\/blog\/category\/7\/"},"img":{"alt_text":"","src":"","width":0,"height":0},"classes":[]},{"id":920,"url":"https:\/\/www.strickforum.de\/blog\/champignon-quiche\/","url_meta":{"origin":599,"position":1},"title":"Champignon-Quiche","author":"Admin","date":"29. M\u00e4rz 2010","format":false,"excerpt":"Allen, die noch auf der Suche nach einem vegetarischen Rezept f\u00fcr Karfreitag sind, kann ich diese Quiche w\u00e4rmstens empfehlen. Sie ist \u00fcbrigens die erste, bei der mir der Teig genauso gut schmeckt wie die F\u00fcllung. Die Idee ist aus dem \u201cKochbuch durchs Jahr\u201d der Stiftung Warentest (Berlin 2002), jedoch habe\u2026","rel":"","context":"In &quot;Kulinarisches&quot;","block_context":{"text":"Kulinarisches","link":"https:\/\/www.strickforum.de\/blog\/category\/7\/"},"img":{"alt_text":"Champignon-Quiche","src":"https:\/\/i0.wp.com\/www.strickforum.de\/blog\/media\/1\/20100329-champignon-quiche.jpg?resize=350%2C200","width":350,"height":200},"classes":[]},{"id":1943,"url":"https:\/\/www.strickforum.de\/blog\/zwetschgenstrudel\/","url_meta":{"origin":599,"position":2},"title":"Zwetschgenstrudel","author":"Admin","date":"12. September 2015","format":false,"excerpt":"W\u00e4hrend der Zwetschgenzeit, also praktisch von September bis November, h\u00e4tte ich pers\u00f6nlich kein Problem damit, jede Woche Zwetschgendatschi mit Hefeboden zu backen und zu essen. Wenn allerdings manche Familienmitglieder bereits nach der dritten Woche deutliche Anzeichen von Missbilligung erkennen lassen, tut man gut daran, etwas Abwechslung ins Kuchenprogramm zu bringen.\u2026","rel":"","context":"In &quot;Kulinarisches&quot;","block_context":{"text":"Kulinarisches","link":"https:\/\/www.strickforum.de\/blog\/category\/7\/"},"img":{"alt_text":"","src":"","width":0,"height":0},"classes":[]},{"id":664,"url":"https:\/\/www.strickforum.de\/blog\/brusseler-schokoladenkuchen\/","url_meta":{"origin":599,"position":3},"title":"Br\u00fcsseler Schokoladenkuchen","author":"Admin","date":"15. M\u00e4rz 2009","format":false,"excerpt":"Dieser Kuchen ist ein \u201cfetter\u201d Biskuit und schmeckt sehr lecker. Das Rezept habe ich in einem \u201cMen\u00fc\u201d-Backbuch aus den 1970ern gefunden. Die Menge reicht f\u00fcr eine gro\u00dfe Kastenform (27x11 cm) oder eine mittlere (20x11 cm, siehe Bild) und eine kleine (15x8 cm, siehe Bild) Kastenform oder f\u00fcr vier kleine Kastenformen.\u2026","rel":"","context":"In &quot;Kulinarisches&quot;","block_context":{"text":"Kulinarisches","link":"https:\/\/www.strickforum.de\/blog\/category\/7\/"},"img":{"alt_text":"Br\u00fcsseler Schokoladenkuchen","src":"https:\/\/i0.wp.com\/www.strickforum.de\/blog\/media\/1\/20090315-bruesseler_schokokuchen.jpg?resize=350%2C200","width":350,"height":200},"classes":[]},{"id":269,"url":"https:\/\/www.strickforum.de\/blog\/unsuser-birnen-kase-kuchen\/","url_meta":{"origin":599,"position":4},"title":"Uns\u00fc\u00dfer Birnen-K\u00e4se-Kuchen","author":"Admin","date":"1. September 2007","format":false,"excerpt":"Niemand hat behauptet, ein Kuchen m\u00fcsse immer s\u00fc\u00df sein. Und gerade jetzt, zur Birnenzeit, macht mir das Experimentieren besonderen Spa\u00df. So entstand dieses Rezept f\u00fcr einen pikanten Birnenkuchen. Hefeteig: 220 g Vollkornmehl 1 P\u00e4ckchen Trockenhefe 1 TL Zucker 1 gestr. TL Salz ca. 1\/8 l Wasser 2 EL \u00d6l Belag:\u2026","rel":"","context":"In &quot;Kulinarisches&quot;","block_context":{"text":"Kulinarisches","link":"https:\/\/www.strickforum.de\/blog\/category\/7\/"},"img":{"alt_text":"Birnen-K\u00e4se-Kuchen pikant","src":"https:\/\/i0.wp.com\/www.strickforum.de\/blog\/media\/1\/20070901-birnen_kaese-kuchen.jpg?resize=350%2C200","width":350,"height":200},"classes":[]},{"id":1185,"url":"https:\/\/www.strickforum.de\/blog\/nudelauflauf-mit-thunfischsauce\/","url_meta":{"origin":599,"position":5},"title":"Nudelauflauf mit Thunfischsauce","author":"Admin","date":"6. Juni 2011","format":false,"excerpt":"Ist irgendjemand interessiert an einem sehr leckeren Nudelauflauf, den man gut vorbereiten kann und der sich aus den Vorr\u00e4ten zaubern l\u00e4sst, die man sowieso meistens im Haus hat? Na dann, hier ein Rezept daf\u00fcr. :-) Zutaten: 40 g Butter 1 Essl\u00f6ffel Oliven\u00f6l extra vergine 1 mittelgro\u00dfe Zwiebel, fein gehackt 2\u2026","rel":"","context":"In &quot;Kulinarisches&quot;","block_context":{"text":"Kulinarisches","link":"https:\/\/www.strickforum.de\/blog\/category\/7\/"},"img":{"alt_text":"Nudelauflauf mit Thunfischsauce","src":"https:\/\/i0.wp.com\/www.strickforum.de\/blog\/media\/1\/20110605-nudelauflauf_thunfischsauce.jpg?resize=350%2C200","width":350,"height":200},"classes":[]}],"_links":{"self":[{"href":"https:\/\/www.strickforum.de\/blog\/wp-json\/wp\/v2\/posts\/599","targetHints":{"allow":["GET"]}}],"collection":[{"href":"https:\/\/www.strickforum.de\/blog\/wp-json\/wp\/v2\/posts"}],"about":[{"href":"https:\/\/www.strickforum.de\/blog\/wp-json\/wp\/v2\/types\/post"}],"author":[{"embeddable":true,"href":"https:\/\/www.strickforum.de\/blog\/wp-json\/wp\/v2\/users\/3"}],"replies":[{"embeddable":true,"href":"https:\/\/www.strickforum.de\/blog\/wp-json\/wp\/v2\/comments?post=599"}],"version-history":[{"count":1,"href":"https:\/\/www.strickforum.de\/blog\/wp-json\/wp\/v2\/posts\/599\/revisions"}],"predecessor-version":[{"id":2426,"href":"https:\/\/www.strickforum.de\/blog\/wp-json\/wp\/v2\/posts\/599\/revisions\/2426"}],"wp:attachment":[{"href":"https:\/\/www.strickforum.de\/blog\/wp-json\/wp\/v2\/media?parent=599"}],"wp:term":[{"taxonomy":"category","embeddable":true,"href":"https:\/\/www.strickforum.de\/blog\/wp-json\/wp\/v2\/categories?post=599"},{"taxonomy":"post_tag","embeddable":true,"href":"https:\/\/www.strickforum.de\/blog\/wp-json\/wp\/v2\/tags?post=599"}],"curies":[{"name":"wp","href":"https:\/\/api.w.org\/{rel}","templated":true}]}}