{"id":601,"date":"2008-12-30T09:08:40","date_gmt":"2008-12-30T08:08:40","guid":{"rendered":"http:\/\/www.strickforum.de\/blog\/?p=601"},"modified":"2008-12-30T09:08:40","modified_gmt":"2008-12-30T08:08:40","slug":"die-verstrickte-dienstagsfrage-the-wool-sheeps-question-12009","status":"publish","type":"post","link":"https:\/\/www.strickforum.de\/blog\/die-verstrickte-dienstagsfrage-the-wool-sheeps-question-12009\/","title":{"rendered":"Die verstrickte Dienstagsfrage &#8211; the Wool sheep&#8217;s question 1\/2009"},"content":{"rendered":"<p><b>Das <a href=\"http:\/\/board.stricknetz.net\/blog\/das-wollschaf\/index.php?showentry=4213\" target=\"_blank\">Wollschaf<\/a> fragt:<br \/>\nmich w\u00fcrde mal interessieren was sich die Leute strick- und handarbeitstechnisch so vorgenommen haben f\u00fcr das Neue Jahr &#8211; und ob \u00fcberhaupt!<br \/>\nHerzlichen Dank an <a href=\"http:\/\/board.stricknetz.net\/blog\/woll-lust62\" target=\"_blank\">Birgit<\/a> f\u00fcr die heutige Frage!<\/b><br \/>\nUm Miss Sophie zu zitieren: Same procedure as every year, James: Ich m\u00f6chte weiter von meinen angesammelten Pfunden herunterkommen. Im abgelaufenen Jahr habe ich 12 kg verstrickt; neukaufbereinigt ergab das eine Netto-Reduzierung von gut 5 kg. Au\u00dferdem m\u00f6chte ich mich intensiver mit Maschinestricktechniken auseinandersetzen, \u00fcber die ich k\u00fcrzlich wieder in meinen vielen <a href=\"http:\/\/strickforum.de\/weblog\/index.php?catid=8&amp;blogid=1\" target=\"_blank\">Strickb\u00fcchern<\/a>  gelesen, mit denen ich mich aber bisher viel zuwenig besch\u00e4ftigt habe. Sicherlich kann man beide Vors\u00e4tze gut miteinander kombinieren.<\/p>\n<p><b>The <a href=\"http:\/\/board.stricknetz.net\/blog\/das-wollschaf\/index.php?showentry=4213\" target=\"_blank\">Wool Sheep<\/a> asks:<br \/>\nI would like to know what New Year&#8217;s knitting resolution folks have made  &#8211; and if any!<br \/>\nThank you <a href=\"http:\/\/board.stricknetz.net\/blog\/woll-lust62\" target=\"_blank\">Birgit<\/a> for today&#8217;s question!<\/b><br \/>\nTo quote Miss Sophie: Same procedure as every year, James: I want to further get rid of my accumulated pounds. This year, I processed 12 kg; adjusted for new purchases this results in a net reduction of 5 kg. I also want to make better use of several machine knitting techniques that I read about in my many <a href=\"http:\/\/strickforum.de\/weblog\/index.php?catid=8&amp;blogid=1\" target=\"_blank\">knitting books<\/a> and which I have not explored so far. It should be well within the realms of possibility to combine both resolutions.<\/p>\n","protected":false},"excerpt":{"rendered":"<p>Das Wollschaf fragt: mich w\u00fcrde mal interessieren was sich die Leute strick- und handarbeitstechnisch so vorgenommen haben f\u00fcr das Neue Jahr &#8211; und ob \u00fcberhaupt! Herzlichen Dank an Birgit f\u00fcr die heutige Frage! Um Miss Sophie zu zitieren: Same procedure as every year, James: Ich m\u00f6chte weiter von meinen angesammelten Pfunden herunterkommen. Im abgelaufenen Jahr &hellip; <a href=\"https:\/\/www.strickforum.de\/blog\/die-verstrickte-dienstagsfrage-the-wool-sheeps-question-12009\/\" class=\"more-link\"><span class=\"screen-reader-text\">\u201eDie verstrickte Dienstagsfrage &#8211; the Wool sheep&#8217;s question 1\/2009\u201c <\/span>weiterlesen<\/a><\/p>\n","protected":false},"author":3,"featured_media":0,"comment_status":"open","ping_status":"open","sticky":false,"template":"","format":"standard","meta":{"_seopress_robots_primary_cat":"","_seopress_titles_title":"","_seopress_titles_desc":"","_seopress_robots_index":"","_crdt_document":"","jetpack_post_was_ever_published":false,"_jetpack_newsletter_access":"","_jetpack_dont_email_post_to_subs":false,"_jetpack_newsletter_tier_id":0,"_jetpack_memberships_contains_paywalled_content":false,"_jetpack_memberships_contains_paid_content":false,"footnotes":"","jetpack_publicize_message":"","jetpack_publicize_feature_enabled":true,"jetpack_social_post_already_shared":false,"jetpack_social_options":{"image_generator_settings":{"template":"highway","default_image_id":0,"font":"","enabled":false},"version":2}},"categories":[6],"tags":[],"class_list":["post-601","post","type-post","status-publish","format-standard","hentry","category-6"],"jetpack_publicize_connections":[],"jetpack_featured_media_url":"","jetpack_sharing_enabled":true,"jetpack_shortlink":"https:\/\/wp.me\/p7JbSI-9H","jetpack-related-posts":[{"id":1295,"url":"https:\/\/www.strickforum.de\/blog\/die-verstrickte-dienstagsfrage-12012\/","url_meta":{"origin":601,"position":0},"title":"Die verstrickte Dienstagsfrage 1\/2012","author":"Admin","date":"3. Januar 2012","format":false,"excerpt":"Diese Woche fragt das Wollschaf: Mich w\u00fcrde mal interessieren, wo Ihr Eure Anleitungen her bekommt. Denkt Ihr Euch selbst was aus und schreibt eigene Anleitungen, oder kauft Ihr Euch Zeitungen\/B\u00fccher, st\u00f6bert Ihr im Internet oder tauscht Ihr vielleicht auf Stricktreffen mit anderen StrickerInnen Anleitungen aus? Vielen Dank an Nadja f\u00fcr\u2026","rel":"","context":"In &quot;Stricken&quot;","block_context":{"text":"Stricken","link":"https:\/\/www.strickforum.de\/blog\/category\/3\/"},"img":{"alt_text":"","src":"","width":0,"height":0},"classes":[]},{"id":744,"url":"https:\/\/www.strickforum.de\/blog\/die-verstrickte-dienstagsfrage-272009\/","url_meta":{"origin":601,"position":1},"title":"Die verstrickte Dienstagsfrage 27\/2009","author":"Admin","date":"30. Juni 2009","format":false,"excerpt":"Das Wollschaf fragt: Was mich schon immer mal interessiert hat - wie alt ist eigentlich euer \u00e4ltestes Strickteil, das ihr noch immer im t\u00e4glichen Leben (also nicht nur bei der Gartenarbeit!) tragt? Herzlichen Dank an Angi f\u00fcr die heutige Frage! Erg\u00e4nzend dazu w\u00fcrde das Wollschaf dabei interessieren warum du das\u2026","rel":"","context":"In &quot;Stricken&quot;","block_context":{"text":"Stricken","link":"https:\/\/www.strickforum.de\/blog\/category\/3\/"},"img":{"alt_text":"gelbgeringelte Raglanjacke aus Baumwoll-Flamm\u00e9garn","src":"https:\/\/i0.wp.com\/www.strickforum.de\/blog\/media\/1\/20090630-raglanjacke_gelb.jpg?resize=350%2C200","width":350,"height":200},"classes":[]},{"id":689,"url":"https:\/\/www.strickforum.de\/blog\/die-verstrickte-dienstagsfrage-152009\/","url_meta":{"origin":601,"position":2},"title":"Die verstrickte Dienstagsfrage 15\/2009","author":"Admin","date":"7. April 2009","format":false,"excerpt":"Das Wollschaf fragt: Mich w\u00fcrde mal interessieren, worin f\u00fcr Euch der Sinn der verstrickten Dienstagsfragen liegt. Einfach zu fragen und zu beantworten? Neues dazu zu lernen? Meinungen der anderen zu lesen? Sich mal richtig was von der Seele zu schreiben? Oder auch darin, die gegenseitigen Blogbesuche ein bi\u00dfchen zu erweitern?\u2026","rel":"","context":"In &quot;Allgemeines&quot;","block_context":{"text":"Allgemeines","link":"https:\/\/www.strickforum.de\/blog\/category\/1\/"},"img":{"alt_text":"","src":"","width":0,"height":0},"classes":[]},{"id":1204,"url":"https:\/\/www.strickforum.de\/blog\/die-verstrickte-dienstagsfrage-282011\/","url_meta":{"origin":601,"position":3},"title":"Die verstrickte Dienstagsfrage 28\/2011","author":"Admin","date":"13. Juli 2011","format":false,"excerpt":"Das Wollschaf fragt diese Woche: Ich sortiere gerade meine Strickbuchsammlung neu und finde kein wirklich logisches Ordnungssystem. Daher w\u00fcrde mich mal interessieren, wie andere ihre Strick-Fachliteratur organisieren. Nach Autor? Nach Sachgebiet (Modellb\u00fccher, Mustersammlungen, Techniken)? Falls letzteres, was macht Ihr mit B\u00fcchern, die in mehrere Kategorien passen? Oder habt Ihr vielleicht\u2026","rel":"","context":"In &quot;Stricken&quot;","block_context":{"text":"Stricken","link":"https:\/\/www.strickforum.de\/blog\/category\/3\/"},"img":{"alt_text":"","src":"","width":0,"height":0},"classes":[]},{"id":921,"url":"https:\/\/www.strickforum.de\/blog\/die-verstrickte-dienstagsfrage-132010\/","url_meta":{"origin":601,"position":4},"title":"Die verstrickte Dienstagsfrage 13\/2010","author":"Admin","date":"30. M\u00e4rz 2010","format":false,"excerpt":"Das Wollschaf fragt: Da ich viel frei nach Schnauze stricke kommt es des \u00f6fteren vor, das ich auch mal ganze Teile wieder aufribbeln muss weil sie nicht passen. Mich w\u00fcrde interessieren, wenn ihr etwas strickt und es passt nicht. Wie oft trennt ihr maximal das gestrickte wieder auf bevor ihr\u2026","rel":"","context":"In &quot;Stricken&quot;","block_context":{"text":"Stricken","link":"https:\/\/www.strickforum.de\/blog\/category\/3\/"},"img":{"alt_text":"","src":"","width":0,"height":0},"classes":[]},{"id":1236,"url":"https:\/\/www.strickforum.de\/blog\/die-verstrickte-dienstagsfrage-382011\/","url_meta":{"origin":601,"position":5},"title":"Die verstrickte Dienstagsfrage 38\/2011","author":"Admin","date":"20. September 2011","format":false,"excerpt":"Das Wollschaf fragt diese Woche: Mich w\u00fcrde interessieren, wie andere ihre \u201cTo do\u201d-Liste verwalten. Ich habe f\u00fcr mich den Eindruck, da\u00df ich wie ein Hamster Anleitungen und Anregungen sammle und diese dann wieder vergesse. Irgendwann f\u00e4llt mir die Anleitung oder ein Bild in die H\u00e4nde und ich denke: \u201cAch, das\u2026","rel":"","context":"In &quot;Stricken&quot;","block_context":{"text":"Stricken","link":"https:\/\/www.strickforum.de\/blog\/category\/3\/"},"img":{"alt_text":"","src":"","width":0,"height":0},"classes":[]}],"_links":{"self":[{"href":"https:\/\/www.strickforum.de\/blog\/wp-json\/wp\/v2\/posts\/601","targetHints":{"allow":["GET"]}}],"collection":[{"href":"https:\/\/www.strickforum.de\/blog\/wp-json\/wp\/v2\/posts"}],"about":[{"href":"https:\/\/www.strickforum.de\/blog\/wp-json\/wp\/v2\/types\/post"}],"author":[{"embeddable":true,"href":"https:\/\/www.strickforum.de\/blog\/wp-json\/wp\/v2\/users\/3"}],"replies":[{"embeddable":true,"href":"https:\/\/www.strickforum.de\/blog\/wp-json\/wp\/v2\/comments?post=601"}],"version-history":[{"count":0,"href":"https:\/\/www.strickforum.de\/blog\/wp-json\/wp\/v2\/posts\/601\/revisions"}],"wp:attachment":[{"href":"https:\/\/www.strickforum.de\/blog\/wp-json\/wp\/v2\/media?parent=601"}],"wp:term":[{"taxonomy":"category","embeddable":true,"href":"https:\/\/www.strickforum.de\/blog\/wp-json\/wp\/v2\/categories?post=601"},{"taxonomy":"post_tag","embeddable":true,"href":"https:\/\/www.strickforum.de\/blog\/wp-json\/wp\/v2\/tags?post=601"}],"curies":[{"name":"wp","href":"https:\/\/api.w.org\/{rel}","templated":true}]}}