{"id":612,"date":"2009-01-07T18:47:06","date_gmt":"2009-01-07T17:47:06","guid":{"rendered":"http:\/\/www.strickforum.de\/blog\/?p=612"},"modified":"2009-01-07T18:47:06","modified_gmt":"2009-01-07T17:47:06","slug":"ich-glaub-ich-spinne","status":"publish","type":"post","link":"https:\/\/www.strickforum.de\/blog\/ich-glaub-ich-spinne\/","title":{"rendered":"Ich glaub, ich spinne!"},"content":{"rendered":"<p>Jedenfalls demn\u00e4chst. Man traut mir n\u00e4mlich so etwas zu, habe ich heute erfahren, als dieses Buch sich g\u00e4nzlich unerwartet in meinem Briefkasten einfand. <\/p>\n<p><img data-recalc-dims=\"1\" src=\"https:\/\/i0.wp.com\/www.strickforum.de\/blog\/media\/1\/20090107-startspinning.jpg?resize=400%2C316\" width=\"400\"  height=\"316\"  alt='Maggie Casey, Start Spinning'  \/><\/p>\n<p>Herzlichen Dank, Du da drau\u00dfen, mehr als 400 km entfernt im Westen! \ud83d\ude42 Eine Spindel habe ich sogar schon, die hat mir mal mein Vater gebaut. Und Rohwolle wird sich auch finden. <\/p>\n","protected":false},"excerpt":{"rendered":"<p>Jedenfalls demn\u00e4chst. Man traut mir n\u00e4mlich so etwas zu, habe ich heute erfahren, als dieses Buch sich g\u00e4nzlich unerwartet in meinem Briefkasten einfand. Herzlichen Dank, Du da drau\u00dfen, mehr als 400 km entfernt im Westen! \ud83d\ude42 Eine Spindel habe ich sogar schon, die hat mir mal mein Vater gebaut. Und Rohwolle wird sich auch finden.<\/p>\n","protected":false},"author":3,"featured_media":0,"comment_status":"open","ping_status":"open","sticky":false,"template":"","format":"standard","meta":{"_seopress_robots_primary_cat":"","_seopress_titles_title":"","_seopress_titles_desc":"","_seopress_robots_index":"","_crdt_document":"","jetpack_post_was_ever_published":false,"_jetpack_newsletter_access":"","_jetpack_dont_email_post_to_subs":false,"_jetpack_newsletter_tier_id":0,"_jetpack_memberships_contains_paywalled_content":false,"_jetpack_memberships_contains_paid_content":false,"footnotes":"","jetpack_publicize_message":"","jetpack_publicize_feature_enabled":true,"jetpack_social_post_already_shared":false,"jetpack_social_options":{"image_generator_settings":{"template":"highway","default_image_id":0,"font":"","enabled":false},"version":2}},"categories":[5],"tags":[],"class_list":["post-612","post","type-post","status-publish","format-standard","hentry","category-5"],"jetpack_publicize_connections":[],"jetpack_featured_media_url":"","jetpack_sharing_enabled":true,"jetpack_shortlink":"https:\/\/wp.me\/p7JbSI-9S","jetpack-related-posts":[{"id":538,"url":"https:\/\/www.strickforum.de\/blog\/was-freunde-bewirken-konnen-what-friends-can-accomplish\/","url_meta":{"origin":612,"position":0},"title":"Was Freunde bewirken k\u00f6nnen &#8211; What friends can accomplish","author":"Admin","date":"16. Oktober 2008","format":false,"excerpt":"Man kommt wieder einmal niedergeschlagen nach Hause und findet im Briefkasten einen DHL-Benachrichtigungszettel. Man klingelt bei der Nachbarin, die das P\u00e4ckchen entgegengenommen hat, und wundert sich noch, dass da etwas von Amazon gekommen ist, obwohl man doch gar nichts bestellt hat. Man packt aus \u2014 und staunt. Und freut sich\u2026","rel":"","context":"In &quot;Allgemeines&quot;","block_context":{"text":"Allgemeines","link":"https:\/\/www.strickforum.de\/blog\/category\/1\/"},"img":{"alt_text":"Druchunas, Ethnic Knitting Discovery","src":"https:\/\/i0.wp.com\/www.strickforum.de\/blog\/media\/1\/20081016-ethnic-knitting-discovery.jpg?resize=350%2C200","width":350,"height":200},"classes":[]},{"id":581,"url":"https:\/\/www.strickforum.de\/blog\/grunstreifen\/","url_meta":{"origin":612,"position":1},"title":"Gr\u00fcnstreifen","author":"Admin","date":"11. Dezember 2008","format":false,"excerpt":"Wenn einem beim Autofahren unerwartet der Gr\u00fcnstreifen entgegenkommt, ist das fast immer \u00fcbel. Wenn einem jedoch beim Auspacken eines Packetes (an dieser Stelle vielen Dank dem \u00f6rtlichen G\u00f6tterboten, der erst nach 19:00 ein- und mich deshalb tats\u00e4chlich zuhause antraf) pl\u00f6tzlich ein Gr\u00fcnstreifen entgegenpurzelt, dann ist das eine g\u00e4nzlich unverhoffte Freude.\u2026","rel":"","context":"In &quot;Stricken&quot;","block_context":{"text":"Stricken","link":"https:\/\/www.strickforum.de\/blog\/category\/3\/"},"img":{"alt_text":"Gr\u00fcnstreifen-Schal","src":"https:\/\/i0.wp.com\/www.strickforum.de\/blog\/media\/1\/20081211-gruenstreifen.jpg?resize=350%2C200","width":350,"height":200},"classes":[]},{"id":213,"url":"https:\/\/www.strickforum.de\/blog\/uberraschung-2\/","url_meta":{"origin":612,"position":2},"title":"\u00dcberraschung","author":"Admin","date":"15. Januar 2007","format":false,"excerpt":"Als ich gestern abend von einer Reise zur\u00fcckkam, lag im Briefkasten ein blauer Abholzettel f\u00fcr einen Brief, den die Post nicht hatte zustellen k\u00f6nnen. Und heute durfte ich am Postamt eine geheimnisvolle Schachtel abholen. Darin befand sich, liebevoll verpackt, ein noch geheimnisvollerer Inhalt. Und als ich dann auspackte, fand ich\u2026","rel":"","context":"In &quot;Allgemeines&quot;","block_context":{"text":"Allgemeines","link":"https:\/\/www.strickforum.de\/blog\/category\/1\/"},"img":{"alt_text":"Wollerey)%><\/td><td><%image(20070115-wollerey02.jpg","src":"https:\/\/i0.wp.com\/www.strickforum.de\/blog\/media\/1\/20070115-wollerey01.jpg?resize=350%2C200","width":350,"height":200},"classes":[]},{"id":991,"url":"https:\/\/www.strickforum.de\/blog\/die-verstrickte-dienstagsfrage-302010\/","url_meta":{"origin":612,"position":3},"title":"Die verstrickte Dienstagsfrage 30\/2010","author":"Admin","date":"27. Juli 2010","format":false,"excerpt":"Das Wollschaf fragt diesmal: Ich verwende sehr gern handgef\u00e4rbte Wolle, die immer in Str\u00e4ngen geliefert wird. Erheblich weniger gern verbringe ich meine Zeit damit, diese Str\u00e4nge m\u00fchsam per Hand zu Kn\u00e4ueln zu wickeln. Manchmal verheddert sich der Faden beim Wickeln, manchmal ist der Strang in sich verheddert, es gibt Knoten,\u2026","rel":"","context":"In &quot;Stricken&quot;","block_context":{"text":"Stricken","link":"https:\/\/www.strickforum.de\/blog\/category\/3\/"},"img":{"alt_text":"","src":"","width":0,"height":0},"classes":[]},{"id":1038,"url":"https:\/\/www.strickforum.de\/blog\/die-verstrickte-dienstagsfrage-412010\/","url_meta":{"origin":612,"position":4},"title":"Die verstrickte Dienstagsfrage 41\/2010","author":"Admin","date":"12. Oktober 2010","format":false,"excerpt":"Das Wollschaf fragt heute: Du hast dir ein Strickheft gekauft und es dir gem\u00fctlich gemacht, um es zu lesen. Wie gehst du vor? 1. Ich beginne mit dem Editorial oder dem Inhaltsverzeichnis und lese Seite f\u00fcr Seite bis zum Schluss. Die Anleitungen beachte ich nicht. 2. Ich \u00fcberfliege nur alles\u2026","rel":"","context":"In &quot;Stricken&quot;","block_context":{"text":"Stricken","link":"https:\/\/www.strickforum.de\/blog\/category\/3\/"},"img":{"alt_text":"neue Handarbeitszeitschriften","src":"https:\/\/i0.wp.com\/www.strickforum.de\/blog\/media\/1\/20101012-zeitschriften.jpg?resize=350%2C200","width":350,"height":200},"classes":[]},{"id":839,"url":"https:\/\/www.strickforum.de\/blog\/die-verstrickte-dienstagsfrage-482009\/","url_meta":{"origin":612,"position":5},"title":"Die verstrickte Dienstagsfrage 48\/2009","author":"Admin","date":"24. November 2009","format":false,"excerpt":"Das Wollschaf fragt: Strickt ihr am liebsten vor dem Fernseher, Radio? Oder mit Musik (cd) evtl. bei einem H\u00f6rbuch, in Gesellschaft oder ganz in Ruhe? Herzlichen Dank an Gudrun f\u00fcr die heutige Frage! Gibt es \u00fcberhaupt noch Menschen, die sich gelegentlich den Luxus g\u00f6nnen, sich g\u00e4nzlich auf eine einzige T\u00e4tigkeit\u2026","rel":"","context":"In &quot;Stricken&quot;","block_context":{"text":"Stricken","link":"https:\/\/www.strickforum.de\/blog\/category\/3\/"},"img":{"alt_text":"","src":"","width":0,"height":0},"classes":[]}],"_links":{"self":[{"href":"https:\/\/www.strickforum.de\/blog\/wp-json\/wp\/v2\/posts\/612","targetHints":{"allow":["GET"]}}],"collection":[{"href":"https:\/\/www.strickforum.de\/blog\/wp-json\/wp\/v2\/posts"}],"about":[{"href":"https:\/\/www.strickforum.de\/blog\/wp-json\/wp\/v2\/types\/post"}],"author":[{"embeddable":true,"href":"https:\/\/www.strickforum.de\/blog\/wp-json\/wp\/v2\/users\/3"}],"replies":[{"embeddable":true,"href":"https:\/\/www.strickforum.de\/blog\/wp-json\/wp\/v2\/comments?post=612"}],"version-history":[{"count":0,"href":"https:\/\/www.strickforum.de\/blog\/wp-json\/wp\/v2\/posts\/612\/revisions"}],"wp:attachment":[{"href":"https:\/\/www.strickforum.de\/blog\/wp-json\/wp\/v2\/media?parent=612"}],"wp:term":[{"taxonomy":"category","embeddable":true,"href":"https:\/\/www.strickforum.de\/blog\/wp-json\/wp\/v2\/categories?post=612"},{"taxonomy":"post_tag","embeddable":true,"href":"https:\/\/www.strickforum.de\/blog\/wp-json\/wp\/v2\/tags?post=612"}],"curies":[{"name":"wp","href":"https:\/\/api.w.org\/{rel}","templated":true}]}}