{"id":617,"date":"2009-01-11T19:56:36","date_gmt":"2009-01-11T18:56:36","guid":{"rendered":"http:\/\/www.strickforum.de\/blog\/?p=617"},"modified":"2009-01-11T19:56:36","modified_gmt":"2009-01-11T18:56:36","slug":"firefox-problem-gelost","status":"publish","type":"post","link":"https:\/\/www.strickforum.de\/blog\/firefox-problem-gelost\/","title":{"rendered":"Firefox-Problem gel\u00f6st"},"content":{"rendered":"<p>Weil ich selbst in vielerlei Hinsicht zu diversen Minderheiten geh\u00f6re, habe ich eine Schw\u00e4che f\u00fcr Minderheiten. Nicht nur deshalb bin ich \u00fcberzeugte Opera-Benutzerin, seit es diesen Browser gibt, also seit ungef\u00e4hr 1997. Aber gelegentlich braucht man eine Alternative zum Lieblings-Browser, vor allem, weil manche Webseiten mit Opera leider immer noch nicht korrekt dargestellt werden. Das liegt dann \u00fcbrigens nicht am Browser, sondern h\u00f6chstens an irgendwelchen Webdesignern, die es manchmal nicht schaffen, die Seiten w3c-gem\u00e4\u00df zu gestalten. Gelegentlich meinen sie auch, alles, was sich nicht als IE identifiziert, m\u00fcsse vom Mitspielen ausgeschlossen werden, und das ist dann ebenfalls ein Handicap f\u00fcr den armen Opera. <br \/>\nWo war ich stehen geblieben? Ach ja, Alternativen. Vergangenen Monat installierte ich also die neueste Version des Firefox, und sie war langsamer denn je. Schon mit der Vor-Version war ich recht ungl\u00fccklich gewesen, weil alle Seiten damit in extremer Zeitlupe luden, und ich fand keine M\u00f6glichkeit, das Laden zu beschleunigen. Heute hatte ich die Nase wieder einmal voll und deinstallierte den ganzen Kram. Rechner neu starten, Firefox neu installieren. Resultat: Wieder grottig langsam. Es war zum Verr\u00fccktwerden, selbst im Safe-Mode. Auch die einschl\u00e4gigen Hilfeforen brachten keine Erkenntnis. <br \/>\nSchlie\u00dflich kam mir eine Idee. Ich gehe \u00fcber einen Router ins Internet, der auch als Firewall fungiert, zus\u00e4tzlich zu meiner normalen Computer-Firewall. In der Router-Software sind alle Programme eingetragen, die &#8220;hinaus&#8221; d\u00fcrfen. Selbstverst\u00e4ndlich war auch Firefox darunter. Allerdings war dort eine sehr alte Version genannt, und die Router-Firewall hat nach einem Update nie nachgefragt, ob die neuere Version ebenfalls &#8220;raus&#8221; d\u00fcrfte. Ich l\u00f6schte die alte FF-Version und trug die neue h\u00e4ndisch ein. Und voil\u00e0, seither rennt der Feuerfuchs wie verr\u00fcckt. Falls Euch also ein \u00e4hnliches Problem plagt, pr\u00fcft mal die Details Eurer Firewall-Einstellungen.<\/p>\n","protected":false},"excerpt":{"rendered":"<p>Weil ich selbst in vielerlei Hinsicht zu diversen Minderheiten geh\u00f6re, habe ich eine Schw\u00e4che f\u00fcr Minderheiten. Nicht nur deshalb bin ich \u00fcberzeugte Opera-Benutzerin, seit es diesen Browser gibt, also seit ungef\u00e4hr 1997. Aber gelegentlich braucht man eine Alternative zum Lieblings-Browser, vor allem, weil manche Webseiten mit Opera leider immer noch nicht korrekt dargestellt werden. Das &hellip; <a href=\"https:\/\/www.strickforum.de\/blog\/firefox-problem-gelost\/\" class=\"more-link\"><span class=\"screen-reader-text\">\u201eFirefox-Problem gel\u00f6st\u201c <\/span>weiterlesen<\/a><\/p>\n","protected":false},"author":3,"featured_media":0,"comment_status":"open","ping_status":"open","sticky":false,"template":"","format":"standard","meta":{"_seopress_robots_primary_cat":"","_seopress_titles_title":"","_seopress_titles_desc":"","_seopress_robots_index":"","_crdt_document":"","jetpack_post_was_ever_published":false,"_jetpack_newsletter_access":"","_jetpack_dont_email_post_to_subs":false,"_jetpack_newsletter_tier_id":0,"_jetpack_memberships_contains_paywalled_content":false,"_jetpack_memberships_contains_paid_content":false,"footnotes":"","jetpack_publicize_message":"","jetpack_publicize_feature_enabled":true,"jetpack_social_post_already_shared":false,"jetpack_social_options":{"image_generator_settings":{"template":"highway","default_image_id":0,"font":"","enabled":false},"version":2}},"categories":[5],"tags":[],"class_list":["post-617","post","type-post","status-publish","format-standard","hentry","category-5"],"jetpack_publicize_connections":[],"jetpack_featured_media_url":"","jetpack_sharing_enabled":true,"jetpack_shortlink":"https:\/\/wp.me\/p7JbSI-9X","jetpack-related-posts":[{"id":230,"url":"https:\/\/www.strickforum.de\/blog\/fruhjahrsputz\/","url_meta":{"origin":617,"position":0},"title":"Fr\u00fchjahrsputz","author":"Admin","date":"31. M\u00e4rz 2007","format":false,"excerpt":"Zugegeben, ich bin eine altmodische Blogleserin. Ich verwende keine der aktuellen Feedreader-Software, sondern klicke mich von Hand per Browser (ich bin Opera-Fan) von einem Blog zum anderen durch, wenn die Links mir interessant erscheinen. Gerade dabei stelle ich oft frustriert fest, dass viele der Links, die in den Strickblogs angeboten\u2026","rel":"","context":"In &quot;Allgemeines&quot;","block_context":{"text":"Allgemeines","link":"https:\/\/www.strickforum.de\/blog\/category\/1\/"},"img":{"alt_text":"","src":"","width":0,"height":0},"classes":[]},{"id":975,"url":"https:\/\/www.strickforum.de\/blog\/liebe-firefox-benutzer\/","url_meta":{"origin":617,"position":1},"title":"Liebe Firefox-Benutzer!","author":"Admin","date":"3. Juli 2010","format":false,"excerpt":"Es tut mir leid, f\u00fcr Euch sieht dieses Blog derzeit kaputt aus, aber das ist, soweit ich es feststellen kann, firefoxspezifisch, und anscheinend auch erst seit dem letzten Update. In Opera, im Internet Explorer, in meinem Feedreader und auch im Safari, den ich auf dem IPad habe, sieht alles so\u2026","rel":"","context":"In &quot;Allgemeines&quot;","block_context":{"text":"Allgemeines","link":"https:\/\/www.strickforum.de\/blog\/category\/1\/"},"img":{"alt_text":"Dieses Weblog auf dem IPad","src":"https:\/\/i0.wp.com\/www.strickforum.de\/blog\/media\/1\/20100703-weblog-auf-ipad.jpg?resize=350%2C200","width":350,"height":200},"classes":[]},{"id":421,"url":"https:\/\/www.strickforum.de\/blog\/update-downdate\/","url_meta":{"origin":617,"position":2},"title":"Update + Downdate","author":"Admin","date":"18. Juni 2008","format":false,"excerpt":"Ich bin seit Jahren begeisterte Opera-Nutzerin. Gestern installierte ich auf meinem B\u00fcro-Laptop das neue Update auf Version 9.50. Und zwei Stunden sp\u00e4ter ging ich reuevoll wieder zur\u00fcck auf Version 9.27. Der Grund: Die neue Version verbrauchte 100 % CPU-Leistung und war grottenlangsam. S\u00e4mtliche Webseiten \u00f6ffneten sich nur im Zeitlupentempo, und\u2026","rel":"","context":"In &quot;Allgemeines&quot;","block_context":{"text":"Allgemeines","link":"https:\/\/www.strickforum.de\/blog\/category\/1\/"},"img":{"alt_text":"","src":"","width":0,"height":0},"classes":[]},{"id":395,"url":"https:\/\/www.strickforum.de\/blog\/die-verstrickte-dienstagsfrage-212008\/","url_meta":{"origin":617,"position":3},"title":"Die verstrickte Dienstagsfrage &#8211; 21\/2008","author":"Admin","date":"20. Mai 2008","format":false,"excerpt":"Das Wollschaf fragt: Wenn ich mich so durch die Blogs klicke, f\u00e4llt mir auf, dass ich nicht \u00fcberall gleich gerne lese- was nicht am Inhalt liegt. Darum meine Frage: Wie ist ein Blog, den (oder das?)du gerne liest? Viele Smilies oder wenige? Schriftgr\u00f6\u00dfe? Textl\u00e4nge? Bilder? Hintergrundfarbe? (etc. und nat\u00fcrlich auch\u2026","rel":"","context":"In &quot;Stricken&quot;","block_context":{"text":"Stricken","link":"https:\/\/www.strickforum.de\/blog\/category\/3\/"},"img":{"alt_text":"","src":"","width":0,"height":0},"classes":[]},{"id":987,"url":"https:\/\/www.strickforum.de\/blog\/die-verstrickte-dienstagsfrage-292010\/","url_meta":{"origin":617,"position":4},"title":"Die verstrickte Dienstagsfrage 29\/2010","author":"Admin","date":"20. Juli 2010","format":false,"excerpt":"Das Wollschaf fragt heute: Was macht ihr mit Selbstgestricktem, das euch nicht mehr gef\u00e4llt oder passt? Auftrennen? Verschenken? Wegwerfen? In die Kleidersammlung? Aufheben als Erinnerung? Herzlichen Dank an Reni f\u00fcr die heutige Frage! Wenn man wie ich seit Jahrzehnten strickt, ist es wirklich gelegentlich erforderlich, den Schrankinhalt auf Brauchbarkeit zu\u2026","rel":"","context":"In &quot;Stricken&quot;","block_context":{"text":"Stricken","link":"https:\/\/www.strickforum.de\/blog\/category\/3\/"},"img":{"alt_text":"","src":"","width":0,"height":0},"classes":[]},{"id":442,"url":"https:\/\/www.strickforum.de\/blog\/zuruck-an-absender-return-to-sender\/","url_meta":{"origin":617,"position":5},"title":"Zur\u00fcck an Absender &#8211; Return to sender","author":"Admin","date":"13. Juli 2008","format":false,"excerpt":"Gelegentlich passiert es, dass mir ein frisch eingetroffenes Strickbuch nicht gef\u00e4llt. \u201cTwo-Stich Knits\u201d von Jane Crowfoot ist so ein Fall. Die Aufmachung ist sehr sch\u00f6n und aufw\u00e4ndig, mit Spiralbindung innerhalb eines festen Einbands, dadurch kann man gut drin bl\u00e4ttern, und das Buch ist trotzdem solide. Gut ein Viertel des Inhalts\u2026","rel":"","context":"In &quot;Buchkritiken&quot;","block_context":{"text":"Buchkritiken","link":"https:\/\/www.strickforum.de\/blog\/category\/8\/"},"img":{"alt_text":"Jane Crowfoot, \u201cTwo-stitch Knits\u201d","src":"https:\/\/i0.wp.com\/www.strickforum.de\/blog\/media\/1\/20080713-crowfoot_twostitch.jpg?resize=350%2C200","width":350,"height":200},"classes":[]}],"_links":{"self":[{"href":"https:\/\/www.strickforum.de\/blog\/wp-json\/wp\/v2\/posts\/617","targetHints":{"allow":["GET"]}}],"collection":[{"href":"https:\/\/www.strickforum.de\/blog\/wp-json\/wp\/v2\/posts"}],"about":[{"href":"https:\/\/www.strickforum.de\/blog\/wp-json\/wp\/v2\/types\/post"}],"author":[{"embeddable":true,"href":"https:\/\/www.strickforum.de\/blog\/wp-json\/wp\/v2\/users\/3"}],"replies":[{"embeddable":true,"href":"https:\/\/www.strickforum.de\/blog\/wp-json\/wp\/v2\/comments?post=617"}],"version-history":[{"count":0,"href":"https:\/\/www.strickforum.de\/blog\/wp-json\/wp\/v2\/posts\/617\/revisions"}],"wp:attachment":[{"href":"https:\/\/www.strickforum.de\/blog\/wp-json\/wp\/v2\/media?parent=617"}],"wp:term":[{"taxonomy":"category","embeddable":true,"href":"https:\/\/www.strickforum.de\/blog\/wp-json\/wp\/v2\/categories?post=617"},{"taxonomy":"post_tag","embeddable":true,"href":"https:\/\/www.strickforum.de\/blog\/wp-json\/wp\/v2\/tags?post=617"}],"curies":[{"name":"wp","href":"https:\/\/api.w.org\/{rel}","templated":true}]}}