{"id":625,"date":"2009-01-20T07:44:12","date_gmt":"2009-01-20T06:44:12","guid":{"rendered":"http:\/\/www.strickforum.de\/blog\/?p=625"},"modified":"2009-01-20T07:44:12","modified_gmt":"2009-01-20T06:44:12","slug":"die-verstrickte-dienstagsfrage-the-wool-sheeps-question-42009","status":"publish","type":"post","link":"https:\/\/www.strickforum.de\/blog\/die-verstrickte-dienstagsfrage-the-wool-sheeps-question-42009\/","title":{"rendered":"Die verstrickte Dienstagsfrage &#8211; the Wool Sheep&#8217;s question 4\/2009"},"content":{"rendered":"<p><b>Das <a href=\"http:\/\/board.stricknetz.net\/blog\/das-wollschaf\/index.php?showentry=4331\" target=\"_blank\">Wollschaf<\/a> fragt: &#8220;Wenn ihr Wolle &#8221;auf Vorrat&#8220; \/ ein Schn\u00e4ppchen kauft, wie viel Gramm \/ wie viele Kn\u00e4uel sind es? Kauft Ihr immer genug f\u00fcr einen Pullover ein, damit ihr dann nicht mit dem genialsten Garn f\u00fcr genau dieses Projekt dasteht, davon aber nur 3 Kn\u00e4uel habt?&#8221;<br \/>\nHerzlichen Dank an <a href=\"http:\/\/okifushi-matz.blogspot.com\/\" target=\"_blank\">Matz<\/a> f\u00fcr die heutige Frage!<\/b><br \/>\nNormalerweise habe ich beim Kauf schon eine ungef\u00e4hre Vorstellung, was draus werden k\u00f6nnte und f\u00fcr wen. Entsprechend wird die Menge kalkuliert. Ich gehe dabei eher nach Metern als nach Gramm, das hat sich f\u00fcr mich bew\u00e4hrt. <br \/>\nWenn man einige hundert Pullover gestrickt hat, hat man auch gewisse Erfahrungswerte. Die k\u00f6nnen aber auch t\u00e4uschen. Ein gro\u00dfer Teil meiner Produktion stammt aus der Zeit, als man lange, weite S\u00e4cke mit gerade angesetzten \u00c4rmeln trug. Die schlucken nat\u00fcrlich mehr Material als die moderneren, eher k\u00f6rpernahen Schnitte mit Armkugel. Im Zweifelsfall nehme ich allerdings lieber zuviel Garn als zuwenig. <\/p>\n<p><b>The <a href=\"http:\/\/board.stricknetz.net\/blog\/das-wollschaf\/index.php?showentry=4331\" target=\"_blank\">Wool Sheep<\/a> asks: If you buy yarn ahead, how much do you buy? Do you always buy enough for a sweater to avoid having only three balls of the most gorgeous yarn for the perfect project?<br \/>\nThank you <a href=\"http:\/\/okifushi-matz.blogspot.com\/\" target=\"_blank\">Matz<\/a> for today&#8217;s question!<\/b><br \/>\nI normally have a ballpark idea of what to make from a certain yarn and for whom. I calculate the necessary amount accordingly, and rather per length (so many meters) than per weight (so many grams). This has stood the test of time for me. <br \/>\nIf you have made hundreds of garments, you have some experience. Unfortunately, this experience can be misleading. A large portion of my production dates back to the time when sweaters were long and roomy with dropped shoulders. Of course they used up more yarn than their modern, fitting, counterparts. But if in doubt, I prefer buying too much yarn rather than not enough.<\/p>\n","protected":false},"excerpt":{"rendered":"<p>Das Wollschaf fragt: &#8220;Wenn ihr Wolle &#8221;auf Vorrat&#8220; \/ ein Schn\u00e4ppchen kauft, wie viel Gramm \/ wie viele Kn\u00e4uel sind es? Kauft Ihr immer genug f\u00fcr einen Pullover ein, damit ihr dann nicht mit dem genialsten Garn f\u00fcr genau dieses Projekt dasteht, davon aber nur 3 Kn\u00e4uel habt?&#8221; Herzlichen Dank an Matz f\u00fcr die heutige &hellip; <a href=\"https:\/\/www.strickforum.de\/blog\/die-verstrickte-dienstagsfrage-the-wool-sheeps-question-42009\/\" class=\"more-link\"><span class=\"screen-reader-text\">\u201eDie verstrickte Dienstagsfrage &#8211; the Wool Sheep&#8217;s question 4\/2009\u201c <\/span>weiterlesen<\/a><\/p>\n","protected":false},"author":3,"featured_media":0,"comment_status":"open","ping_status":"open","sticky":false,"template":"","format":"standard","meta":{"_seopress_robots_primary_cat":"","_seopress_titles_title":"","_seopress_titles_desc":"","_seopress_robots_index":"","_crdt_document":"","jetpack_post_was_ever_published":false,"_jetpack_newsletter_access":"","_jetpack_dont_email_post_to_subs":false,"_jetpack_newsletter_tier_id":0,"_jetpack_memberships_contains_paywalled_content":false,"_jetpack_memberships_contains_paid_content":false,"footnotes":"","jetpack_publicize_message":"","jetpack_publicize_feature_enabled":true,"jetpack_social_post_already_shared":false,"jetpack_social_options":{"image_generator_settings":{"template":"highway","default_image_id":0,"font":"","enabled":false},"version":2}},"categories":[6],"tags":[],"class_list":["post-625","post","type-post","status-publish","format-standard","hentry","category-6"],"jetpack_publicize_connections":[],"jetpack_featured_media_url":"","jetpack_sharing_enabled":true,"jetpack_shortlink":"https:\/\/wp.me\/p7JbSI-a5","jetpack-related-posts":[{"id":1777,"url":"https:\/\/www.strickforum.de\/blog\/nicht-ganz-passend-zur-jahreszeit\/","url_meta":{"origin":625,"position":0},"title":"Nicht ganz passend zur Jahreszeit","author":"Admin","date":"25. Mai 2014","format":false,"excerpt":"Wenn man f\u00fcrs Anfertigen eines Pullovers mehrere Wochen oder sogar Monate ben\u00f6tigt, tut man gut daran, antizyklisch zu stricken. Die Sommersachen sollte man also im Sp\u00e4twinter beginnen und die Wintersachen sp\u00e4testens Anfang Dezember beenden. Mit meinem k\u00fcrzlich fertig gewordenen Pullover liege ich ziemlich daneben. Immerhin ist es ein Leichtgewicht. Drei\u2026","rel":"","context":"In &quot;Stricken&quot;","block_context":{"text":"Stricken","link":"https:\/\/www.strickforum.de\/blog\/category\/3\/"},"img":{"alt_text":"","src":"","width":0,"height":0},"classes":[]},{"id":1606,"url":"https:\/\/www.strickforum.de\/blog\/multicolorgarn\/","url_meta":{"origin":625,"position":1},"title":"Multicolorgarn","author":"Admin","date":"17. August 2013","format":false,"excerpt":"Kennt Ihr das: Man kauft ein handgef\u00e4rbtes, mehrfarbiges Garn, das im Strang einfach unwiderstehlich sch\u00f6n aussieht. Dann versucht man es zu verstricken - und ist entt\u00e4uscht vom Ergebnis. Mir ging es vor einiger Zeit so mit Wollmeise-Garn in der Farbe \u201cMamba Samba\u201d, einem intensiven Gelb-Gr\u00fcn-Gemisch. Ich wollte einen Pullover stricken\u2026","rel":"","context":"In &quot;Stricken&quot;","block_context":{"text":"Stricken","link":"https:\/\/www.strickforum.de\/blog\/category\/3\/"},"img":{"alt_text":"","src":"","width":0,"height":0},"classes":[]},{"id":90,"url":"https:\/\/www.strickforum.de\/blog\/ein-strickgarn-ersetzen\/","url_meta":{"origin":625,"position":2},"title":"Ein Strickgarn ersetzen","author":"Admin","date":"27. November 2005","format":false,"excerpt":"Wer nach einer Anleitung aus einer Zeitschrift, einem Buch oder dem Internet stricken will, kennt das Problem: Nicht immer hat man das Garn zur Verf\u00fcgung, das in der Anleitung angegeben wird. Und so macht man sich auf die Suche nach einem Ersatzgarn, teils mehr, teils weniger erfolgreich, und gerade die\u2026","rel":"","context":"In &quot;Stricken&quot;","block_context":{"text":"Stricken","link":"https:\/\/www.strickforum.de\/blog\/category\/3\/"},"img":{"alt_text":"Pullover im B\u00e4rentatzenmuster","src":"https:\/\/i0.wp.com\/www.strickforum.de\/blog\/media\/1\/20051127-baerentatzenmuster.jpg?resize=350%2C200","width":350,"height":200},"classes":[]},{"id":207,"url":"https:\/\/www.strickforum.de\/blog\/die-letzten-socken-des-jahres\/","url_meta":{"origin":625,"position":3},"title":"Die letzten Socken des Jahres","author":"Admin","date":"19. Dezember 2006","format":false,"excerpt":"entstanden heute f\u00fcr eine Bekannte, die etwas Aufmunterung gebrauchen kann. Ich hatte den Auftrag erhalten, ein Paar sch\u00f6n bunte Socken zu stricken. Richtig buntes Sockengarn habe ich allerdings gar nicht vorr\u00e4tig, weil die, f\u00fcr die ich stricke (mich selbst inbegriffen), normalerweise nur gedeckte Farben haben m\u00f6chten. Also mu\u00dfte ich Garn\u2026","rel":"","context":"In &quot;Stricken&quot;","block_context":{"text":"Stricken","link":"https:\/\/www.strickforum.de\/blog\/category\/3\/"},"img":{"alt_text":"letzte Socken des Jahres \/ this year","src":"https:\/\/i0.wp.com\/www.strickforum.de\/blog\/media\/1\/20061219-last_socks.jpg?resize=350%2C200","width":350,"height":200},"classes":[]},{"id":2891,"url":"https:\/\/www.strickforum.de\/blog\/mein-erster-raglan-von-oben\/","url_meta":{"origin":625,"position":4},"title":"Mein erster Raglan von oben&#8230;","author":"Admin","date":"9. Dezember 2019","format":false,"excerpt":"beziehungsweise der erste von diversen angefangenen, der tats\u00e4chlich fertiggestellt wurde. Der weitaus gr\u00f6\u00dfte Teil meiner RVO-Versuche wurde fr\u00fcher oder sp\u00e4ter geribbelt. Eine Jacke hat noch Aussicht auf Vollendung, aber die soll heute nicht das Thema sein. Wie kam es zu diesem unerwarteten Erfolg? K\u00fcrzlich bat mich eine gute Bekannte, doch\u2026","rel":"","context":"In &quot;Stricken&quot;","block_context":{"text":"Stricken","link":"https:\/\/www.strickforum.de\/blog\/category\/3\/"},"img":{"alt_text":"Leibteil","src":"https:\/\/i0.wp.com\/www.strickforum.de\/blog\/wp-content\/uploads\/2019\/12\/8ply-baby-rvo_body.jpg?resize=350%2C200&ssl=1","width":350,"height":200,"srcset":"https:\/\/i0.wp.com\/www.strickforum.de\/blog\/wp-content\/uploads\/2019\/12\/8ply-baby-rvo_body.jpg?resize=350%2C200&ssl=1 1x, https:\/\/i0.wp.com\/www.strickforum.de\/blog\/wp-content\/uploads\/2019\/12\/8ply-baby-rvo_body.jpg?resize=525%2C300&ssl=1 1.5x, https:\/\/i0.wp.com\/www.strickforum.de\/blog\/wp-content\/uploads\/2019\/12\/8ply-baby-rvo_body.jpg?resize=700%2C400&ssl=1 2x"},"classes":[]},{"id":1860,"url":"https:\/\/www.strickforum.de\/blog\/selbstmusternde-sockenwolle\/","url_meta":{"origin":625,"position":5},"title":"Selbstmusternde Sockenwolle","author":"Admin","date":"26. Dezember 2014","format":false,"excerpt":"Dieses Paar Socken in Gr\u00f6\u00dfe 41 ist etwas zu sp\u00e4t fertig geworden, es sollte eigentlich ein Weihnachtsgeschenk werden. Gestrickt habe ich aus der Qualit\u00e4t ONLine Supersocke Farbe 1532, Fuchsia-Lila gestreift. Bei der ersten Socke w\u00e4hlte ich f\u00fcr den Anfang eigens einen halbwegs erkennbaren Farbwechsel im Streifenverlauf. F\u00fcr die zweite Socke\u2026","rel":"","context":"In &quot;Stricken&quot;","block_context":{"text":"Stricken","link":"https:\/\/www.strickforum.de\/blog\/category\/3\/"},"img":{"alt_text":"","src":"","width":0,"height":0},"classes":[]}],"_links":{"self":[{"href":"https:\/\/www.strickforum.de\/blog\/wp-json\/wp\/v2\/posts\/625","targetHints":{"allow":["GET"]}}],"collection":[{"href":"https:\/\/www.strickforum.de\/blog\/wp-json\/wp\/v2\/posts"}],"about":[{"href":"https:\/\/www.strickforum.de\/blog\/wp-json\/wp\/v2\/types\/post"}],"author":[{"embeddable":true,"href":"https:\/\/www.strickforum.de\/blog\/wp-json\/wp\/v2\/users\/3"}],"replies":[{"embeddable":true,"href":"https:\/\/www.strickforum.de\/blog\/wp-json\/wp\/v2\/comments?post=625"}],"version-history":[{"count":0,"href":"https:\/\/www.strickforum.de\/blog\/wp-json\/wp\/v2\/posts\/625\/revisions"}],"wp:attachment":[{"href":"https:\/\/www.strickforum.de\/blog\/wp-json\/wp\/v2\/media?parent=625"}],"wp:term":[{"taxonomy":"category","embeddable":true,"href":"https:\/\/www.strickforum.de\/blog\/wp-json\/wp\/v2\/categories?post=625"},{"taxonomy":"post_tag","embeddable":true,"href":"https:\/\/www.strickforum.de\/blog\/wp-json\/wp\/v2\/tags?post=625"}],"curies":[{"name":"wp","href":"https:\/\/api.w.org\/{rel}","templated":true}]}}